{"id":48696,"date":"2021-07-01T16:01:19","date_gmt":"2021-07-01T18:01:19","guid":{"rendered":"http:\/\/www2.comunitaria.com.br\/?p=48696"},"modified":"2021-07-01T16:01:19","modified_gmt":"2021-07-01T18:01:19","slug":"legislativo-aprova-convenio-para-tratamento-de-dependentes-quimicos-na-fazenda-cristo-rei","status":"publish","type":"post","link":"https:\/\/www2.comunitaria.com.br\/en\/legislativo-aprova-convenio-para-tratamento-de-dependentes-quimicos-na-fazenda-cristo-rei\/","title":{"rendered":"Legislativo aprova conv\u00eanio para tratamento de dependentes qu\u00edmicos na Fazenda Cristo Rei"},"content":{"rendered":"<p><i><span style=\"font-weight: 400;\">Proposta do executivo destina R$ 5 mil por m\u00eas para a entidade atender pacientes do munic\u00edpio&nbsp;<\/span><\/i><\/p>\n<p><span style=\"font-weight: 400;\">Todas as propostas votadas durante a sess\u00e3o ordin\u00e1ria desta ter\u00e7a-feira, 29, foram aprovadas por unanimidade pelos vereadores de Frederico Westphalen. Dentre elas o Projeto que autoriza o munic\u00edpio a celebrar convenio com a Comunidade Terap\u00eautica Fazenda Jesus Cristo Rei que atende e d\u00e1 suporte para pessoas e fam\u00edlias que lutam para se libertar da depend\u00eancia qu\u00edmica.<\/span><\/p>\n<p><em><span style=\"font-weight: 400;\">\u2013<\/span> <\/em><span style=\"font-weight: 400;\"><em>Este \u00e9 um projeto do executivo com duas frentes muito importantes, vai auxiliar na manuten\u00e7\u00e3o da institui\u00e7\u00e3o que conta com o trabalho de muitos volunt\u00e1rios, possibilitando melhorias no atendimento e nas condi\u00e7\u00f5es de trabalho e, busca auxiliar o poder p\u00fablico e as fam\u00edlias a enfrentar um problema social que precisa ser visto com mais \u00eanfase, pois tem devastado fam\u00edlias, empregos, vidas, que \u00e9 o uso de drogas<\/em> \u2013 pontou o presidente da casa legislativa, vereador Jorge Alan Souza.<\/span><\/p>\n<p><span style=\"font-weight: 400;\">A parceria com a fazenda terap\u00eautica visa a implementa\u00e7\u00e3o do projeto \u2018\u2019Resgatando Vidas \u2013 Tratamento para Depend\u00eancia Qu\u00edmica\u2019\u2019, em que o munic\u00edpio dever\u00e1 repassar mensalmente o aporte de R$ 5 mil para que a entidade acolha os pacientes dando suporte e tratamento para estes e suas fam\u00edlias.&nbsp;<\/span><\/p>\n<p><b>Cria\u00e7\u00e3o do Fundo Municipal do Idoso<\/b><\/p>\n<p><span style=\"font-weight: 400;\">Tamb\u00e9m aprovada por unanimidade, a proposta de atualiza\u00e7\u00e3o do conselho municipal do idoso, altera a Lei Municipal n\u00ba 3.939, de 2 de setembro de 2013, e regulamenta que o conselho ser\u00e1 composto por 10 membros titulares e 10 suplentes. Sendo um \u00f3rg\u00e3o permanente, parit\u00e1rio, deliberativo, formulador e controlador das pol\u00edticas p\u00fablicas e &nbsp; a\u00e7\u00f5es voltadas para o idoso no \u00e2mbito do Munic\u00edpio de Frederico Westphalen.<\/span><\/p>\n<p><span style=\"font-weight: 400;\">O mesmo projeto aprovou a cria\u00e7\u00e3o do Fundo Municipal do Idoso, indicado como essencial pelo legislativo municipal por ser um instrumento de capta\u00e7\u00e3o e aplica\u00e7\u00e3o de recursos, com a finalidade de proporcionar apoio e suporte financeiro para a implanta\u00e7\u00e3o, manuten\u00e7\u00e3o e desenvolvimento de planos, programas, projetos e a\u00e7\u00f5es voltadas aos atendimentos dos idosos. \u201cEsse fundo era uma necessidade no munic\u00edpio que foi elencada como uma das a\u00e7\u00f5es a serem realizadas pelo Conselho Regional de Contabilidade para poder receber o percentual do Imposto de Renda declarado e tamb\u00e9m uma ferramenta a mais para alocar recursos nas a\u00e7\u00f5es para as pessoas idosas al\u00e9m dos cofres municipais\u201d, disse o vereador Leandro Mazzutti.<\/span><\/p>\n<p><span style=\"font-weight: 400;\">Ainda foi aprovado com emenda modificativa o projeto autoriza a contrata\u00e7\u00e3o tempor\u00e1ria de motorista para atua\u00e7\u00e3o 40 horas semanais na Secret\u00e1ria municipal de Educa\u00e7\u00e3o e Cultura. Na justificativa o munic\u00edpio aponta como necess\u00e1ria tal contrata\u00e7\u00e3o pois o motorista que atuava, at\u00e9 ent\u00e3o, no transporte dos estudantes junto a Linha Pedras Brancas e a Linha S\u00e3o Crist\u00f3v\u00e3o, se aposentou. A emenda altera o prazo do contrato emergencial de um ano para seis meses prorrog\u00e1vel por igual per\u00edodo.<\/span><\/p>\n<p><span style=\"font-weight: 400;\">A sess\u00e3o teve ainda o Grande Expediente, momento para a livre manifesta\u00e7\u00e3o dos vereadores que trouxeram diversos temas para a comunidade. A integra da sess\u00e3o est\u00e1 dispon\u00edvel no Facebook da C\u00e2mara Municipal de Frederico Westphalen.<\/span><\/p>\n<p>&nbsp;<\/p>\n<p><b>Propostas apresentadas pelo legislativo&nbsp;<\/b><\/p>\n<p><span style=\"font-weight: 400;\">MO\u00c7\u00c3O DE APLAUSO N\u00ba 07\/2021- \u00c0 policiais por atos de bravura, ser\u00e3o condecorados por atuaram em a\u00e7\u00f5es de salvamentos.<\/span><\/p>\n<p><span style=\"font-weight: 400;\">INDICA\u00c7\u00c3O N\u00ba 51\/2021- Reforma do abrigo dos taxistas na rua Jo\u00e3o Muniz Reis, pelo estado da estrutura que j\u00e1 \u00e9 antiga, deixando os taxistas expostos ao tempo.<\/span><\/p>\n<p><span style=\"font-weight: 400;\">PEDIDO DE PROVID\u00caNCIA N\u00ba 09\/2021- Solicita que se providencie o patrolamento, cascalhamento e compacta\u00e7\u00e3o de rolo, na estrada que liga a BR-386 at\u00e9 a Linha Progresso, passando pelos avi\u00e1rios de frango.<\/span><\/p>\n<p>&nbsp;<\/p>\n<p><em>*ASCOM C\u00e2mara de Vereadores de FW<\/em><\/p>","protected":false},"excerpt":{"rendered":"<p>Proposta do executivo destina R$ 5 mil por m\u00eas para a entidade atender pacientes do munic\u00edpio&nbsp; Todas as propostas votadas durante a sess\u00e3o ordin\u00e1ria desta ter\u00e7a-feira, 29, foram aprovadas por&#8230;<\/p>","protected":false},"author":2,"featured_media":48698,"comment_status":"open","ping_status":"closed","sticky":false,"template":"","format":"standard","meta":{"ngg_post_thumbnail":0,"footnotes":""},"categories":[33],"tags":[4655,6164],"class_list":["post-48696","post","type-post","status-publish","format-standard","has-post-thumbnail","hentry","category-noticias","tag-radiocomunitariafw","tag-vereadores-de-fredericowestphalen"],"amp_enabled":true,"_links":{"self":[{"href":"https:\/\/www2.comunitaria.com.br\/en\/wp-json\/wp\/v2\/posts\/48696","targetHints":{"allow":["GET"]}}],"collection":[{"href":"https:\/\/www2.comunitaria.com.br\/en\/wp-json\/wp\/v2\/posts"}],"about":[{"href":"https:\/\/www2.comunitaria.com.br\/en\/wp-json\/wp\/v2\/types\/post"}],"author":[{"embeddable":true,"href":"https:\/\/www2.comunitaria.com.br\/en\/wp-json\/wp\/v2\/users\/2"}],"replies":[{"embeddable":true,"href":"https:\/\/www2.comunitaria.com.br\/en\/wp-json\/wp\/v2\/comments?post=48696"}],"version-history":[{"count":0,"href":"https:\/\/www2.comunitaria.com.br\/en\/wp-json\/wp\/v2\/posts\/48696\/revisions"}],"wp:featuredmedia":[{"embeddable":true,"href":"https:\/\/www2.comunitaria.com.br\/en\/wp-json\/wp\/v2\/media\/48698"}],"wp:attachment":[{"href":"https:\/\/www2.comunitaria.com.br\/en\/wp-json\/wp\/v2\/media?parent=48696"}],"wp:term":[{"taxonomy":"category","embeddable":true,"href":"https:\/\/www2.comunitaria.com.br\/en\/wp-json\/wp\/v2\/categories?post=48696"},{"taxonomy":"post_tag","embeddable":true,"href":"https:\/\/www2.comunitaria.com.br\/en\/wp-json\/wp\/v2\/tags?post=48696"}],"curies":[{"name":"wp","href":"https:\/\/api.w.org\/{rel}","templated":true}]}}