{"id":48576,"date":"2021-06-24T22:55:32","date_gmt":"2021-06-25T00:55:32","guid":{"rendered":"http:\/\/www2.comunitaria.com.br\/?p=48576"},"modified":"2021-06-24T22:55:32","modified_gmt":"2021-06-25T00:55:32","slug":"comissao-aprova-pl-que-afeta-terras-indigenas","status":"publish","type":"post","link":"https:\/\/www2.comunitaria.com.br\/en\/comissao-aprova-pl-que-afeta-terras-indigenas\/","title":{"rendered":"Comiss\u00e3o aprova PL que afeta terras ind\u00edgenas"},"content":{"rendered":"<p><em>O PL aprovado permite constru\u00e7\u00f5es de hidrel\u00e9tricas, de garimpos e facilita o acesso a povos isolados.<\/em><\/p>\n<p>A Comiss\u00e3o de Constitui\u00e7\u00e3o, Cidadania e Justi\u00e7a (CCJ) aprovou o texto base do Projeto de Lei 490\/2007, o que encerra as manifesta\u00e7\u00f5es que t\u00eam acontecido h\u00e1 semanas por todo o pa\u00eds, feitas por diversas etnias ind\u00edgenas contra a aprova\u00e7\u00e3o do PL.<\/p>\n<p>O PL 490\/2007 dificulta a demarca\u00e7\u00e3o de terras ind\u00edgenas ao exigir comprova\u00e7\u00e3o de posse para qualquer terra ocupada depois de cinco de outubro de 1988, o dia da promulga\u00e7\u00e3o da Constitui\u00e7\u00e3o Federal. Mesmo terras que correspondam \u00e0s normas n\u00e3o poder\u00e3o requerer por amplia\u00e7\u00e3o de territ\u00f3rio. Ademais, o Projeto de Lei facilita o acesso a tribos isoladas, al\u00e9m de facilitar o acesso do agroneg\u00f3cio, da minera\u00e7\u00e3o e da constru\u00e7\u00e3o de hidrel\u00e9tricas.<\/p>\n<p>Em 2008, a Comiss\u00e3o de Direitos Humanos e Minorias reprovou o PL ap\u00f3s ter sido aprovado pela Comiss\u00e3o de Agricultura, Pecu\u00e1ria, Abastecimento e Desenvolvimento Rural. O texto do relator Arthur Oliveira Maia (DEM-BA), que foi aprovado nesta quarta-feira, 23, teve press\u00e3o para aprova\u00e7\u00e3o feita por ruralistas e apoiadores do atual governo.&nbsp;<\/p>\n<p>As manifesta\u00e7\u00f5es em Bras\u00edlia foram marcadas pela viol\u00eancia da pol\u00edcia contra os ind\u00edgenas, enquanto em Frederico Westphalen foram pac\u00edficas, sem nenhum confronto, apenas a obstru\u00e7\u00e3o do tr\u00e2nsito. O texto seguir\u00e1 para a C\u00e2mara dos Deputados e ao Senado Federal, ainda n\u00e3o tem data para pr\u00f3xima vota\u00e7\u00e3o.&nbsp;<\/p>","protected":false},"excerpt":{"rendered":"<p>O PL aprovado permite constru\u00e7\u00f5es de hidrel\u00e9tricas, de garimpos e facilita o acesso a povos isolados. A Comiss\u00e3o de Constitui\u00e7\u00e3o, Cidadania e Justi\u00e7a (CCJ) aprovou o texto base do Projeto de Lei 490\/2007, o que encerra as manifesta\u00e7\u00f5es que t\u00eam acontecido h\u00e1 semanas por todo o pa\u00eds, feitas por diversas etnias ind\u00edgenas contra a aprova\u00e7\u00e3o<\/p>\n<div class=\"read-more-wrapper\"><a class=\"read-more\" href=\"https:\/\/www2.comunitaria.com.br\/en\/comissao-aprova-pl-que-afeta-terras-indigenas\/\" title=\"Read More\"> <span class=\"button\">Read More<\/span><\/a><\/div>","protected":false},"author":2,"featured_media":48577,"comment_status":"open","ping_status":"closed","sticky":false,"template":"","format":"standard","meta":{"ngg_post_thumbnail":0,"footnotes":""},"categories":[47,33,38],"tags":[],"class_list":["post-48576","post","type-post","status-publish","format-standard","has-post-thumbnail","hentry","category-brasil","category-noticias","category-politica"],"amp_enabled":true,"_links":{"self":[{"href":"https:\/\/www2.comunitaria.com.br\/en\/wp-json\/wp\/v2\/posts\/48576","targetHints":{"allow":["GET"]}}],"collection":[{"href":"https:\/\/www2.comunitaria.com.br\/en\/wp-json\/wp\/v2\/posts"}],"about":[{"href":"https:\/\/www2.comunitaria.com.br\/en\/wp-json\/wp\/v2\/types\/post"}],"author":[{"embeddable":true,"href":"https:\/\/www2.comunitaria.com.br\/en\/wp-json\/wp\/v2\/users\/2"}],"replies":[{"embeddable":true,"href":"https:\/\/www2.comunitaria.com.br\/en\/wp-json\/wp\/v2\/comments?post=48576"}],"version-history":[{"count":0,"href":"https:\/\/www2.comunitaria.com.br\/en\/wp-json\/wp\/v2\/posts\/48576\/revisions"}],"wp:featuredmedia":[{"embeddable":true,"href":"https:\/\/www2.comunitaria.com.br\/en\/wp-json\/wp\/v2\/media\/48577"}],"wp:attachment":[{"href":"https:\/\/www2.comunitaria.com.br\/en\/wp-json\/wp\/v2\/media?parent=48576"}],"wp:term":[{"taxonomy":"category","embeddable":true,"href":"https:\/\/www2.comunitaria.com.br\/en\/wp-json\/wp\/v2\/categories?post=48576"},{"taxonomy":"post_tag","embeddable":true,"href":"https:\/\/www2.comunitaria.com.br\/en\/wp-json\/wp\/v2\/tags?post=48576"}],"curies":[{"name":"wp","href":"https:\/\/api.w.org\/{rel}","templated":true}]}}