{"id":48565,"date":"2021-06-24T14:35:38","date_gmt":"2021-06-24T16:35:38","guid":{"rendered":"http:\/\/www2.comunitaria.com.br\/?p=48565"},"modified":"2021-06-24T14:35:38","modified_gmt":"2021-06-24T16:35:38","slug":"mais-frederico-agro-libera-mais-de-r-150-mil-em-incentivos","status":"publish","type":"post","link":"https:\/\/www2.comunitaria.com.br\/en\/mais-frederico-agro-libera-mais-de-r-150-mil-em-incentivos\/","title":{"rendered":"Mais Frederico Agro libera mais de R$ 150 mil em incentivos"},"content":{"rendered":"<p><i><span style=\"font-weight: 400;\">Projetos aprovados s\u00e3o grandes investimentos que v\u00e3o gerar renda e empregos, al\u00e9m de garantir que a sucess\u00e3o familiar nas propriedades rurais e retorno financeiro ao munic\u00edpio<\/span><\/i><\/p>\n<p><span style=\"font-weight: 400;\">O programa Mais Frederico Agro \u2013 Lei Municipal n\u00ba 4.850, de 14 de abril de 2021 \u2013 est\u00e1 alavancando o crescimento do setor prim\u00e1rio de Frederico Westphalen. Prova disso s\u00e3o os pedidos de incentivos que est\u00e3o sendo analisados e aprovados. No dia 11 de junho, a Comiss\u00e3o de Acompanhamento e Fiscaliza\u00e7\u00e3o do Programa Mais Frederico Agro, composta pelo prefeito, Jos\u00e9 Alberto Panosso, o vice-prefeito, Jo\u00e3o Vendruscolo, pela secret\u00e1ria da Fazenda, Simone Duarti, pelos secret\u00e1rios da Agricultura, Gildo Bussatto, e de Ind\u00fastria, Com\u00e9rcio e Turismo, Alessandro Molossi, pelo professor da Universidade Regional Integrada (URI), campus de Frederico Westphalen, Ezequiel Albarello, e peloo presidente do Sindicato dos Trabalhadores Rurais (STR), Amarildo Manfio, se reuniu para analisar e aprovar incentivos atrav\u00e9s do programa para quatro projetos. Al\u00e9m disso, outros dois est\u00e3o em fase de apresenta\u00e7\u00e3o de documentos.<\/span><\/p>\n<p><span style=\"font-weight: 400;\"><em>\u201cOs projetos aprovados s\u00e3o grandes investimentos e que v\u00e3o gerar renda e empregos, al\u00e9m de garantir que haja sucess\u00e3o familiar nas propriedades rurais e gerar retorno financeiro ao munic\u00edpio<\/em>\u201d, destacou o prefeito Jos\u00e9 Alberto Panosso.<\/span><\/p>\n<p><b>Iniciativas que receber\u00e3o apoio<\/b><\/p>\n<p><span style=\"font-weight: 400;\">Dentre os projetos apresentados, dois deles s\u00e3o para a constru\u00e7\u00e3o de <\/span><i><span style=\"font-weight: 400;\">Compost Barn<\/span><\/i><span style=\"font-weight: 400;\"> para o abrigo de vacas de leite, sendo um para cem vacas e outro para 40 animais. Outros projetos s\u00e3o um galp\u00e3o de alimenta\u00e7\u00e3o e sala de ordenha para 30 animais e um avi\u00e1rio para alojamento de 300 mil aves\/ano.<\/span><\/p>\n<p><span style=\"font-weight: 400;\">Ap\u00f3s an\u00e1lise da documenta\u00e7\u00e3o e do estudo de viabilidade econ\u00f4mica, os quatro pedidos de ades\u00e3o ao programa foram aprovados por unanimidade pela Comiss\u00e3o.<\/span><\/p>\n<p><span style=\"font-weight: 400;\"><em>\u201cO Mais Frederico Agro representa um novo marco nos investimentos no setor prim\u00e1rio em Frederico Westphalen. Com o programa garantimos desburocratiza\u00e7\u00e3o e incentivamos os agricultores a seguirem investindo em nosso munic\u00edpio\u201d,<\/em> comemorou o prefeito em exerc\u00edcio de Frederico Westphalen, Jo\u00e3o Vendruscolo.<\/span><\/p>\n<p><b>Sucess\u00e3o familiar<\/b><\/p>\n<p><span style=\"font-weight: 400;\">Conforme o secret\u00e1rio da Agricultura, Gildo Bussatto, at\u00e9 o momento, todos os projetos apresentados \u00e0 Comiss\u00e3o s\u00e3o de iniciativa de jovens, o que evidencia a sucess\u00e3o familiar nas propriedades rurais.<\/span><\/p>\n<p><b>Mais Frederico Agro<\/b><\/p>\n<p><span style=\"font-weight: 400;\">De acordo com a Lei n\u00ba 4.850, de 14 de abril de 2021, que institui o programa Mais Frederico Agro, o agricultor contrata uma empresa para executar os trabalhos de terraplanagem e a Prefeitura o reembolsa no valor correspondente a R$ 12,00 por metro quadrado de constru\u00e7\u00e3o, at\u00e9 o limite de R$ 50 mil.<\/span><\/p>\n<p><span style=\"font-weight: 400;\">Conforme Bussatto, o programa garante que v\u00e1rios empreendimentos sejam constru\u00eddos ao mesmo tempo e possibilita que os servi\u00e7os realizados pela Prefeitura sigam sendo realizados, pois as m\u00e1quinas p\u00fablicas n\u00e3o precisam ser utilizadas nas obras dos agricultores.<\/span><\/p>\n<p><span style=\"font-weight: 400;\"><em>\u201cCom o Mais Frederico Agro, a Secretaria da Agricultura n\u00e3o compromete suas m\u00e1quinas com esses trabalhos, podendo as empregar nas melhorias de estradas e acessos, por exemplo\u201d<\/em>, ressaltou Bussatto.<\/span><\/p>\n<p><b>Mais informa\u00e7\u00f5es<\/b><\/p>\n<p><span style=\"font-weight: 400;\">Os agricultores interessados em aderir ao programa podem obter mais informa\u00e7\u00f5es junto \u00e0 Secretaria da Agricultura ou pelo telefone (55) 3744-6784.<\/span><\/p>\n<p>&nbsp;<\/p>\n<p><em>*ASCOM Prefeitura Municipal&nbsp;<\/em><\/p>","protected":false},"excerpt":{"rendered":"<p>Projetos aprovados s\u00e3o grandes investimentos que v\u00e3o gerar renda e empregos, al\u00e9m de garantir que a sucess\u00e3o familiar nas propriedades rurais e retorno financeiro ao munic\u00edpio O programa Mais Frederico&#8230;<\/p>","protected":false},"author":2,"featured_media":48567,"comment_status":"open","ping_status":"closed","sticky":false,"template":"","format":"standard","meta":{"ngg_post_thumbnail":0,"footnotes":""},"categories":[33],"tags":[],"class_list":["post-48565","post","type-post","status-publish","format-standard","has-post-thumbnail","hentry","category-noticias"],"amp_enabled":true,"_links":{"self":[{"href":"https:\/\/www2.comunitaria.com.br\/en\/wp-json\/wp\/v2\/posts\/48565","targetHints":{"allow":["GET"]}}],"collection":[{"href":"https:\/\/www2.comunitaria.com.br\/en\/wp-json\/wp\/v2\/posts"}],"about":[{"href":"https:\/\/www2.comunitaria.com.br\/en\/wp-json\/wp\/v2\/types\/post"}],"author":[{"embeddable":true,"href":"https:\/\/www2.comunitaria.com.br\/en\/wp-json\/wp\/v2\/users\/2"}],"replies":[{"embeddable":true,"href":"https:\/\/www2.comunitaria.com.br\/en\/wp-json\/wp\/v2\/comments?post=48565"}],"version-history":[{"count":0,"href":"https:\/\/www2.comunitaria.com.br\/en\/wp-json\/wp\/v2\/posts\/48565\/revisions"}],"wp:featuredmedia":[{"embeddable":true,"href":"https:\/\/www2.comunitaria.com.br\/en\/wp-json\/wp\/v2\/media\/48567"}],"wp:attachment":[{"href":"https:\/\/www2.comunitaria.com.br\/en\/wp-json\/wp\/v2\/media?parent=48565"}],"wp:term":[{"taxonomy":"category","embeddable":true,"href":"https:\/\/www2.comunitaria.com.br\/en\/wp-json\/wp\/v2\/categories?post=48565"},{"taxonomy":"post_tag","embeddable":true,"href":"https:\/\/www2.comunitaria.com.br\/en\/wp-json\/wp\/v2\/tags?post=48565"}],"curies":[{"name":"wp","href":"https:\/\/api.w.org\/{rel}","templated":true}]}}