{"id":48543,"date":"2021-06-23T18:04:51","date_gmt":"2021-06-23T20:04:51","guid":{"rendered":"http:\/\/www2.comunitaria.com.br\/?p=48543"},"modified":"2021-06-23T18:04:51","modified_gmt":"2021-06-23T20:04:51","slug":"troco-solidario-e-vedacao-de-contratacoes-de-condenados-sao-debatidos-no-legislativo","status":"publish","type":"post","link":"https:\/\/www2.comunitaria.com.br\/en\/troco-solidario-e-vedacao-de-contratacoes-de-condenados-sao-debatidos-no-legislativo\/","title":{"rendered":"Troco solid\u00e1rio e veda\u00e7\u00e3o de contrata\u00e7\u00f5es de condenados s\u00e3o debatidos no legislativo"},"content":{"rendered":"<p><i><span style=\"font-weight: 400;\">Proposta para contrata\u00e7\u00e3o de servidor t\u00e9cnico para servi\u00e7os gerais na C\u00e2mara foi aprovada<\/span><\/i><\/p>\n<p><span style=\"font-weight: 400;\">Os vereadores da 17\u00aa legislatura apresentaram em sess\u00e3o ordin\u00e1ria, na \u00faltima ter\u00e7a-feira, 22, duas propostas de lei, a primeira delas, de autoria do vereador Jacques Douglas de Oliveira, institui o programa Troco Solid\u00e1rio e a segunda, de autoria do vereador Giovani Sarturi, que veda a contrata\u00e7\u00e3o para cargos em comiss\u00e3o no executivo e legislativo, de pessoas que tenham sido condenadas pela Lei Maria da Penha. Ambas as propostas est\u00e3o baixadas nas comiss\u00f5es permanentes da c\u00e2mara para avalia\u00e7\u00e3o dos edis.<\/span><\/p>\n<p><span style=\"font-weight: 400;\">O Projeto de Lei da mesa diretora, que autoriza a para contrata\u00e7\u00e3o em car\u00e1ter tempor\u00e1rio e emergencial, por meio de processo seletivo, de auxiliar de servi\u00e7os gerais, com carga hor\u00e1ria de 40 horas semanais, pelo prazo de seis meses prorrog\u00e1vel por igual per\u00edodo, foi aprovado por unanimidade pelos edis. \u201c<em>\u00c9 um servidor essencial para funcionamento desta casa legislativa, porque al\u00e9m das sess\u00f5es nas ter\u00e7as-feiras, esse espa\u00e7o que \u00e9 da comunidade \u00e9 utilizado por diversas entidades e manter organizado e limpo \u00e9 fun\u00e7\u00e3o deste servidor\u201d<\/em>, salientou o vereador Jacques Douglas de Oliveira durante a discuss\u00e3o da proposta.<\/span><\/p>\n<p><span style=\"font-weight: 400;\">De origem do executivo, os vereadores e a comunidade, tiveram conhecimento, do projeto que autoriza a parceria com a Comunidade Terap\u00eautica Fazenda Senhor Jesus Cristo Rei.<\/span><\/p>\n<p><span style=\"font-weight: 400;\">Al\u00e9m dos projetos, duas indica\u00e7\u00f5es foram apresentadas na sess\u00e3o:<\/span><\/p>\n<p><span style=\"font-weight: 400;\">INDICA\u00c7\u00c3O N\u00ba 48\/2021- Elabora\u00e7\u00e3o de programas ambientais que visem a recupera\u00e7\u00e3o de c\u00f3rregos e riachos, bem como, reflorestamento das matas ciliares no Munic\u00edpio. De autoria do vereador Antonio Luiz Pinheiro.<\/span><\/p>\n<p><span style=\"font-weight: 400;\">INDICA\u00c7\u00c3O N\u00ba 49\/2021- De do vereador Leandro Mazutti juntamente com a bancada do PSDB e do Progressistas, visa a implanta\u00e7\u00e3o de Patrulha Agr\u00edcola para atender os agricultores das linhas Barra do Braga e Garlet.<\/span><\/p>\n<p>&nbsp;<\/p>\n<p><em>*ASCOM C\u00e2mara de Vereadores&nbsp;<\/em><\/p>","protected":false},"excerpt":{"rendered":"<p>Proposta para contrata\u00e7\u00e3o de servidor t\u00e9cnico para servi\u00e7os gerais na C\u00e2mara foi aprovada Os vereadores da 17\u00aa legislatura apresentaram em sess\u00e3o ordin\u00e1ria, na \u00faltima ter\u00e7a-feira, 22, duas propostas de lei,&#8230;<\/p>","protected":false},"author":2,"featured_media":48545,"comment_status":"open","ping_status":"closed","sticky":false,"template":"","format":"standard","meta":{"ngg_post_thumbnail":0,"footnotes":""},"categories":[33],"tags":[82,6149,6148],"class_list":["post-48543","post","type-post","status-publish","format-standard","has-post-thumbnail","hentry","category-noticias","tag-frederico-westphalen","tag-programa-troco-solidario","tag-troco-solidario"],"amp_enabled":true,"_links":{"self":[{"href":"https:\/\/www2.comunitaria.com.br\/en\/wp-json\/wp\/v2\/posts\/48543","targetHints":{"allow":["GET"]}}],"collection":[{"href":"https:\/\/www2.comunitaria.com.br\/en\/wp-json\/wp\/v2\/posts"}],"about":[{"href":"https:\/\/www2.comunitaria.com.br\/en\/wp-json\/wp\/v2\/types\/post"}],"author":[{"embeddable":true,"href":"https:\/\/www2.comunitaria.com.br\/en\/wp-json\/wp\/v2\/users\/2"}],"replies":[{"embeddable":true,"href":"https:\/\/www2.comunitaria.com.br\/en\/wp-json\/wp\/v2\/comments?post=48543"}],"version-history":[{"count":0,"href":"https:\/\/www2.comunitaria.com.br\/en\/wp-json\/wp\/v2\/posts\/48543\/revisions"}],"wp:featuredmedia":[{"embeddable":true,"href":"https:\/\/www2.comunitaria.com.br\/en\/wp-json\/wp\/v2\/media\/48545"}],"wp:attachment":[{"href":"https:\/\/www2.comunitaria.com.br\/en\/wp-json\/wp\/v2\/media?parent=48543"}],"wp:term":[{"taxonomy":"category","embeddable":true,"href":"https:\/\/www2.comunitaria.com.br\/en\/wp-json\/wp\/v2\/categories?post=48543"},{"taxonomy":"post_tag","embeddable":true,"href":"https:\/\/www2.comunitaria.com.br\/en\/wp-json\/wp\/v2\/tags?post=48543"}],"curies":[{"name":"wp","href":"https:\/\/api.w.org\/{rel}","templated":true}]}}