{"id":4837,"date":"2015-07-10T16:46:15","date_gmt":"2015-07-10T18:46:15","guid":{"rendered":"http:\/\/www2.comunitaria.com.br\/?p=4837"},"modified":"2015-07-10T16:49:05","modified_gmt":"2015-07-10T18:49:05","slug":"alto-risco-de-temporais-e-chuvas-fortes-esta-previsto-para-os-proximos-dias","status":"publish","type":"post","link":"https:\/\/www2.comunitaria.com.br\/en\/alto-risco-de-temporais-e-chuvas-fortes-esta-previsto-para-os-proximos-dias\/","title":{"rendered":"Alto risco de temporais e chuvas fortes est\u00e1 previsto para os pr\u00f3ximos dias"},"content":{"rendered":"<p>A chuva que vem atingindo o estado do Rio Grande do Sul n\u00e3o vai dar tr\u00e9gua na pr\u00f3xima semana. Um alto risco de temporais e chuvas fortes est\u00e1 previsto. A possibilidade de cheias e alagamento n\u00e3o \u00e9 descartada, o que preocupa a divisa com Santa Catarina, onde se localiza a bacia do Rio Uruguai.<\/p>\n<p>O modelo europeu projeta 200 mm a 300 mm em sete dias no M\u00e9dio e Alto Uruguai. Outros modelos preveem 100 mm a 200 mm. Alguns dos modelos consultados n\u00e3o limitam a chuva excessiva \u00e0 divisa com Santa Catarina.<\/p>\n<p>Em geral, no Rio Grande do Sul o dia de maior risco de tempestades \u00e9 na segunda-feira, especialmente sobre a Metade Norte do Estado.\u00a0Segundo a MetSul Meteorologia, a previs\u00e3o de tempo firme s\u00f3 ocorre a partir de ter\u00e7a-feira.<br \/>\n<strong>Foto: Divulga\u00e7\u00e3o<\/strong><\/p>","protected":false},"excerpt":{"rendered":"<p>A chuva que vem atingindo o estado do Rio Grande do Sul n\u00e3o vai dar tr\u00e9gua na pr\u00f3xima semana. Um alto risco de temporais e chuvas fortes est\u00e1 previsto. A possibilidade de cheias e alagamento n\u00e3o \u00e9 descartada, o que preocupa a divisa com Santa Catarina, onde se localiza a bacia do Rio Uruguai. O<\/p>\n<div class=\"read-more-wrapper\"><a class=\"read-more\" href=\"https:\/\/www2.comunitaria.com.br\/en\/alto-risco-de-temporais-e-chuvas-fortes-esta-previsto-para-os-proximos-dias\/\" title=\"Read More\"> <span class=\"button\">Read More<\/span><\/a><\/div>","protected":false},"author":2,"featured_media":4838,"comment_status":"open","ping_status":"closed","sticky":false,"template":"","format":"standard","meta":{"ngg_post_thumbnail":0,"footnotes":""},"categories":[46,145,43],"tags":[1172,179,712],"class_list":["post-4837","post","type-post","status-publish","format-standard","has-post-thumbnail","hentry","category-estado","category-previsao-do-tempo","category-regiao","tag-chuvas","tag-previsao-do-tempo-2","tag-temporal"],"amp_enabled":true,"_links":{"self":[{"href":"https:\/\/www2.comunitaria.com.br\/en\/wp-json\/wp\/v2\/posts\/4837","targetHints":{"allow":["GET"]}}],"collection":[{"href":"https:\/\/www2.comunitaria.com.br\/en\/wp-json\/wp\/v2\/posts"}],"about":[{"href":"https:\/\/www2.comunitaria.com.br\/en\/wp-json\/wp\/v2\/types\/post"}],"author":[{"embeddable":true,"href":"https:\/\/www2.comunitaria.com.br\/en\/wp-json\/wp\/v2\/users\/2"}],"replies":[{"embeddable":true,"href":"https:\/\/www2.comunitaria.com.br\/en\/wp-json\/wp\/v2\/comments?post=4837"}],"version-history":[{"count":0,"href":"https:\/\/www2.comunitaria.com.br\/en\/wp-json\/wp\/v2\/posts\/4837\/revisions"}],"wp:featuredmedia":[{"embeddable":true,"href":"https:\/\/www2.comunitaria.com.br\/en\/wp-json\/wp\/v2\/media\/4838"}],"wp:attachment":[{"href":"https:\/\/www2.comunitaria.com.br\/en\/wp-json\/wp\/v2\/media?parent=4837"}],"wp:term":[{"taxonomy":"category","embeddable":true,"href":"https:\/\/www2.comunitaria.com.br\/en\/wp-json\/wp\/v2\/categories?post=4837"},{"taxonomy":"post_tag","embeddable":true,"href":"https:\/\/www2.comunitaria.com.br\/en\/wp-json\/wp\/v2\/tags?post=4837"}],"curies":[{"name":"wp","href":"https:\/\/api.w.org\/{rel}","templated":true}]}}