{"id":4828,"date":"2015-07-10T14:57:13","date_gmt":"2015-07-10T16:57:13","guid":{"rendered":"http:\/\/www2.comunitaria.com.br\/?p=4828"},"modified":"2015-07-10T14:57:13","modified_gmt":"2015-07-10T16:57:13","slug":"rs-tem-15-hospitais-fechados-ou-com-atendimentos-reduzidos","status":"publish","type":"post","link":"https:\/\/www2.comunitaria.com.br\/en\/rs-tem-15-hospitais-fechados-ou-com-atendimentos-reduzidos\/","title":{"rendered":"RS tem 15 hospitais fechados ou com atendimentos reduzidos"},"content":{"rendered":"<p><em>Crise financeira do Estado afeta repasses para a \u00e1rea da sa\u00fade. Conselho das Secretarias Municipais diz que cen\u00e1rio \u00e9 de colapso.<\/em><\/p>\n<p>Apesar das promessas do Pal\u00e1cio Piratini, a crise nas finan\u00e7as do governo ga\u00facho afeta servi\u00e7os essenciais como a sa\u00fade. Segundo o Conselho das Secretarias Municipais de Sa\u00fade (Cosems-RS), pelo menos 15 hospitais est\u00e3o fechados ou com atendimentos suspensos em fun\u00e7\u00e3o da falta de dinheiro.<\/p>\n<p>Desses, tr\u00eas est\u00e3o totalmente fechados: o Hospital de Passo do Sobrado; o Hospital Alcides Brum, de Santa Maria, com todos os atendimentos pelo SUS parados; e o Hospital Nossa Senhora do Livramento, de Gua\u00edba, fechado desde a segunda-feira (6).<\/p>\n<div id=\"4310039\" class=\"video componente_materia\" data-height=\"200\" data-width=\"320\">\n<div class=\"wm-poster-wrapper\">\n<div class=\"wm-poster-inner-wrapper\">\n<div class=\"wm-poster-play\">\u00a0Outras 12 institui\u00e7\u00f5es est\u00e3o com atendimento reduzido: o Hospital de Cardiologia, de Viam\u00e3o; a Santa Casa de Jaguar\u00e3o; a Funda\u00e7\u00e3o Hospital Santa Terezinha, de Erechim; a Unidade de Pronto Atendimento de Cruz Alta, a Santa Casa de\u00a0Porto Alegre; o Hospital Centen\u00e1rio, de S\u00e3o Leopoldo; o Hospital de Montenegro; o hospital S\u00e3o Carlos, de Farroupilha; o Hospital Santa Luzia, de Cap\u00e3o da Canoa; o Hospital Nossa Senhora dos Navegantes, de Torres; o Hospital Bom Pastor, de Santo Augusto; e o Hospital Silvio Scopel, de Cerro Branco.<\/div>\n<\/div>\n<\/div>\n<\/div>\n<p>A situa\u00e7\u00e3o fez o Cosems-RS entrar com uma a\u00e7\u00e3o na Justi\u00e7a pedindo o pagamento por parte do estado dos recursos atrasados para as institui\u00e7\u00f5es de sa\u00fade, referentes ao m\u00eas de maio, junho e julho. A liminar, no entanto, foi negada pelo Tribunal de Justi\u00e7a.<\/p>\n<p>\u201cA situa\u00e7\u00e3o, a cada hora que a gente conversa com os munic\u00edpios, n\u00f3s temos novas not\u00edcias de suspens\u00e3o de atendimento. Temos tamb\u00e9m outras situa\u00e7\u00f5es como dificuldade de aquisi\u00e7\u00e3o de medicamentos, de insumos. Ou seja, o cen\u00e1rio nos induz a uma situa\u00e7\u00e3o de colapso\u201d, diz o presidente do Cosems-RS e secret\u00e1rio de Sa\u00fade de Canoas, Marcelo B\u00f3sio.<\/p>\n<div id=\"4310034\" class=\"video componente_materia\" data-height=\"200\" data-width=\"320\">\n<div class=\"wm-poster-wrapper\">\n<div class=\"wm-poster-inner-wrapper\">\n<div class=\"wm-poster-play\">\u00a0<strong>Outros hospitais podem parar<\/strong><\/div>\n<\/div>\n<\/div>\n<\/div>\n<p>A situa\u00e7\u00e3o que j\u00e1 \u00e9 cr\u00edtica pode piorar ainda mais. Nos pr\u00f3ximos dias, outras institui\u00e7\u00f5es j\u00e1 anunciaram que podem fechar ou reduzir atendimentos, como o Hospital de Caridade de Cangu\u00e7u, no Sul do estado.<\/p>\n<p>Em Santana do Livramento, no Fronteira Oeste, os funcion\u00e1rios da Santa Casa anunciaram que v\u00e3o entrar em greve a partir desta sexta (10) por causa da falta do pagamento de sal\u00e1rios. Apenas 30% dos funcion\u00e1rios v\u00e3o seguir prestando servi\u00e7o, conforme a lei.<\/p>\n<p>Nesta quarta (8), os trabalhadores fizeram uma caminhada pelas ruas da cidade pra protestar. Eles reclamam do atraso no pagamento dos sal\u00e1rios. O prefeito Glauber Lima garantiu que o hospital n\u00e3o vai fechar.<\/p>\n<p>A Santa Casa \u00e9 o \u00fanico hospital da cidade que atende pelo SUS. Hoje, o hospital conta com 141 leitos, destes, 105 s\u00e3o p\u00fablicos. Por causa da falta de recursos, a dire\u00e7\u00e3o do hospital n\u00e3o descarta a possibilidade de redu\u00e7\u00e3o do n\u00famero de leitos do SUS.<\/p>\n<p><strong>G1\/RS<\/strong><\/p>\n<p><strong>Foto: Divulga\u00e7\u00e3o<\/strong><\/p>","protected":false},"excerpt":{"rendered":"<p>Crise financeira do Estado afeta repasses para a \u00e1rea da sa\u00fade. Conselho das Secretarias Municipais diz que cen\u00e1rio \u00e9 de colapso. Apesar das promessas do Pal\u00e1cio Piratini, a crise nas&#8230;<\/p>","protected":false},"author":2,"featured_media":4829,"comment_status":"open","ping_status":"closed","sticky":false,"template":"","format":"standard","meta":{"ngg_post_thumbnail":0,"footnotes":""},"categories":[46,33,37],"tags":[1167,438,909,175],"class_list":["post-4828","post","type-post","status-publish","format-standard","has-post-thumbnail","hentry","category-estado","category-noticias","category-saude","tag-crise-financeira","tag-fechado","tag-hospitais","tag-saude-2"],"amp_enabled":true,"_links":{"self":[{"href":"https:\/\/www2.comunitaria.com.br\/en\/wp-json\/wp\/v2\/posts\/4828","targetHints":{"allow":["GET"]}}],"collection":[{"href":"https:\/\/www2.comunitaria.com.br\/en\/wp-json\/wp\/v2\/posts"}],"about":[{"href":"https:\/\/www2.comunitaria.com.br\/en\/wp-json\/wp\/v2\/types\/post"}],"author":[{"embeddable":true,"href":"https:\/\/www2.comunitaria.com.br\/en\/wp-json\/wp\/v2\/users\/2"}],"replies":[{"embeddable":true,"href":"https:\/\/www2.comunitaria.com.br\/en\/wp-json\/wp\/v2\/comments?post=4828"}],"version-history":[{"count":0,"href":"https:\/\/www2.comunitaria.com.br\/en\/wp-json\/wp\/v2\/posts\/4828\/revisions"}],"wp:featuredmedia":[{"embeddable":true,"href":"https:\/\/www2.comunitaria.com.br\/en\/wp-json\/wp\/v2\/media\/4829"}],"wp:attachment":[{"href":"https:\/\/www2.comunitaria.com.br\/en\/wp-json\/wp\/v2\/media?parent=4828"}],"wp:term":[{"taxonomy":"category","embeddable":true,"href":"https:\/\/www2.comunitaria.com.br\/en\/wp-json\/wp\/v2\/categories?post=4828"},{"taxonomy":"post_tag","embeddable":true,"href":"https:\/\/www2.comunitaria.com.br\/en\/wp-json\/wp\/v2\/tags?post=4828"}],"curies":[{"name":"wp","href":"https:\/\/api.w.org\/{rel}","templated":true}]}}