{"id":48219,"date":"2021-06-07T15:43:06","date_gmt":"2021-06-07T17:43:06","guid":{"rendered":"http:\/\/www2.comunitaria.com.br\/?p=48219"},"modified":"2021-06-07T15:43:06","modified_gmt":"2021-06-07T17:43:06","slug":"sicredi-alto-uruguai-rs-sc-mg-inaugura-sexta-agencia-em-minas-gerais","status":"publish","type":"post","link":"https:\/\/www2.comunitaria.com.br\/en\/sicredi-alto-uruguai-rs-sc-mg-inaugura-sexta-agencia-em-minas-gerais\/","title":{"rendered":"Sicredi Alto Uruguai RS\/SC\/MG inaugura sexta ag\u00eancia em Minas Gerais"},"content":{"rendered":"<p><strong><em>Esta \u00e9 a segunda no munic\u00edpio de Pouso Alegre e foi inaugurada na sexta-feira, 4, na presen\u00e7a de lideran\u00e7as locais, e de representantes da Cooperativa<\/em><\/strong><\/p>\n<p>O Sicredi, institui\u00e7\u00e3o financeira cooperativa, tem na sua ess\u00eancia trilhar um caminho coletivo, oferecendo solu\u00e7\u00f5es inteligentes para o desenvolvimento dos associados e da sociedade onde est\u00e1 inserido, sempre visando o crescimento conjunto. Com este intuito e comprometida com a expans\u00e3o para o sul mineiro, a Sicredi Alto Uruguai RS\/SC\/MG \u2013\u2013 instalou mais uma ag\u00eancia em Pouso Alegre\/MG, no bairro S\u00e3o Jo\u00e3o, que tem mais de 30 mil habitantes e n\u00e3o contava ainda com nenhuma institui\u00e7\u00e3o financeira. A inaugura\u00e7\u00e3o aconteceu na sexta-feira, 4, com p\u00fablico restrito em fun\u00e7\u00e3o da pandemia. Algumas lideran\u00e7as, como o prefeito, Rafael Sim\u00f5es, seu vice, Coronel Jos\u00e9 Dimas da Silva Fonseca, o deputado estadual, Paulo Valdir Ferreira, o presidente da C\u00e2mara Municipal de Vereadores, Bruno Dias, al\u00e9m de demais representantes do Poder Legislativo, de entidades locais, do bairro e do empreendimento cooperativo estiveram presentes. O momento fez parte tamb\u00e9m das comemora\u00e7\u00f5es dos 40 anos da Cooperativa, e foi transmitido pelo Facebook e Youtube.<\/p>\n<p>A primeira ag\u00eancia Sicredi na cidade abriu as portas em novembro de 2019, e j\u00e1 conta com mais de 1,6 mil associados. Com o novo espa\u00e7o, o Sul Mineiro possui seis ag\u00eancias da Cooperativa, totalizando mais de oito mil associados no Estado. A soma de todos os associados da Sicredi Alto Uruguai RS\/SC\/MG ultrapassa os 93 mil, distribu\u00eddos em 32 ag\u00eancias, sediadas em 30 cidades.<\/p>\n<p>Segundo o gerente, Felipe Lazzaretti, desde a chegada da Cooperativa no munic\u00edpio, toda a equipe teve um excelente acolhimento. <em>\u201cCom esta boa receptividade, foi poss\u00edvel propagarmos a for\u00e7a do cooperativismo nesta cidade t\u00e3o pujante e de grandes oportunidades. Estamos felizes por estarmos inaugurando a segunda ag\u00eancia aqui, porque acreditamos muito na for\u00e7a desta popula\u00e7\u00e3o. Tamb\u00e9m conseguimos firmar parcerias com entidades e institui\u00e7\u00f5es, e, com isso, estamos buscando desenvolver nosso prop\u00f3sito, acreditando que uma sociedade melhor constru\u00edmos juntos, unindo for\u00e7as, proporcionando um relacionamento pr\u00f3ximo e simples\u201d,<\/em> relata Lazzaretti.<\/p>\n<p>Da mesma forma, a respons\u00e1vel pela ag\u00eancia inaugurada, Talita da Rocha, comenta sobre a satisfa\u00e7\u00e3o de estar com espa\u00e7o no bairro S\u00e3o Jo\u00e3o. <em>\u201cPassamos os \u00faltimos 45 dias fazendo visitas, falando de cooperativismo, e isso refor\u00e7ou a certeza que foi uma \u00f3tima escolha abrimos a ag\u00eancia aqui, especialmente pela boa receptividade que tivemos. Estamos felizes em compartilhar nossas experi\u00eancias e de externar que somos uma Cooperativa feita de pessoas para pessoas. Queremos estar cada vez mais pr\u00f3ximos de cada associado e de toda a sociedade local. Contem conosco\u201d<\/em>, enaltece Talita.<\/p>\n<p>Destacando a evolu\u00e7\u00e3o da Cooperativa no Sul de Minas Gerais, a presidente Angelita Marisa Cadon\u00e1 afirma que Pouso Alegre \u00e9 um munic\u00edpio muito especial, pois faz parte de uma grande regi\u00e3o pujante, que cresce muito. \u201c<em>E n\u00f3s, enquanto Cooperativa, desejamos nos engajar nesta evolu\u00e7\u00e3o e acreditamos que temos muito a contribuir, pois queremos ser uma institui\u00e7\u00e3o da comunidade, que vive os desafios, os sonhos e que se engaja nas a\u00e7\u00f5es realizadas. Queremos continuar crescendo com este munic\u00edpio, apoiando tamb\u00e9m o desenvolvimento atrav\u00e9s de nossos programas sociais, que envolvem desde crian\u00e7as at\u00e9 pessoas da melhor idade. Acreditamos tanto no potencial desta cidade, que estamos estruturando a abertura de novas ag\u00eancias aqui, pois temos certeza dos bons resultados que alcan\u00e7aremos. Nosso agradecimento a todos pela acolhida e por acreditarem no nosso modelo de trabalho\u201d,<\/em> salienta a presidente.<\/p>\n<p><strong>Poder Executivo<\/strong><\/p>\n<p>Em nome da popula\u00e7\u00e3o de Pouso Alegre\/MG, o prefeito, Rafael Sim\u00f5es, disse que o munic\u00edpio se sente muito honrado em contar com mais uma ag\u00eancia do Sicredi, pois a Cooperativa j\u00e1 demonstrou ser grande parceria da comunidade.<em> \u201cEstamos felizes em fazer parte desta grande institui\u00e7\u00e3o e tenho certeza que o nosso povo, que \u00e9 ordeiro e trabalhador, apoiar\u00e1 o desenvolvimento deste empreendimento, porque tamb\u00e9m j\u00e1 notou que o Sicredi tem vis\u00e3o de futuro, \u00e9 uma institui\u00e7\u00e3o de ponta e veio para fazer a diferen\u00e7a na nossa cidade\u201d,<\/em> finaliza o gestor.<\/p>\n<p>&nbsp;<\/p>\n<p><em>*Divulga\u00e7\u00e3o SICREDI&nbsp;<\/em><\/p>","protected":false},"excerpt":{"rendered":"<p>Esta \u00e9 a segunda no munic\u00edpio de Pouso Alegre e foi inaugurada na sexta-feira, 4, na presen\u00e7a de lideran\u00e7as locais, e de representantes da Cooperativa O Sicredi, institui\u00e7\u00e3o financeira cooperativa,&#8230;<\/p>","protected":false},"author":2,"featured_media":48221,"comment_status":"open","ping_status":"closed","sticky":false,"template":"","format":"standard","meta":{"ngg_post_thumbnail":0,"footnotes":""},"categories":[33],"tags":[],"class_list":["post-48219","post","type-post","status-publish","format-standard","has-post-thumbnail","hentry","category-noticias"],"amp_enabled":true,"_links":{"self":[{"href":"https:\/\/www2.comunitaria.com.br\/en\/wp-json\/wp\/v2\/posts\/48219","targetHints":{"allow":["GET"]}}],"collection":[{"href":"https:\/\/www2.comunitaria.com.br\/en\/wp-json\/wp\/v2\/posts"}],"about":[{"href":"https:\/\/www2.comunitaria.com.br\/en\/wp-json\/wp\/v2\/types\/post"}],"author":[{"embeddable":true,"href":"https:\/\/www2.comunitaria.com.br\/en\/wp-json\/wp\/v2\/users\/2"}],"replies":[{"embeddable":true,"href":"https:\/\/www2.comunitaria.com.br\/en\/wp-json\/wp\/v2\/comments?post=48219"}],"version-history":[{"count":0,"href":"https:\/\/www2.comunitaria.com.br\/en\/wp-json\/wp\/v2\/posts\/48219\/revisions"}],"wp:featuredmedia":[{"embeddable":true,"href":"https:\/\/www2.comunitaria.com.br\/en\/wp-json\/wp\/v2\/media\/48221"}],"wp:attachment":[{"href":"https:\/\/www2.comunitaria.com.br\/en\/wp-json\/wp\/v2\/media?parent=48219"}],"wp:term":[{"taxonomy":"category","embeddable":true,"href":"https:\/\/www2.comunitaria.com.br\/en\/wp-json\/wp\/v2\/categories?post=48219"},{"taxonomy":"post_tag","embeddable":true,"href":"https:\/\/www2.comunitaria.com.br\/en\/wp-json\/wp\/v2\/tags?post=48219"}],"curies":[{"name":"wp","href":"https:\/\/api.w.org\/{rel}","templated":true}]}}