{"id":48210,"date":"2021-06-07T12:02:20","date_gmt":"2021-06-07T14:02:20","guid":{"rendered":"http:\/\/www2.comunitaria.com.br\/?p=48210"},"modified":"2021-06-07T12:02:20","modified_gmt":"2021-06-07T14:02:20","slug":"associado-de-fw-recebe-mais-de-r-45-mil-em-sorteio-do-seguro-de-vida","status":"publish","type":"post","link":"https:\/\/www2.comunitaria.com.br\/en\/associado-de-fw-recebe-mais-de-r-45-mil-em-sorteio-do-seguro-de-vida\/","title":{"rendered":"Associado de FW recebe mais de R$ 45 mil em sorteio do seguro de vida"},"content":{"rendered":"<p><strong><em>A entrega simb\u00f3lica do recurso para Luiz Cesar Trevisol foi surpresa <\/em><\/strong><\/p>\n<p>Chamado para comparecer a sua ag\u00eancia Sicredi, no Centro de Frederico Westphalen\/RS, o associado h\u00e1 21 anos da Cooperativa, Luiz Cesar Trevisol, nem imaginava o que o esperava. Assim que pode, mesmo sem saber o motivo, atendeu ao pedido do gestor da sua conta, colaborador Renan Buriol, e recebeu a not\u00edcia que foi ganhador do sorteio do seguro de vida, no valor bruto de R$ 45.918,51. O an\u00fancio foi feito ao som dos parab\u00e9ns, estouro de bal\u00f5es e de pap\u00e9is picados.<\/p>\n<p><em>\u2013 Eu n\u00e3o imaginava que tinha sido premiado, foi uma alegria muito grande e me emociono s\u00f3 de lembrar da surpresa que recebi. O dinheiro veio em muito boa hora, pois h\u00e1 tempo eu queria fazer um galp\u00e3o para confinamento das vacas e n\u00e3o conseguia, pela falta de recursos. Agora, vou aplicar o valor nesta obra. Tenho meu filho, que est\u00e1 estudando e com o tempo vai assumir a propriedade. Esse dinheiro vai ser mais um incentivo para ele ficar conosco \u2013<\/em> alegra-se Trevisol, que tem seguro de vida h\u00e1 mais de nove anos.<\/p>\n<p>O diretor de Neg\u00f3cios, Andr\u00e9 Zanon, afirma que ter seguro de vida proporciona garantia e prote\u00e7\u00e3o a toda fam\u00edlia.<em> \u201cEstamos satisfeitos, porque nos \u00faltimos anos, atrav\u00e9s de sorteios, realizados junto com a Icatu Seguros \u2013 nossa parceria de d\u00e9cadas \u2013, foi entregue mais de R$ 1,4 milh\u00e3o aos associados, que podem aproveitar os valores em vida, junto de seus familiares. Ent\u00e3o, quem ainda n\u00e3o tem seguro de vida, pode procurar uma ag\u00eancia Sicredi e conhecer as alternativas que temos, escolhendo a que melhor atende a sua necessidade\u201d,<\/em> explica Zanon.<\/p>\n<p>&nbsp;<\/p>\n<p><em>*Divulga\u00e7\u00e3o&nbsp; Sicredi&nbsp;<\/em><\/p>","protected":false},"excerpt":{"rendered":"<p>A entrega simb\u00f3lica do recurso para Luiz Cesar Trevisol foi surpresa Chamado para comparecer a sua ag\u00eancia Sicredi, no Centro de Frederico Westphalen\/RS, o associado h\u00e1 21 anos da Cooperativa,&#8230;<\/p>","protected":false},"author":2,"featured_media":48212,"comment_status":"open","ping_status":"closed","sticky":false,"template":"","format":"standard","meta":{"ngg_post_thumbnail":0,"footnotes":""},"categories":[33],"tags":[5798,218,2719],"class_list":["post-48210","post","type-post","status-publish","format-standard","has-post-thumbnail","hentry","category-noticias","tag-associados-sicredi","tag-sicredi","tag-sicredi-alto-uruguai"],"amp_enabled":true,"_links":{"self":[{"href":"https:\/\/www2.comunitaria.com.br\/en\/wp-json\/wp\/v2\/posts\/48210","targetHints":{"allow":["GET"]}}],"collection":[{"href":"https:\/\/www2.comunitaria.com.br\/en\/wp-json\/wp\/v2\/posts"}],"about":[{"href":"https:\/\/www2.comunitaria.com.br\/en\/wp-json\/wp\/v2\/types\/post"}],"author":[{"embeddable":true,"href":"https:\/\/www2.comunitaria.com.br\/en\/wp-json\/wp\/v2\/users\/2"}],"replies":[{"embeddable":true,"href":"https:\/\/www2.comunitaria.com.br\/en\/wp-json\/wp\/v2\/comments?post=48210"}],"version-history":[{"count":0,"href":"https:\/\/www2.comunitaria.com.br\/en\/wp-json\/wp\/v2\/posts\/48210\/revisions"}],"wp:featuredmedia":[{"embeddable":true,"href":"https:\/\/www2.comunitaria.com.br\/en\/wp-json\/wp\/v2\/media\/48212"}],"wp:attachment":[{"href":"https:\/\/www2.comunitaria.com.br\/en\/wp-json\/wp\/v2\/media?parent=48210"}],"wp:term":[{"taxonomy":"category","embeddable":true,"href":"https:\/\/www2.comunitaria.com.br\/en\/wp-json\/wp\/v2\/categories?post=48210"},{"taxonomy":"post_tag","embeddable":true,"href":"https:\/\/www2.comunitaria.com.br\/en\/wp-json\/wp\/v2\/tags?post=48210"}],"curies":[{"name":"wp","href":"https:\/\/api.w.org\/{rel}","templated":true}]}}