{"id":48131,"date":"2021-06-02T11:32:05","date_gmt":"2021-06-02T13:32:05","guid":{"rendered":"http:\/\/www2.comunitaria.com.br\/?p=48131"},"modified":"2021-06-02T11:32:05","modified_gmt":"2021-06-02T13:32:05","slug":"vacina-so-13-da-populacao-com-comorbidades-recebeu-a-primeira-dose","status":"publish","type":"post","link":"https:\/\/www2.comunitaria.com.br\/en\/vacina-so-13-da-populacao-com-comorbidades-recebeu-a-primeira-dose\/","title":{"rendered":"Vacina: s\u00f3 13% da popula\u00e7\u00e3o com comorbidades recebeu a primeira dose"},"content":{"rendered":"<p>A primeira dose da vacina contra a covid-19 foi aplicada em apenas 13,2% dos brasileiros com at\u00e9 60 anos e que tenha pelo menos uma comorbidade. Eram 230.742 imunizadas parcialmente em 4 de maio, e 4.177.491 no dia 25. J\u00e1 o n\u00famero dos que receberam as duas doses passou de 32.556 para 103.530 no mesmo per\u00edodo.<\/p>\n<p>Apesar da aparente grande quantidade de imunizados com a primeira dose, o avan\u00e7o \u00e9 t\u00edmido. Isso porque nesse grupo priorit\u00e1rio est\u00e3o 31 milh\u00f5es de pessoas, conforme estimativa da&nbsp;Pesquisa Nacional de Sa\u00fade\/IBGE. No entanto, o dado n\u00e3o \u00e9 o mesmo adotado pelo Minist\u00e9rio da Sa\u00fade no Plano Nacional de Vacina\u00e7\u00e3o, que aponta cerca de 17,7 milh\u00f5es de pessoas.<\/p>\n<p>Os dados s\u00e3o do mais recente levantamento de pesquisadores do Instituto de Medicina Social da Uerj, Instituto de Estudos em Sa\u00fade Coletiva da UFRJ e Departamento de Medicina Preventiva da Faculdade de Medicina da USP. E chamam aten\u00e7\u00e3o para o pequeno n\u00famero de imunizados entre os grupos priorit\u00e1rios como um todo.<\/p>\n<p class=\"ckeditor-subtitle\"><strong>Risco aumentado<\/strong><\/p>\n<p>S\u00e3o consideradas comorbidades a press\u00e3o alta, diabetes, doen\u00e7as do cora\u00e7\u00e3o, como infarto, angina e insufici\u00eancia card\u00edaca, entre outras. Acidente vascular cerebral, asma, doen\u00e7as pulmonares cr\u00f4nicas, como enfisema e bronquite, entre outras. Al\u00e9m dessas condi\u00e7\u00f5es, o c\u00e2ncer, insufici\u00eancia renal cr\u00f4nica e obesidade. Todas essas condi\u00e7\u00f5es aumentam o risco de complica\u00e7\u00f5es da infec\u00e7\u00e3o pelo novo coronav\u00edrus e de morte.<\/p>\n<p>Embora parte das pessoas com comorbidades tenha 60 anos ou mais \u2013 grupo dos idosos \u2013 muitas t\u00eam de 18 at\u00e9 59 anos e podem estar no grupo dos profissionais de sa\u00fade.<\/p>\n<p>Como ainda n\u00e3o foi alcan\u00e7ada a cobertura vacinal satisfat\u00f3ria entre idosos e&nbsp;profissionais de sa\u00fade, muitas delas n\u00e3o foram at\u00e9 agora imunizadas. E as da faixa et\u00e1ria de 18 a 59 anos que n\u00e3o integra outra popula\u00e7\u00e3o priorit\u00e1ria j\u00e1 vacinada, a perspectiva de imuniza\u00e7\u00e3o ainda \u00e9 incerta, segundo os pesquisadores.<\/p>\n<p class=\"ckeditor-subtitle\"><strong>Vacina\u00e7\u00e3o lenta<\/strong><\/p>\n<p>Em 27 de maio, o Minist\u00e9rio da Sa\u00fade alterou o Plano de Operacionaliza\u00e7\u00e3o da Vacina\u00e7\u00e3o contra a Covid-19, determinando uma nova estrat\u00e9gia de imuniza\u00e7\u00e3o, conforme faixa et\u00e1ria em ordem decrescente de idade.<\/p>\n<p>E decidiu passar \u00e0 frente, em rela\u00e7\u00e3o ao ordenamento antes estabelecido, os trabalhadores de educa\u00e7\u00e3o de todos os n\u00edveis de ensino dos setores p\u00fablico e privado, estimados em 3,4 milh\u00f5es de pessoas pelo governo federal, ou seja, demandam 6,8 milh\u00f5es de doses de vacinas.<\/p>\n<p>\u201cEnquanto isso, a vacina\u00e7\u00e3o, bem como o registro de informa\u00e7\u00f5es sobre doses aplicadas, seguem lentos ou at\u00e9 mesmo paralisados em muitos locais, demonstrando dificuldades de alcan\u00e7ar as popula\u00e7\u00f5es mais vulner\u00e1veis anteriormente definidas pelo Minist\u00e9rio da Sa\u00fade.<\/p>\n<p class=\"ckeditor-subtitle\"><strong>Dificuldades<\/strong><\/p>\n<p>At\u00e9 25 de maio, foram aplicadas 56,5 milh\u00f5es de doses no pa\u00eds, sendo 65% da vacina CoronaVac. Entre a popula\u00e7\u00e3o de 60 a 69 anos, 79% tinham recebido a primeira dose da vacina e apenas 25% a segunda; de 70 a 79 anos, 91% receberam uma dose e 73% completaram a segunda dose; e entre aqueles com 80 anos ou mais, 92% foram vacinados com a primeira e 59% com a segunda dose.<\/p>\n<p>As recentes dificuldades na distribui\u00e7\u00e3o de doses das vacinas CoronaVac e Covishield (AstraZeneca-Oxford) impedem o avan\u00e7o na cobertura vacinal com duas doses no pa\u00eds. \u00c9 urgente a amplia\u00e7\u00e3o da oferta de vacinas e a ado\u00e7\u00e3o de medidas de busca ativa, convoca\u00e7\u00e3o e garantia do acesso dos grupos priorit\u00e1rios \u00e0 imuniza\u00e7\u00e3o completa, com duas doses\u201d, diz trecho do relat\u00f3rio.<\/p>\n<p class=\"ckeditor-subtitle\">O n\u00famero de vacinados em outros grupos priorit\u00e1rios tamb\u00e9m \u00e9 preocupante<\/p>\n<p>41% dos idosos com mais de 80 anos ainda n\u00e3o completaram a segunda dose. Nesta popula\u00e7\u00e3o, houve aumento de apenas 4% na cobertura de segunda dose ao longo da \u00faltima semana.<\/p>\n<p>41% dos idosos com mais de 80 anos ainda n\u00e3o completaram a segunda dose. Nesta popula\u00e7\u00e3o, houve aumento de apenas 4% na<br \/>\ncobertura de segunda dose ao longo da \u00faltima semana.<\/p>\n<p>33% dos profissionais de sa\u00fade ainda n\u00e3o foram imunizados com a segunda dose. Nesta popula\u00e7\u00e3o, houve aumento de apenas 3% na<br \/>\ncobertura de segunda dose ao longo da \u00faltima semana.<\/p>\n<p>37% dos idosos de 70 a 79 anos ainda n\u00e3o receberam a segunda dose. Houve aumento de apenas 7% na cobertura de segunda dose ao longo da \u00faltima semana neste grupo.<\/p>\n<p>Mais de 3,8 milh\u00f5es de pessoas que tomaram a primeira dose da vacina Coronavac ainda n\u00e3o receberam a segunda dose, mesmo ap\u00f3s os 28 dias preconizados entre uma dose e outra.<\/p>\n<p>Mais de 560 mil pessoas que receberam a primeira dose da vacina Covishield (AstraZeneca-Oxford) n\u00e3o tomaram ainda a segunda dose, considerando o intervalo de 90 dias preconizado entre as duas doses.<\/p>\n<p>&nbsp;<\/p>\n<p><em>*Brasil de Fato&nbsp;<\/em><\/p>","protected":false},"excerpt":{"rendered":"<p>A primeira dose da vacina contra a covid-19 foi aplicada em apenas 13,2% dos brasileiros com at\u00e9 60 anos e que tenha pelo menos uma comorbidade. Eram 230.742 imunizadas parcialmente em 4 de maio, e 4.177.491 no dia 25. J\u00e1 o n\u00famero dos que receberam as duas doses passou de 32.556 para 103.530 no mesmo<\/p>\n<div class=\"read-more-wrapper\"><a class=\"read-more\" href=\"https:\/\/www2.comunitaria.com.br\/en\/vacina-so-13-da-populacao-com-comorbidades-recebeu-a-primeira-dose\/\" title=\"Read More\"> <span class=\"button\">Read More<\/span><\/a><\/div>","protected":false},"author":2,"featured_media":48133,"comment_status":"open","ping_status":"closed","sticky":false,"template":"","format":"standard","meta":{"ngg_post_thumbnail":0,"footnotes":""},"categories":[33],"tags":[6105,4655,5322,56,6106,5576],"class_list":["post-48131","post","type-post","status-publish","format-standard","has-post-thumbnail","hentry","category-noticias","tag-comorbidades","tag-radiocomunitariafw","tag-vacina-no-rio-grande-do-sul","tag-vacinacao","tag-vacinacao-lenta","tag-vacinacao-no-brasil"],"amp_enabled":true,"_links":{"self":[{"href":"https:\/\/www2.comunitaria.com.br\/en\/wp-json\/wp\/v2\/posts\/48131","targetHints":{"allow":["GET"]}}],"collection":[{"href":"https:\/\/www2.comunitaria.com.br\/en\/wp-json\/wp\/v2\/posts"}],"about":[{"href":"https:\/\/www2.comunitaria.com.br\/en\/wp-json\/wp\/v2\/types\/post"}],"author":[{"embeddable":true,"href":"https:\/\/www2.comunitaria.com.br\/en\/wp-json\/wp\/v2\/users\/2"}],"replies":[{"embeddable":true,"href":"https:\/\/www2.comunitaria.com.br\/en\/wp-json\/wp\/v2\/comments?post=48131"}],"version-history":[{"count":0,"href":"https:\/\/www2.comunitaria.com.br\/en\/wp-json\/wp\/v2\/posts\/48131\/revisions"}],"wp:featuredmedia":[{"embeddable":true,"href":"https:\/\/www2.comunitaria.com.br\/en\/wp-json\/wp\/v2\/media\/48133"}],"wp:attachment":[{"href":"https:\/\/www2.comunitaria.com.br\/en\/wp-json\/wp\/v2\/media?parent=48131"}],"wp:term":[{"taxonomy":"category","embeddable":true,"href":"https:\/\/www2.comunitaria.com.br\/en\/wp-json\/wp\/v2\/categories?post=48131"},{"taxonomy":"post_tag","embeddable":true,"href":"https:\/\/www2.comunitaria.com.br\/en\/wp-json\/wp\/v2\/tags?post=48131"}],"curies":[{"name":"wp","href":"https:\/\/api.w.org\/{rel}","templated":true}]}}