{"id":48128,"date":"2021-06-02T11:27:48","date_gmt":"2021-06-02T13:27:48","guid":{"rendered":"http:\/\/www2.comunitaria.com.br\/?p=48128"},"modified":"2021-06-02T11:27:48","modified_gmt":"2021-06-02T13:27:48","slug":"um-ano-do-caso-miguel-patroa-que-deixou-crianca-cair-do-9o-andar-segue-sem-punicao","status":"publish","type":"post","link":"https:\/\/www2.comunitaria.com.br\/en\/um-ano-do-caso-miguel-patroa-que-deixou-crianca-cair-do-9o-andar-segue-sem-punicao\/","title":{"rendered":"Um ano do caso Miguel: patroa que deixou crian\u00e7a cair do 9\u00ba andar segue sem puni\u00e7\u00e3o"},"content":{"rendered":"<p>H\u00e1 um ano, em&nbsp;2 de junho de 2020, o menino Miguel Ot\u00e1vio Santana da Silva caiu do 9\u00ba andar de um pr\u00e9dio em um condom\u00ednio de luxo, no&nbsp;Recife (PE). A m\u00e3e dele, Mirtes Renata Santana de Souza, havia deixado a crian\u00e7a sob os cuidados da patroa,&nbsp;Sar\u00ed C\u00f4rte Real, enquanto passeava com o cachorro da fam\u00edlia dos chefes.<\/p>\n<p>Sar\u00ed se&nbsp;comprometeu a ficar com a crian\u00e7a&nbsp;por 10 ou 15 minutos. Nesse tempo, Miguel quis buscar a m\u00e3e e a patroa&nbsp;permitiu que ele entrasse no elevador sozinho. No 5\u00ba andar,&nbsp;ela apertou o bot\u00e3o do \u00faltimo piso, mesmo ciente de que a crian\u00e7a buscava o t\u00e9rreo.<\/p>\n<p>Ap\u00f3s a entrada de Miguel no elevador, a&nbsp;ex-primeira dama&nbsp;voltou ao apartamento para ser atendida por uma manicure. O menino, de cinco anos,&nbsp;apertou outros bot\u00f5es aleatoriamente e desceu no 9\u00ba andar, de onde cairia acidentalmente minutos depois, de uma altura de 35 metros.<\/p>\n<p>Apesar de ter sido presa em flagrante, Sar\u00ed foi&nbsp;solta pouco depois, ap\u00f3s pagamento de fian\u00e7a no valor de R$ 20 mil. O processo na justi\u00e7a&nbsp;seguem at\u00e9 hoje sem conclus\u00e3o. Quando a morte do menino&nbsp;ocorreu, o marido da patroa, S\u00e9rgio Hacker (PSB), era prefeito de Tamandar\u00e9, cidade da Zona da Mata sul de Pernambuco.<\/p>\n<p>A fam\u00edlia de Miguel questiona pontos do processo. No m\u00eas passado, uma testemunha convocada pela defesa de Sar\u00ed prestou depoimento sem a presen\u00e7a da equipe que representa a m\u00e3e de Miguel, procedimento irregular.<\/p>\n<p>Em outro caso, o Minist\u00e9rio P\u00fablico do Trabalho acusou o ex-prefeito por improbidade administrativa, ap\u00f3s descobrir que ele mantinha Mirtes e a m\u00e3e dela,&nbsp;Marta Santana, como funcion\u00e1rias da Prefeitura de Tamandar\u00e9.&nbsp;O casal foi condenado&nbsp;a pagar indeniza\u00e7\u00e3o R$ 386 mil por dano moral coletivo, mas recorreu.<\/p>\n<p><strong>Luta por justi\u00e7a<\/strong><\/p>\n<p>At\u00e9 o pr\u00f3ximo s\u00e1bado, 5, movimentos populares organizam a Semana Internacional Menino Miguel. Ser\u00e3o realizadas atividades em diversos locais do pa\u00eds e virtualmente. Nesta quarta-feira (2), a m\u00e3e de Miguel participar\u00e1 de um ato no Recife.<\/p>\n<p>A Caminhada por Miguel ter\u00e1 concentra\u00e7\u00e3o em frente ao Pal\u00e1cio da Justi\u00e7a, a partir das 14h. Os manifestantes v\u00e3o se dirigir at\u00e9 o condom\u00ednio de luxo onde o menino morreu.&nbsp;Haver\u00e1 eventos tamb\u00e9m em S\u00e3o Paulo, Rio de Janeiro, Rio Branco, Bras\u00edlia e&nbsp;Recife.<\/p>\n<p>Em declara\u00e7\u00e3o aos movimentos que acompanham o&nbsp; caso, Mirtes afirmou:&nbsp;<em>\u201cPara mim a pior dor foi tomar ci\u00eancia da linha de defesa que os advogados de Sar\u00ed est\u00e3o operando: o discurso deles busca nitidamente adultizar Miguel e infantilizar Sari&#8221;.<\/em><\/p>\n<p>A m\u00e3e de Miguel considera a narrativa&nbsp;&#8220;uma barbaridade, de uma crueldade imensa&#8221; e ressalta que os advogados da ex-patroa querem retratar o menino&nbsp;como uma crian\u00e7a incontrol\u00e1vel e responsabiliz\u00e1-lo pela pr\u00f3pria morte.&nbsp;<\/p>\n<p>Uma&nbsp;<a href=\"https:\/\/www.change.org\/p\/pol%C3%ADcia-civil-de-pernambuco-minist%C3%A9rio-p%C3%BAblico-justi%C3%A7a-por-miguel\" target=\"_blank\" rel=\"noopener noreferrer\">peti\u00e7\u00e3o p\u00fablica<\/a>&nbsp;pedindo justi\u00e7a pelo caso j\u00e1 recolheu quase&nbsp;tr\u00eas milh\u00f5es de assinaturas. Para acompanhar a programa\u00e7\u00e3o da semana acesse as p\u00e1ginas das organiza\u00e7\u00f5es&nbsp;<a href=\"http:\/\/afroresistance.org\/justicapormiguel\" target=\"_blank\" rel=\"noopener noreferrer\">Afro Resistance<\/a>&nbsp;e&nbsp;<a href=\"https:\/\/coalizaonegrapordireitos.org.br\/2021\/06\/01\/atos-brasil-por-justica-para-miguel\" target=\"_blank\" rel=\"noopener noreferrer\">Coaliza\u00e7\u00e3o Negra por Direitos<\/a>.<\/p>\n<p>&nbsp;<\/p>\n<p><em>*Brasil de Fato&nbsp;<\/em><\/p>","protected":false},"excerpt":{"rendered":"<p>H\u00e1 um ano, em&nbsp;2 de junho de 2020, o menino Miguel Ot\u00e1vio Santana da Silva caiu do 9\u00ba andar de um pr\u00e9dio em um condom\u00ednio de luxo, no&nbsp;Recife (PE). A m\u00e3e dele, Mirtes Renata Santana de Souza, havia deixado a crian\u00e7a sob os cuidados da patroa,&nbsp;Sar\u00ed C\u00f4rte Real, enquanto passeava com o cachorro da fam\u00edlia<\/p>\n<div class=\"read-more-wrapper\"><a class=\"read-more\" href=\"https:\/\/www2.comunitaria.com.br\/en\/um-ano-do-caso-miguel-patroa-que-deixou-crianca-cair-do-9o-andar-segue-sem-punicao\/\" title=\"Read More\"> <span class=\"button\">Read More<\/span><\/a><\/div>","protected":false},"author":2,"featured_media":48130,"comment_status":"open","ping_status":"closed","sticky":false,"template":"","format":"standard","meta":{"ngg_post_thumbnail":0,"footnotes":""},"categories":[33],"tags":[6104],"class_list":["post-48128","post","type-post","status-publish","format-standard","has-post-thumbnail","hentry","category-noticias","tag-caso-miguel"],"amp_enabled":true,"_links":{"self":[{"href":"https:\/\/www2.comunitaria.com.br\/en\/wp-json\/wp\/v2\/posts\/48128","targetHints":{"allow":["GET"]}}],"collection":[{"href":"https:\/\/www2.comunitaria.com.br\/en\/wp-json\/wp\/v2\/posts"}],"about":[{"href":"https:\/\/www2.comunitaria.com.br\/en\/wp-json\/wp\/v2\/types\/post"}],"author":[{"embeddable":true,"href":"https:\/\/www2.comunitaria.com.br\/en\/wp-json\/wp\/v2\/users\/2"}],"replies":[{"embeddable":true,"href":"https:\/\/www2.comunitaria.com.br\/en\/wp-json\/wp\/v2\/comments?post=48128"}],"version-history":[{"count":0,"href":"https:\/\/www2.comunitaria.com.br\/en\/wp-json\/wp\/v2\/posts\/48128\/revisions"}],"wp:featuredmedia":[{"embeddable":true,"href":"https:\/\/www2.comunitaria.com.br\/en\/wp-json\/wp\/v2\/media\/48130"}],"wp:attachment":[{"href":"https:\/\/www2.comunitaria.com.br\/en\/wp-json\/wp\/v2\/media?parent=48128"}],"wp:term":[{"taxonomy":"category","embeddable":true,"href":"https:\/\/www2.comunitaria.com.br\/en\/wp-json\/wp\/v2\/categories?post=48128"},{"taxonomy":"post_tag","embeddable":true,"href":"https:\/\/www2.comunitaria.com.br\/en\/wp-json\/wp\/v2\/tags?post=48128"}],"curies":[{"name":"wp","href":"https:\/\/api.w.org\/{rel}","templated":true}]}}