{"id":48125,"date":"2021-06-02T11:25:29","date_gmt":"2021-06-02T13:25:29","guid":{"rendered":"http:\/\/www2.comunitaria.com.br\/?p=48125"},"modified":"2021-06-02T11:25:29","modified_gmt":"2021-06-02T13:25:29","slug":"atual-presidenta-do-cpers-helenir-aguiar-schurer-foi-reeleita-com-442-dos-votos","status":"publish","type":"post","link":"https:\/\/www2.comunitaria.com.br\/en\/atual-presidenta-do-cpers-helenir-aguiar-schurer-foi-reeleita-com-442-dos-votos\/","title":{"rendered":"Atual presidenta do Cpers Helenir Aguiar Sch\u00fcrer foi reeleita com 44,2% dos votos"},"content":{"rendered":"<p>Com 44,2% dos votos v\u00e1lidos, a Chapa 2 venceu o pleito para a Dire\u00e7\u00e3o Central do CPERS &#8211; Sindicato dos Professores e Funcion\u00e1rios de Escola do Estado do Rio Grande do Sul. A atual presidenta, Helenir Aguiar Sch\u00fcrer, foi reeleita e segue na gest\u00e3o do tri\u00eanio 2021\/2024.<\/p>\n<p>Na segunda coloca\u00e7\u00e3o ficou a Chapa 3, liderada por Candida Rossetto, que somou 35,6% dos votos v\u00e1lidos. J\u00e1 a Chapa 1, com a candidata Cleusa Werner \u00e0 frente, angariou 20,1% dos votos v\u00e1lidos.<\/p>\n<p>A vota\u00e7\u00e3o foi realizada entre a quarta (26) a sexta-feira (28) da \u00faltima semana. Pela primeira vez na hist\u00f3ria da entidade, que tem cerca de 80 mil s\u00f3cios, a vota\u00e7\u00e3o foi virtual, devido \u00e0s restri\u00e7\u00f5es impostas pelo novo coronav\u00edrus.<\/p>\n<p>Helenir destaca que a vit\u00f3ria da Chapa 2 \u00e9 motivo de orgulho e de trabalho pela frente. \u201cContinuaremos com nossa caminhada em busca de melhores condi\u00e7\u00f5es de trabalho neste momento de pandemia para os nossos colegas e, principalmente, dar toda a for\u00e7a poss\u00edvel para uma mesa de negocia\u00e7\u00e3o para discutirmos sal\u00e1rios, que \u00e9 a nosso grande desafio\u201d, afirma.<\/p>\n<p>Formada em Letras pela Faculdade Dom Bosco, do munic\u00edpio de Santa Rosa,&nbsp;<a href=\"https:\/\/www.brasildefators.com.br\/2020\/07\/22\/ser-maioria-na-docencia-e-uma-resistencia-a-opressao-patriarcal-afirma-helenir\" target=\"_blank\" rel=\"noopener noreferrer\">Helenir&nbsp;<\/a>leciona na rede estadual h\u00e1 mais de tr\u00eas d\u00e9cadas. J\u00e1 passou pela vice-dire\u00e7\u00e3o e dire\u00e7\u00e3o do 23\u00ba N\u00facleo do Sindicato, em Santana do Livramento. Com a vit\u00f3ria, vai para seu terceiro mandato.<\/p>\n<p>O presidente estadual da Central \u00danica dos Trabalhadores (CUT-RS), Amarildo Cenci, parabenizou a diretoria eleita, que contou com o apoio da maioria da dire\u00e7\u00e3o estadual da Central. \u201cO maior sindicato de trabalhadores e trabalhadoras do Rio Grande do Sul continuar\u00e1 em boas m\u00e3os para tocar a luta contra o desmonte do estado e em defesa da educa\u00e7\u00e3o p\u00fablica, dos direitos da categoria, dos servi\u00e7os p\u00fablicos e da democracia, com a vis\u00e3o de que \u00e9 preciso reivindicar, mobilizar, lutar e negociar\u201d, disse.<\/p>\n<p>Al\u00e9m da Dire\u00e7\u00e3o Central, a vota\u00e7\u00e3o elegeu as Dire\u00e7\u00f5es dos N\u00facleos. O resultado completo est\u00e1 dispon\u00edvel aqui:&nbsp;<a href=\"https:\/\/bit.ly\/2R3qm91\">https:\/\/bit.ly\/2R3qm91<\/a><\/p>\n<p>&nbsp;<\/p>\n<p><em>*Brasil de Fato&nbsp;<\/em><\/p>","protected":false},"excerpt":{"rendered":"<p>Com 44,2% dos votos v\u00e1lidos, a Chapa 2 venceu o pleito para a Dire\u00e7\u00e3o Central do CPERS &#8211; Sindicato dos Professores e Funcion\u00e1rios de Escola do Estado do Rio Grande&#8230;<\/p>","protected":false},"author":2,"featured_media":48127,"comment_status":"open","ping_status":"closed","sticky":false,"template":"","format":"standard","meta":{"ngg_post_thumbnail":0,"footnotes":""},"categories":[44,33],"tags":[702,3269,6101,6102,66,6103,4655,1192],"class_list":["post-48125","post","type-post","status-publish","format-standard","has-post-thumbnail","hentry","category-educacao","category-noticias","tag-cpers","tag-cpers-sindicato","tag-eleicoes-cper","tag-eleicoes-cpers","tag-professores","tag-professores-no-rio-grande-do-sul","tag-radiocomunitariafw","tag-rio-grande-do-sul"],"amp_enabled":true,"_links":{"self":[{"href":"https:\/\/www2.comunitaria.com.br\/en\/wp-json\/wp\/v2\/posts\/48125","targetHints":{"allow":["GET"]}}],"collection":[{"href":"https:\/\/www2.comunitaria.com.br\/en\/wp-json\/wp\/v2\/posts"}],"about":[{"href":"https:\/\/www2.comunitaria.com.br\/en\/wp-json\/wp\/v2\/types\/post"}],"author":[{"embeddable":true,"href":"https:\/\/www2.comunitaria.com.br\/en\/wp-json\/wp\/v2\/users\/2"}],"replies":[{"embeddable":true,"href":"https:\/\/www2.comunitaria.com.br\/en\/wp-json\/wp\/v2\/comments?post=48125"}],"version-history":[{"count":0,"href":"https:\/\/www2.comunitaria.com.br\/en\/wp-json\/wp\/v2\/posts\/48125\/revisions"}],"wp:featuredmedia":[{"embeddable":true,"href":"https:\/\/www2.comunitaria.com.br\/en\/wp-json\/wp\/v2\/media\/48127"}],"wp:attachment":[{"href":"https:\/\/www2.comunitaria.com.br\/en\/wp-json\/wp\/v2\/media?parent=48125"}],"wp:term":[{"taxonomy":"category","embeddable":true,"href":"https:\/\/www2.comunitaria.com.br\/en\/wp-json\/wp\/v2\/categories?post=48125"},{"taxonomy":"post_tag","embeddable":true,"href":"https:\/\/www2.comunitaria.com.br\/en\/wp-json\/wp\/v2\/tags?post=48125"}],"curies":[{"name":"wp","href":"https:\/\/api.w.org\/{rel}","templated":true}]}}