{"id":48026,"date":"2021-05-31T10:02:27","date_gmt":"2021-05-31T12:02:27","guid":{"rendered":"http:\/\/www2.comunitaria.com.br\/?p=48026"},"modified":"2021-05-31T10:02:27","modified_gmt":"2021-05-31T12:02:27","slug":"nova-diretoria-da-codic-amzop-e-eleita","status":"publish","type":"post","link":"https:\/\/www2.comunitaria.com.br\/en\/nova-diretoria-da-codic-amzop-e-eleita\/","title":{"rendered":"Nova Diretoria da Codic-Amzop \u00e9 eleita"},"content":{"rendered":"<p><em><span style=\"font-weight: 400;\">Pr\u00f3ximos passos da nova gest\u00e3o \u00e9 divulgar, promover e buscar a\u00e7\u00f5es culturais para os munic\u00edpios da regi\u00e3o da AMZOP<\/span><\/em><\/p>\n<p><span style=\"font-weight: 400;\">Dirigentes Municipais de Cultura da Associa\u00e7\u00e3o dos Munic\u00edpios da Zona de Produ\u00e7\u00e3o (Amzop) participaram da Assembleia Geral para a elei\u00e7\u00e3o da Diretoria do Conselho dos Dirigentes Municipais de Cultura (Codic), gest\u00e3o de 2021 a 2023, na ter\u00e7a-feira, 25, e elegeram os novos membros do Conselho.<\/span><\/p>\n<p><span style=\"font-weight: 400;\">A nova diretoria foi eleita ao final da assembleia, nomeando o coordenador de Cultura de Barra Funda e agora presidente, Juliano Oliveira;&nbsp; a Coordenadora de Cultura de Frederico Westphalen e vice-presidente, Lisiane Maria de Azevedo Carvalho, o Secret\u00e1rio de Cultura, Desporto e Turismo de S\u00e3o Jos\u00e9 das Miss\u00f5es, Primeiro-Secret\u00e1rio, Nelson Fernando da Fonseca e a Coordenadora de Cultura de Palmeira das Miss\u00f5es, Segunda-Secret\u00e1ria, Bianca Manfrin, que estar\u00e3o atuando na linha de frente em assuntos relacionados \u00e0 cultura de toda a regi\u00e3o.&nbsp;<\/span><\/p>\n<p><span style=\"font-weight: 400;\">Segundo a Vice-Presidente, Lisiane, os prop\u00f3sitos da nova gest\u00e3o visam implementar a promo\u00e7\u00e3o e o acesso a pol\u00edticas culturais, bem como realizar interc\u00e2mbio cultural entre os diferentes munic\u00edpios que representamos. \u201cFrederico Westphalen estar\u00e1 representando 43 munic\u00edpios da regi\u00e3o e estaremos juntos com o presidente, Juliano Oliveira, visando fortalecer e implementar a\u00e7\u00f5es de visibilidade \u00e0 cultura local e regional. Temos um grande potencial cultural e tur\u00edstico em nosso munic\u00edpio e regi\u00e3o a ser divulgado e conhecido. Nossa regi\u00e3o \u00e9 um grande palco a ser colocado em tela. Nosso potencial humano, social e natural \u00e9 patrim\u00f4nio hist\u00f3rico de uma constru\u00e7\u00e3o social coletiva, caracter\u00edstica de nosso povo.&nbsp; Queremos buscar alternativas para implementa\u00e7\u00e3o das pol\u00edticas culturais e socializar as dificuldades, visando qualificar o processo de gest\u00e3o\u201d, ressaltou.&nbsp;&nbsp;&nbsp;<\/span><\/p>\n<p><span style=\"font-weight: 400;\">Durante a reuni\u00e3o, a atual presidente, Adriana Bagatini, apresentou todos os trabalhos realizados pelo Conselho nos \u00faltimos anos, ressaltando alguns eventos como o Festival de M\u00fasica Amzop. A integra\u00e7\u00e3o \u00e0 diretoria do Conselho e algumas dificuldades enfrentadas devido \u00e0 pandemia no ano de 2020, tamb\u00e9m foram evidenciadas pela Presidente.&nbsp;<\/span><\/p>\n<p><span style=\"font-weight: 400;\">Participaram da Assembleia Dirigentes dos seguintes munic\u00edpios: Seberi, Rondinha, Rodeio Bonito, Frederico Westphalen, Novo Xingu, Pinhal, Barra Funda, Palmeira das Miss\u00f5es, Constantina, Engenho Velho, Pont\u00e3o, Pinheirinho do Vale, Novo Barreiro, Ronda Alta, Planalto, S\u00e3o Jos\u00e9 das Miss\u00f5es, Vicente Dutra, Cai\u00e7ara e Ira\u00ed.<\/span><\/p>\n<p>&nbsp;<\/p>\n<p><em>*ASCOM Prefeitura Municipal de FW<\/em><\/p>","protected":false},"excerpt":{"rendered":"<p>Pr\u00f3ximos passos da nova gest\u00e3o \u00e9 divulgar, promover e buscar a\u00e7\u00f5es culturais para os munic\u00edpios da regi\u00e3o da AMZOP Dirigentes Municipais de Cultura da Associa\u00e7\u00e3o dos Munic\u00edpios da Zona de Produ\u00e7\u00e3o (Amzop) participaram da Assembleia Geral para a elei\u00e7\u00e3o da Diretoria do Conselho dos Dirigentes Municipais de Cultura (Codic), gest\u00e3o de 2021 a 2023, na<\/p>\n<div class=\"read-more-wrapper\"><a class=\"read-more\" href=\"https:\/\/www2.comunitaria.com.br\/en\/nova-diretoria-da-codic-amzop-e-eleita\/\" title=\"Read More\"> <span class=\"button\">Read More<\/span><\/a><\/div>","protected":false},"author":2,"featured_media":48028,"comment_status":"open","ping_status":"closed","sticky":false,"template":"","format":"standard","meta":{"ngg_post_thumbnail":0,"footnotes":""},"categories":[33],"tags":[275,6080,1943,4655],"class_list":["post-48026","post","type-post","status-publish","format-standard","has-post-thumbnail","hentry","category-noticias","tag-amzop","tag-codic","tag-frederico-wesphalen","tag-radiocomunitariafw"],"amp_enabled":true,"_links":{"self":[{"href":"https:\/\/www2.comunitaria.com.br\/en\/wp-json\/wp\/v2\/posts\/48026","targetHints":{"allow":["GET"]}}],"collection":[{"href":"https:\/\/www2.comunitaria.com.br\/en\/wp-json\/wp\/v2\/posts"}],"about":[{"href":"https:\/\/www2.comunitaria.com.br\/en\/wp-json\/wp\/v2\/types\/post"}],"author":[{"embeddable":true,"href":"https:\/\/www2.comunitaria.com.br\/en\/wp-json\/wp\/v2\/users\/2"}],"replies":[{"embeddable":true,"href":"https:\/\/www2.comunitaria.com.br\/en\/wp-json\/wp\/v2\/comments?post=48026"}],"version-history":[{"count":0,"href":"https:\/\/www2.comunitaria.com.br\/en\/wp-json\/wp\/v2\/posts\/48026\/revisions"}],"wp:featuredmedia":[{"embeddable":true,"href":"https:\/\/www2.comunitaria.com.br\/en\/wp-json\/wp\/v2\/media\/48028"}],"wp:attachment":[{"href":"https:\/\/www2.comunitaria.com.br\/en\/wp-json\/wp\/v2\/media?parent=48026"}],"wp:term":[{"taxonomy":"category","embeddable":true,"href":"https:\/\/www2.comunitaria.com.br\/en\/wp-json\/wp\/v2\/categories?post=48026"},{"taxonomy":"post_tag","embeddable":true,"href":"https:\/\/www2.comunitaria.com.br\/en\/wp-json\/wp\/v2\/tags?post=48026"}],"curies":[{"name":"wp","href":"https:\/\/api.w.org\/{rel}","templated":true}]}}