{"id":4799,"date":"2015-07-09T18:07:10","date_gmt":"2015-07-09T20:07:10","guid":{"rendered":"http:\/\/www2.comunitaria.com.br\/?p=4799"},"modified":"2015-07-09T18:07:10","modified_gmt":"2015-07-09T20:07:10","slug":"projeto-de-lei-proibe-verba-publica-para-musicas-machistas","status":"publish","type":"post","link":"https:\/\/www2.comunitaria.com.br\/en\/projeto-de-lei-proibe-verba-publica-para-musicas-machistas\/","title":{"rendered":"Projeto de lei pro\u00edbe verba p\u00fablica para m\u00fasicas machistas"},"content":{"rendered":"<p><em>Texto quer proibir que dinheiro do Estado seja investido em artistas com can\u00e7\u00f5es que estimulem viol\u00eancia contra a mulher e homofobia\u00a0<\/em><\/p>\n<p>&#8220;<em>Robson j\u00e1 pegou, Ramon pegou tamb\u00e9m. Jean engravidou, t\u00e1 esperando seu nen\u00e9m. Betinho pegou de quatro, Vitinho fez frango assado. F\u00e1bio, sem camisinha, pegou uma coceirinha. O nome dela \u00e9 Marcela, eu vou te dizer quem \u00e9 ela: <strong><a class=\"link-corpo\" href=\"https:\/\/www.youtube.com\/watch?v=ARQVGSUxTXE\" target=\"_blank\">ela \u00e9 uma cadela<\/a><\/strong><\/em>&#8220;.<\/p>\n<p>Os versos acima s\u00e3o de <em>Me D\u00e1 a Patinha <\/em>(<strong><a class=\"link-corpo\" href=\"http:\/\/www.vagalume.com.br\/black-style\/me-da-a-patinha.html\" target=\"_blank\"><strong>leia a letra<\/strong><\/a><\/strong>), sucesso da banda Black Style que embalou milhares de foli\u00f5es no carnaval baiano de 2011 e serviu de motivo para que a deputada estadual Luiza Maia (PT-BA) criasse a lei 12.573\/12, conhecida como &#8220;<strong><a class=\"link-corpo\" href=\"http:\/\/governo-ba.jusbrasil.com.br\/legislacao\/1031634\/lei-12573-12\" target=\"_blank\"><strong>lei antibaixaria<\/strong><\/a><\/strong>&#8220;. O texto, que <strong>pro\u00edbe o investimento de recursos p\u00fablicos <\/strong>em eventos e artistas que toquem m\u00fasicas que &#8220;<strong>desvalorizem ou incentivem a viol\u00eancia<\/strong>&#8221; contra mulheres, foi aprovado pelo ent\u00e3o governador da Bahia Jacques Wagner (PT) em 2012 e agora <strong>pode passar a vigorar nacionalmente<\/strong>. O texto tamb\u00e9m cita restri\u00e7\u00f5es a manifesta\u00e7\u00f5es homof\u00f3bicas, de discrimina\u00e7\u00e3o racial ou de apologia ao uso de drogas il\u00edcitas.<\/p>\n<p>A\u00a0deputada federal Moema Gramacho (PT-BA) apresentou na C\u00e2mara dos Deputados, em Bras\u00edlia, uma <strong><a class=\"link-corpo\" href=\"http:\/\/www.camara.gov.br\/proposicoesWeb\/fichadetramitacao?idProposicao=969173\" target=\"_blank\"><strong>proposta semelhante<\/strong><\/a><\/strong>, que se baseia no texto de Luiza Maia e amplia a abrang\u00eancia das regras a todo o territ\u00f3rio brasileiro. Para alguns, \u00e9 um basta no patroc\u00ednio p\u00fablico de machismo e misoginia. Para outros, um flerte imoral com a censura.<\/p>\n<p>\u2013 N\u00e3o \u00e9 censura \u2013 defende Moema. \u2013 A gente n\u00e3o pega o nosso dinheiro e compra uma coisa que n\u00e3o presta no supermercado. Da mesma forma, a gente acha que n\u00e3o \u00e9 pertinente investir recurso p\u00fablico para fazer campanha negativa. Quem quiser fazer com recurso pr\u00f3prio, que fa\u00e7a.<\/p>\n<p>Em Bras\u00edlia, o projeto da deputada petista j\u00e1 passou por duas comiss\u00f5es e agora segue para a Comiss\u00e3o de Constitui\u00e7\u00e3o e Justi\u00e7a e de Cidadania (CCJC), de onde pode sair direto para vota\u00e7\u00e3o em plen\u00e1rio. Inspirada no que classifica como &#8220;mudan\u00e7a positiva&#8221; que alega ter acontecido na Bahia, Moema agora quer levar a &#8220;cultura da paz&#8221; para o resto do pa\u00eds \u2013 e recebe o apoio dos pr\u00f3prios motivadores da lei, a banda Black Style:<\/p>\n<p>\u2013 Claro que apoiamos. Essa m\u00fasica n\u00e3o est\u00e1 mais no nosso repert\u00f3rio, n\u00f3s trocamos de vocalista e n\u00e3o fazemos mais esse tipo de som, porque ofende a mulher \u2013 admite Daniel Gusttavo, produtor da Black Style.<\/p>\n<p>Entretanto, mesmo entre grupos feministas, o texto \u00e9 visto com receio. Mari Messias, criadora do blog Lugar de Mulher, admite que fica &#8220;superdividida&#8221;, mas acha &#8220;perigoso&#8221; o conte\u00fado da lei. Para ela, apostar na proibi\u00e7\u00e3o como solu\u00e7\u00e3o remete a tempos sombrios:<\/p>\n<p>\u2013 Acho a ideia interessante, mas me questiono se lidar com o sintoma realmente trata a causa ou s\u00f3 o esconde, o que pode inclusive acabar piorando a causa. Historicamente, \u00e9 perigosa essa facilidade com que lidamos com a censura. N\u00e3o deveria ser uma escolha t\u00e3o \u00f3bvia, como se curasse tudo \u2013\u00a0diz ela, lembrando uma frase do tamb\u00e9m jornalista Glenn Greenwald, que denunciou a espionagem da Ag\u00eancia de Seguran\u00e7a Nacional dos Estados Unidos (NSA, na sigla em ingl\u00eas): &#8220;\u00c9 tentador apoiar a criminaliza\u00e7\u00e3o de, por exemplo, pontos de vista racistas, contanto que a pessoa foque nesses pontos de vista e ignore os perigos graves de dar o poder ao Estado de criar listas de temas proibidos&#8221;.<\/p>\n<p>A opini\u00e3o ganha eco entre juristas escutados pela reportagem. Professor de Direito, o constitucionalista Alexandre Mariotti v\u00ea a lei como &#8220;poss\u00edvel&#8221;, mas &#8220;delicada&#8221;:<\/p>\n<p>\u2013 Como conceito, em um primeir\u00edssimo exame, o estabelecimento de restri\u00e7\u00f5es a patroc\u00ednios do Estado me parece compat\u00edvel com a Constitui\u00e7\u00e3o. Mas o aspecto delicado \u00e9 evoluir para uma esp\u00e9cie de censura. Em tese, \u00e9 uma lei poss\u00edvel. Mas a pr\u00e1tica \u00e9 delicada \u2013 avalia.<\/p>\n<p>Criadora da lei baiana, a deputada Luiza Maia refuta a pecha de censora, e diz que os efeitos na Bahia foram surpreendentes: apesar de faltar regulamenta\u00e7\u00e3o, ela diz que consegue perceber a diminui\u00e7\u00e3o de letras agressivas em eventos como o carnaval de rua de Salvador \u2013 o que, antes, nas palavras dela, &#8220;era uma coisa vergonhosa&#8221;.<\/p>\n<p>\u2013 Tivemos que mandar mensagens para as esposas, para as m\u00e3es, para as filhas dos deputados. No in\u00edcio, s\u00f3 as 11 deputadas\u00a0(<em>todas as mulheres da Assembleia Legislativa da Bahia<\/em>) apoiaram, os outros botaram todo o tipo de defeito. Depois de nove meses de campanha, foi aprovada. As mulheres se sentiam muito constrangidas, mas ningu\u00e9m tinha coragem de apresentar uma lei. E a sociedade queria essa lei \u2013 garante.<\/p>\n<p>Agora, o projeto de lei nacional deve passar pela Comiss\u00e3o de Constitui\u00e7\u00e3o e Justi\u00e7a e de Cidadania (CCJC) antes de ir para vota\u00e7\u00e3o. Para Moema, a tend\u00eancia \u00e9 de aprova\u00e7\u00e3o.<\/p>\n<p><strong>Gustavo Foster &#8211; Zero Hora<\/strong><\/p>","protected":false},"excerpt":{"rendered":"<p>Texto quer proibir que dinheiro do Estado seja investido em artistas com can\u00e7\u00f5es que estimulem viol\u00eancia contra a mulher e homofobia\u00a0 &#8220;Robson j\u00e1 pegou, Ramon pegou tamb\u00e9m. Jean engravidou, t\u00e1&#8230;<\/p>","protected":false},"author":2,"featured_media":4801,"comment_status":"open","ping_status":"closed","sticky":false,"template":"","format":"standard","meta":{"ngg_post_thumbnail":0,"footnotes":""},"categories":[47,33,38],"tags":[1161,1159,1079,1160],"class_list":["post-4799","post","type-post","status-publish","format-standard","has-post-thumbnail","hentry","category-brasil","category-noticias","category-politica","tag-machista","tag-musica","tag-politica","tag-projeto-de-lei"],"amp_enabled":true,"_links":{"self":[{"href":"https:\/\/www2.comunitaria.com.br\/en\/wp-json\/wp\/v2\/posts\/4799","targetHints":{"allow":["GET"]}}],"collection":[{"href":"https:\/\/www2.comunitaria.com.br\/en\/wp-json\/wp\/v2\/posts"}],"about":[{"href":"https:\/\/www2.comunitaria.com.br\/en\/wp-json\/wp\/v2\/types\/post"}],"author":[{"embeddable":true,"href":"https:\/\/www2.comunitaria.com.br\/en\/wp-json\/wp\/v2\/users\/2"}],"replies":[{"embeddable":true,"href":"https:\/\/www2.comunitaria.com.br\/en\/wp-json\/wp\/v2\/comments?post=4799"}],"version-history":[{"count":0,"href":"https:\/\/www2.comunitaria.com.br\/en\/wp-json\/wp\/v2\/posts\/4799\/revisions"}],"wp:featuredmedia":[{"embeddable":true,"href":"https:\/\/www2.comunitaria.com.br\/en\/wp-json\/wp\/v2\/media\/4801"}],"wp:attachment":[{"href":"https:\/\/www2.comunitaria.com.br\/en\/wp-json\/wp\/v2\/media?parent=4799"}],"wp:term":[{"taxonomy":"category","embeddable":true,"href":"https:\/\/www2.comunitaria.com.br\/en\/wp-json\/wp\/v2\/categories?post=4799"},{"taxonomy":"post_tag","embeddable":true,"href":"https:\/\/www2.comunitaria.com.br\/en\/wp-json\/wp\/v2\/tags?post=4799"}],"curies":[{"name":"wp","href":"https:\/\/api.w.org\/{rel}","templated":true}]}}