{"id":47953,"date":"2021-05-26T16:16:25","date_gmt":"2021-05-26T18:16:25","guid":{"rendered":"http:\/\/www2.comunitaria.com.br\/?p=47953"},"modified":"2021-05-26T16:16:25","modified_gmt":"2021-05-26T18:16:25","slug":"covid-19-inicia-vacinacao-de-professores","status":"publish","type":"post","link":"https:\/\/www2.comunitaria.com.br\/en\/covid-19-inicia-vacinacao-de-professores\/","title":{"rendered":"Covid-19: inicia vacina\u00e7\u00e3o de professores"},"content":{"rendered":"<p><i><span style=\"font-weight: 400;\">Docentes da rede municipal de ensino recebem a vacina nessa quarta-feira, 26<\/span><\/i><\/p>\n<p><span style=\"font-weight: 400;\">Iniciou nessa quarta-feira, 26, no Posto Central de Sa\u00fade de Frederico Westphalen, a vacina\u00e7\u00e3o contra a Covid-19 dos professores da rede municipal de ensino. Ao todo ser\u00e3o imunizados cerca de 110 profissionais da educa\u00e7\u00e3o com mais de 38 anos.<\/span><\/p>\n<p><span style=\"font-weight: 400;\">Houve breve solenidade com a presen\u00e7a da secret\u00e1ria da Sa\u00fade, Tais Candaten, do vice-prefeito, Jo\u00e3o Vendruscolo, e o prefeito, Jos\u00e9 Alberto Panosso.<\/span><\/p>\n<p><b>Pessoas com comorbidades<\/b><\/p>\n<p><span style=\"font-weight: 400;\">No Posto Central tamb\u00e9m est\u00e3o sendo imunizadas pessoas com comorbidades com mais de 20 anos e pessoas com defici\u00eancia permanente cadastradas no programa de Benef\u00edcio de Presta\u00e7\u00e3o Continuada (BPC), com mais de 20 anos.<\/span><\/p>\n<p><span style=\"font-weight: 400;\">Tamb\u00e9m est\u00e3o sendo s\u00e3o vacinadas pessoas com S\u00edndrome de Down com mais de 18 anos.<\/span><\/p>\n<p><b>Coronavac<\/b><\/p>\n<p><span style=\"font-weight: 400;\">A Secretaria da Sa\u00fade informa que est\u00e3o esgotadas as doses de Coronavac. At\u00e9 a \u00faltima segunda-feira, 24, foram imunizadas pessoas que deveriam ter recebido a segunda dose at\u00e9 o dia 9 de maio.<\/span><\/p>\n<p><span style=\"font-weight: 400;\">Quem ainda n\u00e3o recebeu a segunda dose da Coronavac deve aguardar e ficar calmo, pois o Minist\u00e9rio da Sa\u00fade vai enviar novo lote de imunizantes.<\/span><\/p>\n<p><span style=\"font-weight: 400;\">Acompanhe as redes sociais da Prefeitura de Frederico Westphalen e saiba tudo sobre a vacina\u00e7\u00e3o contra a Covid-19.<\/span><\/p>\n<p>&nbsp;<\/p>\n<p><em>*ASCOM&nbsp; Prefeitura Municipal de FW<\/em><\/p>","protected":false},"excerpt":{"rendered":"<p>Docentes da rede municipal de ensino recebem a vacina nessa quarta-feira, 26 Iniciou nessa quarta-feira, 26, no Posto Central de Sa\u00fade de Frederico Westphalen, a vacina\u00e7\u00e3o contra a Covid-19 dos professores da rede municipal de ensino. Ao todo ser\u00e3o imunizados cerca de 110 profissionais da educa\u00e7\u00e3o com mais de 38 anos. Houve breve solenidade com<\/p>\n<div class=\"read-more-wrapper\"><a class=\"read-more\" href=\"https:\/\/www2.comunitaria.com.br\/en\/covid-19-inicia-vacinacao-de-professores\/\" title=\"Read More\"> <span class=\"button\">Read More<\/span><\/a><\/div>","protected":false},"author":2,"featured_media":47955,"comment_status":"open","ping_status":"closed","sticky":false,"template":"","format":"standard","meta":{"ngg_post_thumbnail":0,"footnotes":""},"categories":[28,33],"tags":[],"class_list":["post-47953","post","type-post","status-publish","format-standard","has-post-thumbnail","hentry","category-destaque","category-noticias"],"amp_enabled":true,"_links":{"self":[{"href":"https:\/\/www2.comunitaria.com.br\/en\/wp-json\/wp\/v2\/posts\/47953","targetHints":{"allow":["GET"]}}],"collection":[{"href":"https:\/\/www2.comunitaria.com.br\/en\/wp-json\/wp\/v2\/posts"}],"about":[{"href":"https:\/\/www2.comunitaria.com.br\/en\/wp-json\/wp\/v2\/types\/post"}],"author":[{"embeddable":true,"href":"https:\/\/www2.comunitaria.com.br\/en\/wp-json\/wp\/v2\/users\/2"}],"replies":[{"embeddable":true,"href":"https:\/\/www2.comunitaria.com.br\/en\/wp-json\/wp\/v2\/comments?post=47953"}],"version-history":[{"count":0,"href":"https:\/\/www2.comunitaria.com.br\/en\/wp-json\/wp\/v2\/posts\/47953\/revisions"}],"wp:featuredmedia":[{"embeddable":true,"href":"https:\/\/www2.comunitaria.com.br\/en\/wp-json\/wp\/v2\/media\/47955"}],"wp:attachment":[{"href":"https:\/\/www2.comunitaria.com.br\/en\/wp-json\/wp\/v2\/media?parent=47953"}],"wp:term":[{"taxonomy":"category","embeddable":true,"href":"https:\/\/www2.comunitaria.com.br\/en\/wp-json\/wp\/v2\/categories?post=47953"},{"taxonomy":"post_tag","embeddable":true,"href":"https:\/\/www2.comunitaria.com.br\/en\/wp-json\/wp\/v2\/tags?post=47953"}],"curies":[{"name":"wp","href":"https:\/\/api.w.org\/{rel}","templated":true}]}}