{"id":47937,"date":"2021-05-26T15:21:42","date_gmt":"2021-05-26T17:21:42","guid":{"rendered":"http:\/\/www2.comunitaria.com.br\/?p=47937"},"modified":"2021-05-26T15:21:42","modified_gmt":"2021-05-26T17:21:42","slug":"abia-promove-acoes-para-chamar-a-atencao-para-outra-grave-epidemia-a-de-hiv-aids","status":"publish","type":"post","link":"https:\/\/www2.comunitaria.com.br\/en\/abia-promove-acoes-para-chamar-a-atencao-para-outra-grave-epidemia-a-de-hiv-aids\/","title":{"rendered":"ABIA promove a\u00e7\u00f5es para chamar a aten\u00e7\u00e3o para outra grave epidemia, a de HIV\/Aids"},"content":{"rendered":"<p>Em meio \u00e0 crise sanit\u00e1ria e pol\u00edtica instalada no pa\u00eds em raz\u00e3o da pandemia da Covid-19, a Associa\u00e7\u00e3o Brasileira Interdisciplinar de AIDS (ABIA) est\u00e1 promovendo uma s\u00e9rie de a\u00e7\u00f5es para o enfrentamento do estigma do preconceito e da discrimina\u00e7\u00e3o em rela\u00e7\u00e3o \u00e0s pessoas que vivem com HIV\/ AIDS. Uma delas \u00e9 o relan\u00e7amento do livro cl\u00e1ssico de Richard Parker e Peter Aggleton, \u201cEstigma, Discrimina\u00e7\u00e3o e AIDS\u201d, que completa 20 anos em 2021.<\/p>\n<p>Al\u00e9m disso, a ONG tamb\u00e9m est\u00e1 preparando outro livro com hist\u00f3rias reais de estigma e discrimina\u00e7\u00e3o. A chamada para volunt\u00e1rios contarem suas hist\u00f3rias est\u00e1 aberta at\u00e9 o dia 31 de maio. A institui\u00e7\u00e3o lan\u00e7ou ainda um podcast sobre Estigma e conversou com um dos principais especialistas sobre o assunto na \u00e1rea do direito, o desembargador Roger Raupp Rios. A ABIA j\u00e1 distribuiu este ano mais de tr\u00eas mil materiais informativos sobre HIV\/AIDS, preven\u00e7\u00e3o, direitos sexuais e sexo mais seguro em todo pa\u00eds para organiza\u00e7\u00f5es parceiras, gestores de sa\u00fade e ativistas.<\/p>\n<p><em>\u201cEstigma, Discrimina\u00e7\u00e3o e AIDS\u201d<\/em> \u00e9 considerado um cl\u00e1ssico na literatura sobre HIV\/AIDS no Brasil e no mundo. Desde que foi publicado pela primeira vez, em 2001, o texto n\u00e3o parou de circular pelo mundo. As reflex\u00f5es de Parker e Aggleton ajudaram a remodelar o estudo do estigma relacionado ao HIV e \u00e0 AIDS, bem como as abordagens desenvolvidas para enfrent\u00e1-lo. Parker reconhece que a trajet\u00f3ria do livro traz li\u00e7\u00f5es importantes. Uma delas \u00e9 o quanto as reflex\u00f5es que circulam pelo mundo t\u00eam ra\u00edzes na experi\u00eancia brasileira e na longa hist\u00f3ria de engajamento do movimento AIDS no pa\u00eds nas d\u00e9cadas 1980 e 1990.<\/p>\n<p><em>\u201cBetinho, por exemplo, foi a primeira pessoa no mundo (pelo meu conhecimento) a articular \u201cdireitos humanos\u201d como um marco para a resposta \u00e0 epidemia \u2013 em sua palestra de 1987 sobre \u201c<a href=\"https:\/\/bit.ly\/2RueVHJ\">AIDS e Direitos Humanos<\/a>\u201d, na Faculdade de Direito da Universidade de S\u00e3o Paulo \u201d,<\/em> assinala o diretor-presidente da ABIA.<\/p>\n<p>Outra a\u00e7\u00e3o da ABIA \u00e9 a pr\u00f3xima publica\u00e7\u00e3o que ser\u00e1 lan\u00e7ada ainda este ano e que est\u00e1 em fase de produ\u00e7\u00e3o. Est\u00e3o abertas as inscri\u00e7\u00f5es para inscrever hist\u00f3rias reais e participar como volunt\u00e1rio\/a da pr\u00f3xima publica\u00e7\u00e3o que a ABIA vai lan\u00e7ar em breve sobre estigma e discrimina\u00e7\u00e3o em rela\u00e7\u00e3o \u00e0s pessoas que vivem com HIV\/AIDS.&nbsp; O objetivo \u00e9 contar hist\u00f3rias reais de estigma e discrimina\u00e7\u00e3o que as pessoas que vivem com HIV\/AIDS est\u00e3o enfrentando no cotidiano. A ABIA informa que se o\/a volunt\u00e1rio preferir, o anonimato \u00e9 garantido. Para participar, basta enviar uma mensagem para&nbsp;<a href=\"mailto:abia@abiaids.org.br\">abia@abiaids.org.br<\/a>&nbsp;at\u00e9 o dia 31\/05.<\/p>\n<p><b>\u201cABIA Podcast\u201d<\/b><\/p>\n<p>Estigma&nbsp;\u00e9 o primeiro epis\u00f3dio do \u201cABIA Podcast\u201d. A conversa prop\u00f5e uma reflex\u00e3o sobre como o estigma leva \u00e0 discrimina\u00e7\u00e3o e preconceitos em rela\u00e7\u00e3o \u00e0s pessoas que vivem com HIV. A iniciativa tem como objetivo oferecer ao p\u00fablico um novo modo de acessar as produ\u00e7\u00f5es elaboradas pela ABIA e parceiros sobre HIV, AIDS e outras infec\u00e7\u00f5es sexualmente transmiss\u00edveis.&nbsp;A conversa \u00e9 conduzida pelo vice-presidente da ABIA, Veriano Terto Jr.<\/p>\n<p>Para falar sobre estigma, a institui\u00e7\u00e3o convidou o desembargador federal Roger Raupp Rios. O entrevistado \u00e9 mestre e doutor em direito pela Universidade Federal do Rio Grande do Sul (UFRGS). Rios \u00e9 desembargador federal do Tribunal Regional Federal da 4\u00aa Regi\u00e3o. \u00c9 tamb\u00e9m professor do Centro Universit\u00e1rio Ritter dos Reis (UniRITTER). Possui vasta experi\u00eancia e produ\u00e7\u00e3o acad\u00eamica na \u00e1rea de direito, com \u00eanfase em direito p\u00fablico. Atua nas \u00e1reas dos direitos humanos, direitos fundamentais, direitos da antidiscrimina\u00e7\u00e3o, direitos sexuais e do direito \u00e0 sa\u00fade. \u00c9 tamb\u00e9m autor de v\u00e1rios livros como \u201cEm Defesa dos Direitos Sexuais\u201d (2007) e \u201cDireito da Antidiscrimina\u00e7\u00e3o\u201d (2008). Para ouvir o podcast s\u00f3 acessar&nbsp;<a href=\"https:\/\/bityli.com\/tc8nc\" data-saferedirecturl=\"https:\/\/www.google.com\/url?q=https:\/\/bityli.com\/tc8nc&amp;source=gmail&amp;ust=1622134073537000&amp;usg=AFQjCNEgFTXpTdBRaIFOtscJAHH8CzHHww\">https:\/\/bityli.com\/tc8nc<\/a><\/p>\n<p>Para completar esta s\u00e9rie de a\u00e7\u00f5es in\u00e9ditas,&nbsp;a ABIA iniciou 2021 centrada no prop\u00f3sito de mobiliza\u00e7\u00e3o da sociedade civil para redobrar esfor\u00e7os no enfrentamento do HIV\/AIDS. A institui\u00e7\u00e3o est\u00e1 em articula\u00e7\u00e3o como organiza\u00e7\u00f5es parceiras, gestores de sa\u00fade e ativistas em todo o pa\u00eds e iniciou, via correios, o envio dos materiais informativos sobre HIV\/AIDS, preven\u00e7\u00e3o combinada, direitos sexuais, sexo mais seguro e pedagogia da preven\u00e7\u00e3o. At\u00e9 agora foram distribu\u00eddos mais de 3.700 materiais informativos para v\u00e1rias partes do pa\u00eds.<\/p>\n<p>Os Kits cont\u00eam publica\u00e7\u00f5es, livros, cartilhas, DVDs, guias e cart\u00f5es postais produzidos pela ABIA. A a\u00e7\u00e3o tamb\u00e9m est\u00e1 alinhada \u00e0 miss\u00e3o da institui\u00e7\u00e3o de democratiza\u00e7\u00e3o da informa\u00e7\u00e3o. \u201cJ\u00e1 encaminhamos para a Redes Nacional de Pessoas que Vivem com HIV no Amazonas, para a Rede de Jovens Vivendo com HIV em Minas Gerais e no Recife, para o Centro de Refer\u00eancia e Treinamento de DST-Aids\/SP, para Rede Nacional de Pessoas Trans Vivendo com HIV, dentre outras institui\u00e7\u00f5es e parceiros\u201d, contou Jessica Marinho, assistente do Projeto Diversidade Sexual, Sa\u00fade e Direitos entre Jovens da ABIA.<\/p>\n<p>A institui\u00e7\u00e3o tamb\u00e9m est\u00e1 disponibilizando um relat\u00f3rio com os principais resumos do Workshop Conceitua\u00e7\u00e3o sobre estigma, preconceitos e discrimina\u00e7\u00e3o, ministrado por Parker, num webinar realizado no m\u00eas de abril. Para baixar o relat\u00f3rio s\u00f3 clicar&nbsp;<a href=\"https:\/\/abiaids.org.br\/wp-content\/uploads\/2021\/05\/Relat%C3%B3rio-Workshop-1_diagramado.pdf\" data-saferedirecturl=\"https:\/\/www.google.com\/url?q=https:\/\/abiaids.org.br\/wp-content\/uploads\/2021\/05\/Relat%25C3%25B3rio-Workshop-1_diagramado.pdf&amp;source=gmail&amp;ust=1622134073537000&amp;usg=AFQjCNF16Rrj8gaQo5pIIHdVY-tSGJX7vg\">aqui<\/a>.&nbsp;Se quiser assistir os ensinamentos de Parker sobre este tema no YouTube s\u00f3 clicar&nbsp;<a href=\"https:\/\/bit.ly\/3tMbtVV\" data-saferedirecturl=\"https:\/\/www.google.com\/url?q=https:\/\/bit.ly\/3tMbtVV&amp;source=gmail&amp;ust=1622134073537000&amp;usg=AFQjCNG3eqF3Hn8hvqSlMEjXEo9b4OzJNw\">aqui<\/a>&nbsp;.<\/p>\n<p><strong>Sobre a ABIA<\/strong><\/p>\n<p>ABIA atua no campo do HIV\/AIDS h\u00e1 mais de 30 anos e tem mobilizado a sociedade civil no enfrentamento \u00e0 epidemia e na luta por acesso ao tratamento, \u00e0 assist\u00eancia e \u00e0 preven\u00e7\u00e3o e tamb\u00e9m na defesa dos direitos humanos, sobretudo das pessoas que vivem com HIV\/AIDS.<\/p>\n<p>&nbsp;<\/p>\n<p><em>*Sul 21<\/em><\/p>","protected":false},"excerpt":{"rendered":"<p>Em meio \u00e0 crise sanit\u00e1ria e pol\u00edtica instalada no pa\u00eds em raz\u00e3o da pandemia da Covid-19, a Associa\u00e7\u00e3o Brasileira Interdisciplinar de AIDS (ABIA) est\u00e1 promovendo uma s\u00e9rie de a\u00e7\u00f5es para&#8230;<\/p>","protected":false},"author":2,"featured_media":47939,"comment_status":"open","ping_status":"closed","sticky":false,"template":"","format":"standard","meta":{"ngg_post_thumbnail":0,"footnotes":""},"categories":[33],"tags":[],"class_list":["post-47937","post","type-post","status-publish","format-standard","has-post-thumbnail","hentry","category-noticias"],"amp_enabled":true,"_links":{"self":[{"href":"https:\/\/www2.comunitaria.com.br\/en\/wp-json\/wp\/v2\/posts\/47937","targetHints":{"allow":["GET"]}}],"collection":[{"href":"https:\/\/www2.comunitaria.com.br\/en\/wp-json\/wp\/v2\/posts"}],"about":[{"href":"https:\/\/www2.comunitaria.com.br\/en\/wp-json\/wp\/v2\/types\/post"}],"author":[{"embeddable":true,"href":"https:\/\/www2.comunitaria.com.br\/en\/wp-json\/wp\/v2\/users\/2"}],"replies":[{"embeddable":true,"href":"https:\/\/www2.comunitaria.com.br\/en\/wp-json\/wp\/v2\/comments?post=47937"}],"version-history":[{"count":0,"href":"https:\/\/www2.comunitaria.com.br\/en\/wp-json\/wp\/v2\/posts\/47937\/revisions"}],"wp:featuredmedia":[{"embeddable":true,"href":"https:\/\/www2.comunitaria.com.br\/en\/wp-json\/wp\/v2\/media\/47939"}],"wp:attachment":[{"href":"https:\/\/www2.comunitaria.com.br\/en\/wp-json\/wp\/v2\/media?parent=47937"}],"wp:term":[{"taxonomy":"category","embeddable":true,"href":"https:\/\/www2.comunitaria.com.br\/en\/wp-json\/wp\/v2\/categories?post=47937"},{"taxonomy":"post_tag","embeddable":true,"href":"https:\/\/www2.comunitaria.com.br\/en\/wp-json\/wp\/v2\/tags?post=47937"}],"curies":[{"name":"wp","href":"https:\/\/api.w.org\/{rel}","templated":true}]}}