{"id":47880,"date":"2021-05-24T16:02:49","date_gmt":"2021-05-24T18:02:49","guid":{"rendered":"http:\/\/www2.comunitaria.com.br\/?p=47880"},"modified":"2021-05-24T16:02:49","modified_gmt":"2021-05-24T18:02:49","slug":"trt-rs-abre-inscricoes-para-processo-seletivo-de-estagiarios","status":"publish","type":"post","link":"https:\/\/www2.comunitaria.com.br\/en\/trt-rs-abre-inscricoes-para-processo-seletivo-de-estagiarios\/","title":{"rendered":"TRT-RS abre inscri\u00e7\u00f5es para processo seletivo de estagi\u00e1rios"},"content":{"rendered":"<div dir=\"ltr\">\n<div class=\"gmail_quote\">\n<div dir=\"ltr\">\n<div class=\"gmail_quote\">\n<div dir=\"ltr\">\n<div>\n<div dir=\"ltr\">\n<div>\n<div id=\"m_-6448458085482688667m_-6450740048323047359gmail-id9b\" style=\"box-sizing: border-box; font-family: Arial; color: #333333;\">\n<p><span style=\"box-sizing: border-box;\">O Tribunal Regional do Trabalho da 4\u00aa Regi\u00e3o (TRT-RS) abriu&nbsp;<a style=\"box-sizing: border-box; background: none transparent scroll repeat 0% 0%; color: #003366; text-decoration-line: none;\" title=\"P\u00e1gina dos est\u00e1gios\" href=\"https:\/\/www.trt4.jus.br\/portais\/trt4\/estagios\" target=\"_blank\" rel=\"noopener noreferrer\">novo processo seletivo para est\u00e1gio de ensino superior<\/a>. O concurso servir\u00e1&nbsp;para a forma\u00e7\u00e3o de cadastro de reserva. As inscri\u00e7\u00f5es foram abertas nesta segunda-feira (24\/5) e podem ser feitas at\u00e9 9 de junho, no&nbsp;<a style=\"box-sizing: border-box; background: none transparent scroll repeat 0% 0%; color: #003366; text-decoration-line: none;\" title=\"P\u00e1gina de inscri\u00e7\u00f5es\" href=\"https:\/\/www.cieers.org.br\/estudante\/processosSeletivos\" target=\"_blank\" rel=\"noopener noreferrer\">site do CIEE-RS<\/a>, onde tamb\u00e9m est\u00e1 dispon\u00edvel&nbsp;<a style=\"box-sizing: border-box; background: none transparent scroll repeat 0% 0%; color: #003366; text-decoration-line: none;\" title=\"Edital 2021\" href=\"https:\/\/www.trt4.jus.br\/portais\/media\/474557\/PS%202021%20-%20EDITAL%20-%201-2021%20-%20Processo%20Seletivo%20de%20Est%C3%A1gio.pdf\" target=\"_blank\" rel=\"noopener noreferrer\">o edital<\/a>. N\u00e3o h\u00e1 cobran\u00e7a de taxa.<\/span><\/p>\n<p>Para estudantes de Direito, h\u00e1 possibilidade de atua\u00e7\u00e3o em Porto Alegre e no interior, nas cidades onde a Justi\u00e7a do Trabalho est\u00e1 presente. Na Capital, h\u00e1 ainda oportunidade de est\u00e1gio para estudantes de outros 16 cursos: Administra\u00e7\u00e3o, Inform\u00e1tica, Arquitetura, Arquivologia, Biblioteconomia, Ci\u00eancias Cont\u00e1beis, Jornalismo, Rela\u00e7\u00f5es P\u00fablicas, Publicidade e Propaganda, Design Gr\u00e1fico, Engenharia Civil, Engenharia El\u00e9trica, Engenharia Mec\u00e2nica, Hist\u00f3ria, Museologia e Sociologia. Alunos de Administra\u00e7\u00e3o podem atuar, ainda, nas unidades de Santa Vit\u00f3ria do Palmar e Itaqui. O edital tamb\u00e9m prev\u00ea a oportunidade de est\u00e1gio para estudantes do curso de Tecnologia em Servi\u00e7os Jur\u00eddicos, com atua\u00e7\u00e3o na unidade de Santa Vit\u00f3ria do Palmar. Os candidatos devem ter conclu\u00eddo no m\u00ednimo 30% dos cr\u00e9ditos obrigat\u00f3rios para conclus\u00e3o do curso na \u00e9poca da convoca\u00e7\u00e3o para o preenchimento de vaga de est\u00e1gio.<\/p>\n<p>O valor da bolsa \u00e9 de R$ 833,00, para carga hor\u00e1ria de 4 horas di\u00e1rias. O Tribunal tamb\u00e9m fornece aux\u00edlio-transporte de R$ 7,50 por dia.<\/p>\n<p>O processo seletivo consiste em uma prova objetiva composta por 20 quest\u00f5es de Portugu\u00eas e dez de Inform\u00e1tica, a ser realizada em 20 de junho. Por conta da pandemia, a defini\u00e7\u00e3o quanto ao teste ser aplicado de forma presencial ou remota est\u00e1 prevista para o dia 17 de junho, com a publica\u00e7\u00e3o do \u201cEdital de data, hora e locais de provas\u201d. Sendo presencial, a prova ocorrer\u00e1 nos 65 munic\u00edpios listados no anexo 1 do edital e elencados no final do texto.&nbsp;<\/p>\n<p>A validade do concurso \u00e9 de 180 dias ap\u00f3s a homologa\u00e7\u00e3o do resultado final, prevista para 9 de julho, sendo prorrog\u00e1vel por igual per\u00edodo, a crit\u00e9rio da Administra\u00e7\u00e3o do TRT-RS<\/p>\n<p style=\"box-sizing: border-box; margin: 0px 0px 40px; line-height: 27px;\">Cidades onde h\u00e1 est\u00e1gio do curso de Direito: Porto Alegre, Alegrete, Alvorada, Arroio Grande, Bag\u00e9, Bento Gon\u00e7alves, Cachoeira do Sul, Cachoeirinha, Camaqu\u00e3, Canoas, Cap\u00e3o da Canoa, Carazinho, Caxias do Sul, Cruz Alta, Dom Pedrito, Encantado, Erechim, Est\u00e2ncia Velha, Esteio, Estrela, Farroupilha, Frederico Westphalen, Gramado, Gravata\u00ed, Gua\u00edba, Iju\u00ed, Lagoa Vermelha, Lajeado, Marau, Montenegro, Nova Prata, Novo Hamburgo, Os\u00f3rio, Palmeira das Miss\u00f5es, Panambi, Passo Fundo, Pelotas, Rio Grande, Ros\u00e1rio do Sul, Santa Cruz do Sul, Santa Maria, Santa Rosa, Santana do Livramento, Santiago, Santo \u00c2ngelo, S\u00e3o Borja, S\u00e3o Gabriel, S\u00e3o Jer\u00f4nimo, S\u00e3o Leopoldo, S\u00e3o Louren\u00e7o do Sul, S\u00e3o Sebasti\u00e3o do Ca\u00ed, Sapiranga, Sapucaia do Sul, Soledade, Taquara, Taquari, Torres, Tramanda\u00ed, Tr\u00eas Passos, Triunfo, Uruguaiana, Vacaria e Viam\u00e3o.<\/p>\n<\/div>\n<p><em>*Divulga\u00e7\u00e3o&nbsp;<\/em><\/p>\n<\/div>\n<\/div>\n<\/div>\n<\/div>\n<\/div>\n<\/div>\n<\/div>\n<\/div>","protected":false},"excerpt":{"rendered":"<p>O Tribunal Regional do Trabalho da 4\u00aa Regi\u00e3o (TRT-RS) abriu&nbsp;novo processo seletivo para est\u00e1gio de ensino superior. O concurso servir\u00e1&nbsp;para a forma\u00e7\u00e3o de cadastro de reserva. As inscri\u00e7\u00f5es foram abertas&#8230;<\/p>","protected":false},"author":2,"featured_media":47882,"comment_status":"open","ping_status":"closed","sticky":false,"template":"","format":"standard","meta":{"ngg_post_thumbnail":0,"footnotes":""},"categories":[33],"tags":[],"class_list":["post-47880","post","type-post","status-publish","format-standard","has-post-thumbnail","hentry","category-noticias"],"amp_enabled":true,"_links":{"self":[{"href":"https:\/\/www2.comunitaria.com.br\/en\/wp-json\/wp\/v2\/posts\/47880","targetHints":{"allow":["GET"]}}],"collection":[{"href":"https:\/\/www2.comunitaria.com.br\/en\/wp-json\/wp\/v2\/posts"}],"about":[{"href":"https:\/\/www2.comunitaria.com.br\/en\/wp-json\/wp\/v2\/types\/post"}],"author":[{"embeddable":true,"href":"https:\/\/www2.comunitaria.com.br\/en\/wp-json\/wp\/v2\/users\/2"}],"replies":[{"embeddable":true,"href":"https:\/\/www2.comunitaria.com.br\/en\/wp-json\/wp\/v2\/comments?post=47880"}],"version-history":[{"count":0,"href":"https:\/\/www2.comunitaria.com.br\/en\/wp-json\/wp\/v2\/posts\/47880\/revisions"}],"wp:featuredmedia":[{"embeddable":true,"href":"https:\/\/www2.comunitaria.com.br\/en\/wp-json\/wp\/v2\/media\/47882"}],"wp:attachment":[{"href":"https:\/\/www2.comunitaria.com.br\/en\/wp-json\/wp\/v2\/media?parent=47880"}],"wp:term":[{"taxonomy":"category","embeddable":true,"href":"https:\/\/www2.comunitaria.com.br\/en\/wp-json\/wp\/v2\/categories?post=47880"},{"taxonomy":"post_tag","embeddable":true,"href":"https:\/\/www2.comunitaria.com.br\/en\/wp-json\/wp\/v2\/tags?post=47880"}],"curies":[{"name":"wp","href":"https:\/\/api.w.org\/{rel}","templated":true}]}}