{"id":47815,"date":"2021-05-20T14:40:10","date_gmt":"2021-05-20T16:40:10","guid":{"rendered":"http:\/\/www2.comunitaria.com.br\/?p=47815"},"modified":"2021-05-20T14:40:10","modified_gmt":"2021-05-20T16:40:10","slug":"maranhao-confirma-primeiro-caso-da-variante-indiana-da-covid-19-no-brasil","status":"publish","type":"post","link":"https:\/\/www2.comunitaria.com.br\/en\/maranhao-confirma-primeiro-caso-da-variante-indiana-da-covid-19-no-brasil\/","title":{"rendered":"Maranh\u00e3o confirma primeiro caso da variante indiana da Covid-19 no Brasil"},"content":{"rendered":"<p>A Secretaria de Sa\u00fade do Maranh\u00e3o confirmou, nesta quinta-feira, o primeiro caso de&nbsp;<strong>Covid-19<\/strong>&nbsp;no pa\u00eds provocado pela&nbsp;<strong>variante indiana<\/strong>. Ela foi identificada em um paciente indiano que deu entrada em um hospital da rede privada em S\u00e3o Lu\u00eds na semana passada.<\/p>\n<p>Esse caso \u00e9 de um dos tripulantes do navio &#8220;MV SHANDONG DA ZHI&#8221;, cujas amostras de sangue foram enviadas ao Instituto Evandro Chagas (IEC).<\/p>\n<p>O navio est\u00e1 em quarentena. Entre os tripulantes, h\u00e1 15 casos confirmados de Covid-19. Seis amostras de sangue foram encaminhadas para o instituto e todas foram confirmadas como cepas indianas. Cerca de 100 pessoas tiveram contato com os tripulantes indianos.<\/p>\n<p>At\u00e9 o momento, apenas as variantes do Reino Unido e da \u00c1frica do Sul haviam sido confirmadas no Brasil, al\u00e9m da cepa do Amazonas. A OMS (Organiza\u00e7\u00e3o Mundial da Sa\u00fade) classificou a variante indiana como de preocupa\u00e7\u00e3o, sendo um dos fatores que levaram \u00e0 explos\u00e3o de casos e mortes na \u00cdndia, que ultrapassou 4 mil mortes di\u00e1rias pela Covid-19. Segundo a OMS, a variante est\u00e1 presente em mais de 44 pa\u00edses.<\/p>\n<p>&nbsp;<\/p>\n<p><em>*Correio do Povo&nbsp;<\/em><\/p>","protected":false},"excerpt":{"rendered":"<p>A Secretaria de Sa\u00fade do Maranh\u00e3o confirmou, nesta quinta-feira, o primeiro caso de&nbsp;Covid-19&nbsp;no pa\u00eds provocado pela&nbsp;variante indiana. Ela foi identificada em um paciente indiano que deu entrada em um hospital&#8230;<\/p>","protected":false},"author":2,"featured_media":47817,"comment_status":"open","ping_status":"closed","sticky":false,"template":"","format":"standard","meta":{"ngg_post_thumbnail":0,"footnotes":""},"categories":[33],"tags":[],"class_list":["post-47815","post","type-post","status-publish","format-standard","has-post-thumbnail","hentry","category-noticias"],"amp_enabled":true,"_links":{"self":[{"href":"https:\/\/www2.comunitaria.com.br\/en\/wp-json\/wp\/v2\/posts\/47815","targetHints":{"allow":["GET"]}}],"collection":[{"href":"https:\/\/www2.comunitaria.com.br\/en\/wp-json\/wp\/v2\/posts"}],"about":[{"href":"https:\/\/www2.comunitaria.com.br\/en\/wp-json\/wp\/v2\/types\/post"}],"author":[{"embeddable":true,"href":"https:\/\/www2.comunitaria.com.br\/en\/wp-json\/wp\/v2\/users\/2"}],"replies":[{"embeddable":true,"href":"https:\/\/www2.comunitaria.com.br\/en\/wp-json\/wp\/v2\/comments?post=47815"}],"version-history":[{"count":0,"href":"https:\/\/www2.comunitaria.com.br\/en\/wp-json\/wp\/v2\/posts\/47815\/revisions"}],"wp:featuredmedia":[{"embeddable":true,"href":"https:\/\/www2.comunitaria.com.br\/en\/wp-json\/wp\/v2\/media\/47817"}],"wp:attachment":[{"href":"https:\/\/www2.comunitaria.com.br\/en\/wp-json\/wp\/v2\/media?parent=47815"}],"wp:term":[{"taxonomy":"category","embeddable":true,"href":"https:\/\/www2.comunitaria.com.br\/en\/wp-json\/wp\/v2\/categories?post=47815"},{"taxonomy":"post_tag","embeddable":true,"href":"https:\/\/www2.comunitaria.com.br\/en\/wp-json\/wp\/v2\/tags?post=47815"}],"curies":[{"name":"wp","href":"https:\/\/api.w.org\/{rel}","templated":true}]}}