{"id":47771,"date":"2021-05-19T10:12:38","date_gmt":"2021-05-19T12:12:38","guid":{"rendered":"http:\/\/www2.comunitaria.com.br\/?p=47771"},"modified":"2021-05-19T10:12:38","modified_gmt":"2021-05-19T12:12:38","slug":"acoes-da-cufa-fw-sao-apresentadas-em-simposio-internacional","status":"publish","type":"post","link":"https:\/\/www2.comunitaria.com.br\/en\/acoes-da-cufa-fw-sao-apresentadas-em-simposio-internacional\/","title":{"rendered":"A\u00e7\u00f5es da Cufa\/FW s\u00e3o apresentadas em Simp\u00f3sio Internacional"},"content":{"rendered":"<p>Na noite desta ter\u00e7a-feira, 18, o Coordenador da CUFA Frederico Westphalen\/RS, Junior Torres, participou do Simp\u00f3sio Internacional de Psicologia e Pol\u00edticas P\u00fablicas na Prote\u00e7\u00e3o de Popula\u00e7\u00f5es Vulner\u00e1veis.<\/p>\n<p>O espa\u00e7o promovido atrav\u00e9s de plataforma digital contou, inclusive, com a media\u00e7\u00e3o do Professor Dr. Hugo Melo, a participa\u00e7\u00e3o da Professora Dra. Naiara Moraes, e do Ministro do Tribunal Superior do Trabalho, Augusto C\u00e9sar Leite de Carvalho. Na oportunidade, Junior Torres narrou, brevemente, a trajet\u00f3ria da CUFA em Frederico Westphalen\/RS durante estes 12 anos, bem como explanou sobre as solu\u00e7\u00f5es encontradas pela organiza\u00e7\u00e3o no combate as vulnerabilidades nas comunidades de seu munic\u00edpio sede e tamb\u00e9m nas periferias do Estado do Rio Grande do Sul.<\/p>\n<p>Dentre todos os feitos, mencionou a parceria com o Minist\u00e9rio P\u00fablico do Trabalho de Passo Fundo, articula\u00e7\u00e3o que foi a respons\u00e1vel por disponibilizar mais de 20 toneladas de alimentos. Tamb\u00e9m as a\u00e7\u00f5es do programa nacional \u201cM\u00e3es da Favela\u201d, que executou a transfer\u00eancia de renda e ofertou conectividade m\u00f3vel para l\u00edderes de fam\u00edlia ao longo do \u00faltimo ano e, ainda oferta, no ano de 2021.<\/p>\n<p>Outro projeto recente e de extrema import\u00e2ncia para o setor cultural mencionado, foi o Edital \u201cA\u00e7\u00f5es Culturais das Comunidades\u201d, realizado em parceria com a Secretaria de Estado da Cultura, Governo do Estado do Rio Grande do Sul, CUFA\/FW e CUFA RS, distribuindo R$ 14 milh\u00f5es em pr\u00eamios e subs\u00eddios para agentes e coletivos culturais, com recursos advindos da Lei Aldir Blanc.<\/p>\n<p>O evento acontece em comemora\u00e7\u00e3o ao dia 18 de maio, o \u201cDia Nacional de Combate ao Abuso e Explora\u00e7\u00e3o Sexual de Crian\u00e7as e Adolescentes e Dia Nacional da Luta Antimanicomial\u201d. Segue at\u00e9 o dia 20 de maio, reunindo palestrantes de diversos segmentos e \u00e9 todo transmitido pelo YouTube.<\/p>","protected":false},"excerpt":{"rendered":"<p>Na noite desta ter\u00e7a-feira, 18, o Coordenador da CUFA Frederico Westphalen\/RS, Junior Torres, participou do Simp\u00f3sio Internacional de Psicologia e Pol\u00edticas P\u00fablicas na Prote\u00e7\u00e3o de Popula\u00e7\u00f5es Vulner\u00e1veis. O espa\u00e7o promovido atrav\u00e9s de plataforma digital contou, inclusive, com a media\u00e7\u00e3o do Professor Dr. Hugo Melo, a participa\u00e7\u00e3o da Professora Dra. Naiara Moraes, e do Ministro do<\/p>\n<div class=\"read-more-wrapper\"><a class=\"read-more\" href=\"https:\/\/www2.comunitaria.com.br\/en\/acoes-da-cufa-fw-sao-apresentadas-em-simposio-internacional\/\" title=\"Read More\"> <span class=\"button\">Read More<\/span><\/a><\/div>","protected":false},"author":2,"featured_media":47774,"comment_status":"open","ping_status":"closed","sticky":false,"template":"","format":"standard","meta":{"ngg_post_thumbnail":0,"footnotes":""},"categories":[33],"tags":[],"class_list":["post-47771","post","type-post","status-publish","format-standard","has-post-thumbnail","hentry","category-noticias"],"amp_enabled":true,"_links":{"self":[{"href":"https:\/\/www2.comunitaria.com.br\/en\/wp-json\/wp\/v2\/posts\/47771","targetHints":{"allow":["GET"]}}],"collection":[{"href":"https:\/\/www2.comunitaria.com.br\/en\/wp-json\/wp\/v2\/posts"}],"about":[{"href":"https:\/\/www2.comunitaria.com.br\/en\/wp-json\/wp\/v2\/types\/post"}],"author":[{"embeddable":true,"href":"https:\/\/www2.comunitaria.com.br\/en\/wp-json\/wp\/v2\/users\/2"}],"replies":[{"embeddable":true,"href":"https:\/\/www2.comunitaria.com.br\/en\/wp-json\/wp\/v2\/comments?post=47771"}],"version-history":[{"count":0,"href":"https:\/\/www2.comunitaria.com.br\/en\/wp-json\/wp\/v2\/posts\/47771\/revisions"}],"wp:featuredmedia":[{"embeddable":true,"href":"https:\/\/www2.comunitaria.com.br\/en\/wp-json\/wp\/v2\/media\/47774"}],"wp:attachment":[{"href":"https:\/\/www2.comunitaria.com.br\/en\/wp-json\/wp\/v2\/media?parent=47771"}],"wp:term":[{"taxonomy":"category","embeddable":true,"href":"https:\/\/www2.comunitaria.com.br\/en\/wp-json\/wp\/v2\/categories?post=47771"},{"taxonomy":"post_tag","embeddable":true,"href":"https:\/\/www2.comunitaria.com.br\/en\/wp-json\/wp\/v2\/tags?post=47771"}],"curies":[{"name":"wp","href":"https:\/\/api.w.org\/{rel}","templated":true}]}}