{"id":47742,"date":"2021-05-18T12:47:26","date_gmt":"2021-05-18T14:47:26","guid":{"rendered":"http:\/\/www2.comunitaria.com.br\/?p=47742"},"modified":"2021-05-18T12:47:26","modified_gmt":"2021-05-18T14:47:26","slug":"sesc-frederico-westphalen-prepara-programacao-do-dia-do-desafio","status":"publish","type":"post","link":"https:\/\/www2.comunitaria.com.br\/en\/sesc-frederico-westphalen-prepara-programacao-do-dia-do-desafio\/","title":{"rendered":"Sesc Frederico Westphalen prepara programa\u00e7\u00e3o do Dia do Desafio"},"content":{"rendered":"<p dir=\"ltr\">O m\u00eas de maio chegou e o Dia do Desafio se aproxima para incentivar a popula\u00e7\u00e3o a se movimentar. No dia 26 de maio, o Sistema Fecom\u00e9rcio-RS\/Sesc ir\u00e1 propor uma programa\u00e7\u00e3o especial para estimular que as pessoas interrompam sua rotina para praticar qualquer atividade f\u00edsica por pelo menos 15 minutos consecutivos. Assim como em 2020, as a\u00e7\u00f5es ser\u00e3o virtuais durante todo o dia em prol do bem-estar e da qualidade de vida.<\/p>\n<p dir=\"ltr\">Na p\u00e1gina do Sesc Frederico Westphalen no Facebook (<a href=\"http:\/\/www.facebook.com\/sescfredericowestphalen\" target=\"_blank\" rel=\"noopener noreferrer\" data-saferedirecturl=\"https:\/\/www.google.com\/url?q=http:\/\/www.facebook.com\/sescfredericowestphalen&amp;source=gmail&amp;ust=1621434786931000&amp;usg=AFQjCNGNhJ6Fru_8KAlKHS5n8MAfMIen0A\">www.facebook.com\/<wbr>sescfredericowestphalen<\/a>), \u00e0s 10h, haver\u00e1 uma live sobre Mobilidade Articular e Al\u00edvio das Dores e, \u00e0s 16h, uma transmiss\u00e3o ao vivo de treinamento funcional. Na rede social, tamb\u00e9m ser\u00e3o divulgados os resultados do Desafio Sesc Frederico. Al\u00e9m disso, ser\u00e3o feitas a\u00e7\u00f5es com os alunos da academia, que s\u00e3o convidados a postar seus treinos com as hashtags do evento #DiaDoDesafio2021. Durante o m\u00eas, ser\u00e3o divulgadas outras atividades tamb\u00e9m na p\u00e1gina do Sesc\/RS no Facebook <a href=\"http:\/\/www.facebook.com.br\/sescrs\" target=\"_blank\" rel=\"noopener noreferrer\" data-saferedirecturl=\"https:\/\/www.google.com\/url?q=http:\/\/www.facebook.com.br\/sescrs&amp;source=gmail&amp;ust=1621434786931000&amp;usg=AFQjCNEynCOCn2mexqT0Nk4ISCGrnlgw3Q\">www.facebook.com.br\/sescrs<\/a>.&nbsp;<\/p>\n<p dir=\"ltr\">Sobre o Dia do Desafio: Criado no Canad\u00e1, o evento \u00e9 difundido mundialmente pela The Association For International Sport for All (TAFISA), entidade de promo\u00e7\u00e3o do esporte para todos, sediada na Alemanha. \u00c9 uma campanha de incentivo \u00e0 pr\u00e1tica regular de atividades f\u00edsicas em benef\u00edcio da sa\u00fade. O Sesc\/SP coordena o evento no Continente Americano desde 2000 e, no Rio Grande do Sul, a a\u00e7\u00e3o \u00e9 capitaneada pelo Sistema Fecom\u00e9rcio-RS\/Sesc, em parceria com as Prefeituras. O convite \u00e0 atividade f\u00edsica se estende a todos, envolvendo o poder p\u00fablico de cada cidade, as institui\u00e7\u00f5es da sociedade civil, empresas, volunt\u00e1rios locais e os pr\u00f3prios participantes.<\/p>\n<p dir=\"ltr\">Durante todo o ano de 2020, mesmo em meio \u00e0 pandemia,&nbsp;o&nbsp;Sistema Fecom\u00e9rcio-RS\/Sesc\/Senac&nbsp;estev<wbr>e como sempre bem pr\u00f3ximo \u00e0 comunidade ga\u00facha. Seguindo&nbsp;as recomenda\u00e7\u00f5es das autoridades e mantendo os cuidados com a sa\u00fade de todos, os servi\u00e7os continuaram sendo entregues e fizeram diferen\u00e7a na vida das pessoas. Para 2021, a entidade deseja que os ga\u00fachos vistam seus melhores sorrisos e tenham esperan\u00e7a no novo ciclo. O portal&nbsp;<a href=\"http:\/\/www.pertodevc.com.br\/\" target=\"_blank\" rel=\"noopener noreferrer\" data-saferedirecturl=\"https:\/\/www.google.com\/url?q=http:\/\/www.pertodevc.com.br\/&amp;source=gmail&amp;ust=1621434786931000&amp;usg=AFQjCNGDmUGni89c8Rxd7t0H2TcIg8Xrdg\">www.pertodevc.com.br<\/a>&nbsp;<wbr>segue com programa\u00e7\u00e3o&nbsp;on-line e gratuita em variadas \u00e1reas como: empreendedorismo, educa\u00e7\u00e3o, esporte, sa\u00fade, cultura, lazer e a\u00e7\u00e3o social.<\/p>\n<p dir=\"ltr\">&nbsp;<\/p>\n<p dir=\"ltr\"><em>*Divulga\u00e7\u00e3o Sesc&nbsp;<\/em><\/p>","protected":false},"excerpt":{"rendered":"<p>O m\u00eas de maio chegou e o Dia do Desafio se aproxima para incentivar a popula\u00e7\u00e3o a se movimentar. No dia 26 de maio, o Sistema Fecom\u00e9rcio-RS\/Sesc ir\u00e1 propor uma&#8230;<\/p>","protected":false},"author":2,"featured_media":47744,"comment_status":"open","ping_status":"closed","sticky":false,"template":"","format":"standard","meta":{"ngg_post_thumbnail":0,"footnotes":""},"categories":[33],"tags":[6060,940,83,5397],"class_list":["post-47742","post","type-post","status-publish","format-standard","has-post-thumbnail","hentry","category-noticias","tag-atividades-do-dia-do-desafio","tag-dia-do-desafio","tag-sesc","tag-sesc-fredericowestphalen"],"amp_enabled":true,"_links":{"self":[{"href":"https:\/\/www2.comunitaria.com.br\/en\/wp-json\/wp\/v2\/posts\/47742","targetHints":{"allow":["GET"]}}],"collection":[{"href":"https:\/\/www2.comunitaria.com.br\/en\/wp-json\/wp\/v2\/posts"}],"about":[{"href":"https:\/\/www2.comunitaria.com.br\/en\/wp-json\/wp\/v2\/types\/post"}],"author":[{"embeddable":true,"href":"https:\/\/www2.comunitaria.com.br\/en\/wp-json\/wp\/v2\/users\/2"}],"replies":[{"embeddable":true,"href":"https:\/\/www2.comunitaria.com.br\/en\/wp-json\/wp\/v2\/comments?post=47742"}],"version-history":[{"count":0,"href":"https:\/\/www2.comunitaria.com.br\/en\/wp-json\/wp\/v2\/posts\/47742\/revisions"}],"wp:featuredmedia":[{"embeddable":true,"href":"https:\/\/www2.comunitaria.com.br\/en\/wp-json\/wp\/v2\/media\/47744"}],"wp:attachment":[{"href":"https:\/\/www2.comunitaria.com.br\/en\/wp-json\/wp\/v2\/media?parent=47742"}],"wp:term":[{"taxonomy":"category","embeddable":true,"href":"https:\/\/www2.comunitaria.com.br\/en\/wp-json\/wp\/v2\/categories?post=47742"},{"taxonomy":"post_tag","embeddable":true,"href":"https:\/\/www2.comunitaria.com.br\/en\/wp-json\/wp\/v2\/tags?post=47742"}],"curies":[{"name":"wp","href":"https:\/\/api.w.org\/{rel}","templated":true}]}}