{"id":4758,"date":"2015-07-08T20:05:19","date_gmt":"2015-07-08T22:05:19","guid":{"rendered":"http:\/\/www2.comunitaria.com.br\/?p=4758"},"modified":"2015-07-08T20:06:12","modified_gmt":"2015-07-08T22:06:12","slug":"inicio-de-obras-da-galeria-pluvial-do-bairro-aparecida-esta-marcado-para-agosto","status":"publish","type":"post","link":"https:\/\/www2.comunitaria.com.br\/en\/inicio-de-obras-da-galeria-pluvial-do-bairro-aparecida-esta-marcado-para-agosto\/","title":{"rendered":"In\u00edcio de obras da galeria pluvial do Bairro Aparecida est\u00e1 marcado para agosto"},"content":{"rendered":"<p>J\u00e1 est\u00e3o sendo descarregados os tubos para execu\u00e7\u00e3o da galeria pluvial do Bairro Aparecida, em Frederico Westphalen, referente as obras do Programa de Acelera\u00e7\u00e3o do Crescimento (PAC 2 ). O in\u00edcio de obras acontecer\u00e1 em agosto deste ano, onde ser\u00e3o inseridos 500 metros lineares de galeria pluvial em concreto armado. A galeria tem in\u00edcio na Rua Quinze de Novembro, esquina com a Rua Tr\u00eas de Outubro, e segue na Rua Jos\u00e9 Bonif\u00e1cio at\u00e9 chegar na Rua Ca\u00ed, ponto de encontro com a galeria j\u00e1 existente ligada ao bueiro da BR 386.<\/p>\n<p>Para a execu\u00e7\u00e3o das obras ser\u00e3o utilizadas escavadeiras hidr\u00e1ulicas, detona\u00e7\u00e3o de rochas em alguns pontos e guindaste,  por isso, a Prefeitura de Frederico Westphalen solicita  aos moradores compreens\u00e3o nesse per\u00edodo de obras. No local, tamb\u00e9m ser\u00e3o inseridas placas  de sinaliza\u00e7\u00e3o vi\u00e1ria.<\/p>\n<p><strong>PAC 2<\/strong><\/p>\n<p>As obras do PAC 2 est\u00e3o sendo executadas na Avenida Industrial, Loteamento Mazzutti, Loteamento Cerutti e n\u00facleos 6 e 7. O projeto contempla a drenagem pluvial das vias, base e sub-base de pavimenta\u00e7\u00e3o asf\u00e1ltica, com concreto usinado a quente, sinaliza\u00e7\u00e3o vi\u00e1ria, passeio com piso t\u00e1til, placas de tr\u00e2nsito e acessibilidade. Al\u00e9m do Bairro Aparecida, que receber\u00e1 500 metros lineares de galeria pluvial.<\/p>\n<p>O valor total da obra ultrapassa R$ 6 milh\u00f5es de reais, sendo que deste valor aproximadamente 90% \u00e9 proveniente de financiamento da Caixa Econ\u00f4mica Federal, seguido de uma contrapartida do munic\u00edpio de Frederico Westphalen de R$ 590 mil reais. A empresa respons\u00e1vel pela execu\u00e7\u00e3o das obras \u00e9 Paviter Com\u00e9rcio, Pavimenta\u00e7\u00e3o e Terraplanagem Ltda.<\/p>\n<p><a href=\"http:\/\/www2.comunitaria.com.br\/wp-content\/uploads\/2015\/07\/DSC_1304.jpg\"><img loading=\"lazy\" decoding=\"async\" src=\"http:\/\/www2.comunitaria.com.br\/wp-content\/uploads\/2015\/07\/DSC_1304-1024x678.jpg\" alt=\"DSC_1304\" width=\"1024\" height=\"678\" class=\"alignright size-large wp-image-4759\" srcset=\"https:\/\/www2.comunitaria.com.br\/wp-content\/uploads\/2015\/07\/DSC_1304-1024x678.jpg 1024w, https:\/\/www2.comunitaria.com.br\/wp-content\/uploads\/2015\/07\/DSC_1304-300x199.jpg 300w, https:\/\/www2.comunitaria.com.br\/wp-content\/uploads\/2015\/07\/DSC_1304.jpg 1680w\" sizes=\"auto, (max-width: 1024px) 100vw, 1024px\" \/><\/a><\/p>\n<p><strong>Assessoria de Comunica\u00e7\u00e3o da Prefeitura de Frederico Westphalen<\/strong><\/p>","protected":false},"excerpt":{"rendered":"<p>J\u00e1 est\u00e3o sendo descarregados os tubos para execu\u00e7\u00e3o da galeria pluvial do Bairro Aparecida, em Frederico Westphalen, referente as obras do Programa de Acelera\u00e7\u00e3o do Crescimento (PAC 2 ). O&#8230;<\/p>","protected":false},"author":2,"featured_media":4760,"comment_status":"open","ping_status":"closed","sticky":false,"template":"","format":"standard","meta":{"ngg_post_thumbnail":0,"footnotes":""},"categories":[42,28,33],"tags":[82,720,1144,226],"class_list":["post-4758","post","type-post","status-publish","format-standard","has-post-thumbnail","hentry","category-fred-west","category-destaque","category-noticias","tag-frederico-westphalen","tag-obras","tag-pac2","tag-prefeitura"],"amp_enabled":true,"_links":{"self":[{"href":"https:\/\/www2.comunitaria.com.br\/en\/wp-json\/wp\/v2\/posts\/4758","targetHints":{"allow":["GET"]}}],"collection":[{"href":"https:\/\/www2.comunitaria.com.br\/en\/wp-json\/wp\/v2\/posts"}],"about":[{"href":"https:\/\/www2.comunitaria.com.br\/en\/wp-json\/wp\/v2\/types\/post"}],"author":[{"embeddable":true,"href":"https:\/\/www2.comunitaria.com.br\/en\/wp-json\/wp\/v2\/users\/2"}],"replies":[{"embeddable":true,"href":"https:\/\/www2.comunitaria.com.br\/en\/wp-json\/wp\/v2\/comments?post=4758"}],"version-history":[{"count":0,"href":"https:\/\/www2.comunitaria.com.br\/en\/wp-json\/wp\/v2\/posts\/4758\/revisions"}],"wp:featuredmedia":[{"embeddable":true,"href":"https:\/\/www2.comunitaria.com.br\/en\/wp-json\/wp\/v2\/media\/4760"}],"wp:attachment":[{"href":"https:\/\/www2.comunitaria.com.br\/en\/wp-json\/wp\/v2\/media?parent=4758"}],"wp:term":[{"taxonomy":"category","embeddable":true,"href":"https:\/\/www2.comunitaria.com.br\/en\/wp-json\/wp\/v2\/categories?post=4758"},{"taxonomy":"post_tag","embeddable":true,"href":"https:\/\/www2.comunitaria.com.br\/en\/wp-json\/wp\/v2\/tags?post=4758"}],"curies":[{"name":"wp","href":"https:\/\/api.w.org\/{rel}","templated":true}]}}