{"id":47518,"date":"2021-05-04T14:50:51","date_gmt":"2021-05-04T16:50:51","guid":{"rendered":"http:\/\/www2.comunitaria.com.br\/?p=47518"},"modified":"2021-05-04T14:50:51","modified_gmt":"2021-05-04T16:50:51","slug":"mandetta-afirma-que-filhos-de-bolsonaro-participavam-de-decisoes-sobre-a-pandemia","status":"publish","type":"post","link":"https:\/\/www2.comunitaria.com.br\/en\/mandetta-afirma-que-filhos-de-bolsonaro-participavam-de-decisoes-sobre-a-pandemia\/","title":{"rendered":"Mandetta afirma que filhos de Bolsonaro participavam de decis\u00f5es sobre a pandemia"},"content":{"rendered":"<p>Em&nbsp;depoimento na CPI da Pandemia, o ex-ministro da Sa\u00fade, Luiz Henrique Mandetta, afirmou que os tr\u00eas filhos do presidente Jair Bolsonaro (sem partido) participavam de reuni\u00f5es dos ministros e interferiam em decis\u00f5es do governo na condu\u00e7\u00e3o da crise da&nbsp;pandemia do coronav\u00edrus.<\/p>\n<p>\u201cEu vi reuni\u00e3o de ministros em que o filho do presidente, que \u00e9 vereador no Rio de Janeiro (Carlos Bolsonaro (Republicanos)), estava sentado, tomando notas&#8221;, relatou o ex-ministro.<\/p>\n<p><em>&#8220;O ministro da Sa\u00fade \u00e9 convocado pelo presidente para conversar, para dar explica\u00e7\u00f5es. Eu estive no Pal\u00e1cio do Planalto para participar de uma reuni\u00e3o com m\u00e9dicos que eu nem sabia que existiam, e tinha um papel n\u00e3o timbrado, de um decreto presidencial para que fosse sugerido daquela reuni\u00e3o, que se mudasse a bula da cloroquina, colocando na bula a indica\u00e7\u00e3o da cloroquina para coronav\u00edrus\u201d<\/em>, lembrou Mandetta.<\/p>\n<p>Ap\u00f3s provoca\u00e7\u00e3o do senador Randolfe Rodrigues (Rede-AP), relator da CPI, para que dissertasse sobre a rela\u00e7\u00e3o dos filhos com as decis\u00f5es do governo, Mandetta citou o deputado federal Eduardo Bolsonaro (PSL-SP) e afirmou que os herdeiros do presidente evitaram um encontro com o representante diplom\u00e1tico do pa\u00eds oriental.<\/p>\n<p><em>\u201cRela\u00e7\u00f5es com a China. Eu tinha um Minist\u00e9rio de Rela\u00e7\u00f5es Exteriores, mas eu tinha dificuldades com o ministro. O filho do presidente, o Eduardo estava em rota de colis\u00e3o com a China. Eu fui em uma reuni\u00e3o no Pal\u00e1cio do Planalto em que estavam os tr\u00eas filhos do presidente e mais assessores e disse a eles que precisava falar com o embaixador da China. Posso trazer aqui? \u2018N\u00e3o\u2019. Eles tinha uma dificuldade de superar essas quest\u00f5es.\u201d<\/em><\/p>\n<p>Mandetta lembrou, ainda, que as provoca\u00e7\u00f5es \u00e0 China come\u00e7aram ap\u00f3s viagem de Jair Bolsonaro \u00e0 Fl\u00f3rida, onde encontrou o presidente dos EUA, Donald Trump.<\/p>\n<p>&nbsp;<\/p>\n<p><em>*Brasil de Fato&nbsp;<\/em><\/p>","protected":false},"excerpt":{"rendered":"<p>Em&nbsp;depoimento na CPI da Pandemia, o ex-ministro da Sa\u00fade, Luiz Henrique Mandetta, afirmou que os tr\u00eas filhos do presidente Jair Bolsonaro (sem partido) participavam de reuni\u00f5es dos ministros e interferiam em decis\u00f5es do governo na condu\u00e7\u00e3o da crise da&nbsp;pandemia do coronav\u00edrus. \u201cEu vi reuni\u00e3o de ministros em que o filho do presidente, que \u00e9 vereador<\/p>\n<div class=\"read-more-wrapper\"><a class=\"read-more\" href=\"https:\/\/www2.comunitaria.com.br\/en\/mandetta-afirma-que-filhos-de-bolsonaro-participavam-de-decisoes-sobre-a-pandemia\/\" title=\"Read More\"> <span class=\"button\">Read More<\/span><\/a><\/div>","protected":false},"author":2,"featured_media":47520,"comment_status":"open","ping_status":"closed","sticky":false,"template":"","format":"standard","meta":{"ngg_post_thumbnail":0,"footnotes":""},"categories":[33],"tags":[5960,6031,4516],"class_list":["post-47518","post","type-post","status-publish","format-standard","has-post-thumbnail","hentry","category-noticias","tag-cpi-da-covid-19","tag-mandetta","tag-ministerio-da-saude"],"amp_enabled":true,"_links":{"self":[{"href":"https:\/\/www2.comunitaria.com.br\/en\/wp-json\/wp\/v2\/posts\/47518","targetHints":{"allow":["GET"]}}],"collection":[{"href":"https:\/\/www2.comunitaria.com.br\/en\/wp-json\/wp\/v2\/posts"}],"about":[{"href":"https:\/\/www2.comunitaria.com.br\/en\/wp-json\/wp\/v2\/types\/post"}],"author":[{"embeddable":true,"href":"https:\/\/www2.comunitaria.com.br\/en\/wp-json\/wp\/v2\/users\/2"}],"replies":[{"embeddable":true,"href":"https:\/\/www2.comunitaria.com.br\/en\/wp-json\/wp\/v2\/comments?post=47518"}],"version-history":[{"count":0,"href":"https:\/\/www2.comunitaria.com.br\/en\/wp-json\/wp\/v2\/posts\/47518\/revisions"}],"wp:featuredmedia":[{"embeddable":true,"href":"https:\/\/www2.comunitaria.com.br\/en\/wp-json\/wp\/v2\/media\/47520"}],"wp:attachment":[{"href":"https:\/\/www2.comunitaria.com.br\/en\/wp-json\/wp\/v2\/media?parent=47518"}],"wp:term":[{"taxonomy":"category","embeddable":true,"href":"https:\/\/www2.comunitaria.com.br\/en\/wp-json\/wp\/v2\/categories?post=47518"},{"taxonomy":"post_tag","embeddable":true,"href":"https:\/\/www2.comunitaria.com.br\/en\/wp-json\/wp\/v2\/tags?post=47518"}],"curies":[{"name":"wp","href":"https:\/\/api.w.org\/{rel}","templated":true}]}}