{"id":47417,"date":"2021-04-29T16:08:10","date_gmt":"2021-04-29T18:08:10","guid":{"rendered":"http:\/\/www2.comunitaria.com.br\/?p=47417"},"modified":"2021-04-29T16:10:35","modified_gmt":"2021-04-29T18:10:35","slug":"37-bpm-inicia-as-aulas-do-proerd-no-sistema-hibrido-em-fw","status":"publish","type":"post","link":"https:\/\/www2.comunitaria.com.br\/en\/37-bpm-inicia-as-aulas-do-proerd-no-sistema-hibrido-em-fw\/","title":{"rendered":"37\u00b0 BPM inicia aulas do PROERD no sistema h\u00edbrido em FW"},"content":{"rendered":"<div class=\"o9v6fnle cxmmr5t8 oygrvhab hcukyx3x c1et5uql ii04i59q\">\n<div dir=\"auto\">Na manh\u00e3 desta quinta-feira, 29, iniciou em Frederico Westphalen as aulas no sistema h\u00edbrido do Proerd (Programa Educacional de Resist\u00eancia \u00e0s Drogas).<\/div>\n<\/div>\n<div class=\"o9v6fnle cxmmr5t8 oygrvhab hcukyx3x c1et5uql ii04i59q\">\n<div dir=\"auto\">As aulas \u201cConex\u00e3o Proerd&#8221; consistem em aulas atrav\u00e9s do ensino remoto, contemplando neste dia duas turmas do 5\u00b0 ano da Escola Estadual Afonso Pena e foi ministrada pela sargento Aline, uma das instrutoras do Programa do 37\u00b0 Batalh\u00e3o de Pol\u00edcia Militar.<\/div>\n<\/div>\n<div dir=\"auto\">&nbsp;<\/div>\n<div dir=\"auto\">&nbsp;<\/div>\n<div dir=\"auto\"><em>*CRPO.FNO<\/em><\/div>","protected":false},"excerpt":{"rendered":"<p>Na manh\u00e3 desta quinta-feira, 29, iniciou em Frederico Westphalen as aulas no sistema h\u00edbrido do Proerd (Programa Educacional de Resist\u00eancia \u00e0s Drogas). As aulas \u201cConex\u00e3o Proerd&#8221; consistem em aulas atrav\u00e9s&#8230;<\/p>","protected":false},"author":2,"featured_media":47419,"comment_status":"open","ping_status":"closed","sticky":false,"template":"","format":"standard","meta":{"ngg_post_thumbnail":0,"footnotes":""},"categories":[33],"tags":[],"class_list":["post-47417","post","type-post","status-publish","format-standard","has-post-thumbnail","hentry","category-noticias"],"amp_enabled":true,"_links":{"self":[{"href":"https:\/\/www2.comunitaria.com.br\/en\/wp-json\/wp\/v2\/posts\/47417","targetHints":{"allow":["GET"]}}],"collection":[{"href":"https:\/\/www2.comunitaria.com.br\/en\/wp-json\/wp\/v2\/posts"}],"about":[{"href":"https:\/\/www2.comunitaria.com.br\/en\/wp-json\/wp\/v2\/types\/post"}],"author":[{"embeddable":true,"href":"https:\/\/www2.comunitaria.com.br\/en\/wp-json\/wp\/v2\/users\/2"}],"replies":[{"embeddable":true,"href":"https:\/\/www2.comunitaria.com.br\/en\/wp-json\/wp\/v2\/comments?post=47417"}],"version-history":[{"count":0,"href":"https:\/\/www2.comunitaria.com.br\/en\/wp-json\/wp\/v2\/posts\/47417\/revisions"}],"wp:featuredmedia":[{"embeddable":true,"href":"https:\/\/www2.comunitaria.com.br\/en\/wp-json\/wp\/v2\/media\/47419"}],"wp:attachment":[{"href":"https:\/\/www2.comunitaria.com.br\/en\/wp-json\/wp\/v2\/media?parent=47417"}],"wp:term":[{"taxonomy":"category","embeddable":true,"href":"https:\/\/www2.comunitaria.com.br\/en\/wp-json\/wp\/v2\/categories?post=47417"},{"taxonomy":"post_tag","embeddable":true,"href":"https:\/\/www2.comunitaria.com.br\/en\/wp-json\/wp\/v2\/tags?post=47417"}],"curies":[{"name":"wp","href":"https:\/\/api.w.org\/{rel}","templated":true}]}}