{"id":47357,"date":"2021-04-28T14:13:22","date_gmt":"2021-04-28T16:13:22","guid":{"rendered":"http:\/\/www2.comunitaria.com.br\/?p=47357"},"modified":"2021-04-28T14:13:22","modified_gmt":"2021-04-28T16:13:22","slug":"cafe-com-turismo-evidencia-atrativos-turisticos","status":"publish","type":"post","link":"https:\/\/www2.comunitaria.com.br\/en\/cafe-com-turismo-evidencia-atrativos-turisticos\/","title":{"rendered":"Caf\u00e9 com Turismo evidencia atrativos tur\u00edsticos"},"content":{"rendered":"<p><i><span style=\"font-weight: 400;\">Pousada Vale de Luz, na linha 21 de Abril, \u00e9 um dos principais locais que atraem turistas em Frederico Westphalen<\/span><\/i><\/p>\n<p><span style=\"font-weight: 400;\">A beleza do nascer do sol, temperado com a fragr\u00e2ncia do caf\u00e9 passado deixam o in\u00edcio do dia ainda melhor. Aliado a isso, o contato direto com a natureza, seus sons e a diversidade de cores, com o toque final de um vale cheio de vida. Isso \u00e9 o que oferece a Pousada Vale de Luz, localizada na linha 21 de Abril, em Frederico Westphalen. O estabelecimento oferece hospedagem, caf\u00e9 colonial com produtos produzidos pela fam\u00edlia propriet\u00e1ria e adquiridos de agroind\u00fastrias do munic\u00edpio.<\/span><\/p>\n<p><span style=\"font-weight: 400;\">Com diversos quartos, deques e ambientes ao ar livre, a Pousada Vale de Luz foi o palco do Caf\u00e9 com Turismo, iniciativa da Administra\u00e7\u00e3o Municipal, atrav\u00e9s da Secretaria de Ind\u00fastria, Com\u00e9rcio e Turismo e Sala do Empreendedor, realizada nessa quarta-feira, 28. O encontro contou com a presen\u00e7a do prefeito de Frederico Westphalen, Jos\u00e9 Alberto Panosso, do vice-prefeito, Jo\u00e3o Vendruscolo, e secret\u00e1rios municipais.<\/span><\/p>\n<p><span style=\"font-weight: 400;\"><em>\u201cO Caf\u00e9 com Turismo est\u00e1 evidenciando o enorme potencial tur\u00edstico que temos em Frederico Westphalen. Gra\u00e7as \u00e0 iniciativa da Administra\u00e7\u00e3o Municipal com apoio de entidades ligadas ao turismo, estamos engajando novos empreendimentos e valorizando os empreendedores que trabalham pelo desenvolvimento do turismo em Frederico Westphalen. No nosso munic\u00edpio, h\u00e1 um grande potencial para o crescimento e explora\u00e7\u00e3o tur\u00edstica\u201d<\/em>, destacou o prefeito Panosso.<\/span><\/p>\n<p><span style=\"font-weight: 400;\">A Pousada Vale de Luz oferece a possibilidade de caf\u00e9 colonial separado da hospedagem. Quem quiser provar as del\u00edcias do estabelecimento pode agendar com anteced\u00eancia atrav\u00e9s do telefone (55) 9.9902-4705.<\/span><\/p>\n<p><b>Siga a Pousada Vale de Luz nas redes sociais<\/b><\/p>\n<p><span style=\"font-weight: 400;\">Instagram: @pousadavaledeluz<\/span><\/p>\n<p><span style=\"font-weight: 400;\">Facebook: Pousada Vale de Luz<\/span><\/p>\n<p>&nbsp;<\/p>\n<p><em><span style=\"text-decoration: underline;\">*ASCOM Prefeitura Municipal de FW<\/span><\/em><\/p>","protected":false},"excerpt":{"rendered":"<p>Pousada Vale de Luz, na linha 21 de Abril, \u00e9 um dos principais locais que atraem turistas em Frederico Westphalen A beleza do nascer do sol, temperado com a fragr\u00e2ncia do caf\u00e9 passado deixam o in\u00edcio do dia ainda melhor. Aliado a isso, o contato direto com a natureza, seus sons e a diversidade de<\/p>\n<div class=\"read-more-wrapper\"><a class=\"read-more\" href=\"https:\/\/www2.comunitaria.com.br\/en\/cafe-com-turismo-evidencia-atrativos-turisticos\/\" title=\"Read More\"> <span class=\"button\">Read More<\/span><\/a><\/div>","protected":false},"author":2,"featured_media":47359,"comment_status":"open","ping_status":"closed","sticky":false,"template":"","format":"standard","meta":{"ngg_post_thumbnail":0,"footnotes":""},"categories":[33],"tags":[5998,82,5997,4655,5980,5996,5979],"class_list":["post-47357","post","type-post","status-publish","format-standard","has-post-thumbnail","hentry","category-noticias","tag-cafe-com-turismo","tag-frederico-westphalen","tag-pousada-vale-de-luz","tag-radiocomunitariafw","tag-turismo-em-frederico-westphalen","tag-turismo-regional","tag-turismo-rural"],"amp_enabled":true,"_links":{"self":[{"href":"https:\/\/www2.comunitaria.com.br\/en\/wp-json\/wp\/v2\/posts\/47357","targetHints":{"allow":["GET"]}}],"collection":[{"href":"https:\/\/www2.comunitaria.com.br\/en\/wp-json\/wp\/v2\/posts"}],"about":[{"href":"https:\/\/www2.comunitaria.com.br\/en\/wp-json\/wp\/v2\/types\/post"}],"author":[{"embeddable":true,"href":"https:\/\/www2.comunitaria.com.br\/en\/wp-json\/wp\/v2\/users\/2"}],"replies":[{"embeddable":true,"href":"https:\/\/www2.comunitaria.com.br\/en\/wp-json\/wp\/v2\/comments?post=47357"}],"version-history":[{"count":0,"href":"https:\/\/www2.comunitaria.com.br\/en\/wp-json\/wp\/v2\/posts\/47357\/revisions"}],"wp:featuredmedia":[{"embeddable":true,"href":"https:\/\/www2.comunitaria.com.br\/en\/wp-json\/wp\/v2\/media\/47359"}],"wp:attachment":[{"href":"https:\/\/www2.comunitaria.com.br\/en\/wp-json\/wp\/v2\/media?parent=47357"}],"wp:term":[{"taxonomy":"category","embeddable":true,"href":"https:\/\/www2.comunitaria.com.br\/en\/wp-json\/wp\/v2\/categories?post=47357"},{"taxonomy":"post_tag","embeddable":true,"href":"https:\/\/www2.comunitaria.com.br\/en\/wp-json\/wp\/v2\/tags?post=47357"}],"curies":[{"name":"wp","href":"https:\/\/api.w.org\/{rel}","templated":true}]}}