{"id":47193,"date":"2021-04-20T14:11:08","date_gmt":"2021-04-20T16:11:08","guid":{"rendered":"http:\/\/www2.comunitaria.com.br\/?p=47193"},"modified":"2021-04-20T14:11:08","modified_gmt":"2021-04-20T16:11:08","slug":"ruas-recebem-operacao-tapa-buracos","status":"publish","type":"post","link":"https:\/\/www2.comunitaria.com.br\/en\/ruas-recebem-operacao-tapa-buracos\/","title":{"rendered":"Ruas recebem opera\u00e7\u00e3o tapa-buracos"},"content":{"rendered":"<p><i><span style=\"font-weight: 400;\">Secretaria de Obras organizou planejamento de melhorias para realizar trabalhos em toda a cidade<\/span><\/i><\/p>\n<p><span style=\"font-weight: 400;\">A Administra\u00e7\u00e3o Municipal de Frederico Westphalen, atrav\u00e9s da Secretaria de Obras, Via\u00e7\u00e3o e Servi\u00e7os Urbanos, intensificou nesta ter\u00e7a-feira, 20, os trabalhos com a opera\u00e7\u00e3o tapa-buracos. Pela manh\u00e3, a rua Tuiuti, no Centro, recebeu melhorias.<\/span><\/p>\n<p><span style=\"font-weight: 400;\">Para garantir melhorias em todos os bairros, diversas ruas tamb\u00e9m receber\u00e3o servi\u00e7os de melhorias com a opera\u00e7\u00e3o tapa-buraco. Al\u00e9m disso, a Secretaria de Obras, Via\u00e7\u00e3o e Servi\u00e7os Urbanos tem trabalhado intensamente em reparos na ilumina\u00e7\u00e3o p\u00fablica e substitui\u00e7\u00e3o de l\u00e2mpadas.<\/span><\/p>\n<p>&nbsp;<\/p>\n<p><em>*Divulga\u00e7\u00e3o Prefeitura Municipal&nbsp;<\/em><\/p>","protected":false},"excerpt":{"rendered":"<p>Secretaria de Obras organizou planejamento de melhorias para realizar trabalhos em toda a cidade A Administra\u00e7\u00e3o Municipal de Frederico Westphalen, atrav\u00e9s da Secretaria de Obras, Via\u00e7\u00e3o e Servi\u00e7os Urbanos, intensificou nesta ter\u00e7a-feira, 20, os trabalhos com a opera\u00e7\u00e3o tapa-buracos. Pela manh\u00e3, a rua Tuiuti, no Centro, recebeu melhorias. Para garantir melhorias em todos os bairros,<\/p>\n<div class=\"read-more-wrapper\"><a class=\"read-more\" href=\"https:\/\/www2.comunitaria.com.br\/en\/ruas-recebem-operacao-tapa-buracos\/\" title=\"Read More\"> <span class=\"button\">Read More<\/span><\/a><\/div>","protected":false},"author":2,"featured_media":47195,"comment_status":"open","ping_status":"closed","sticky":false,"template":"","format":"standard","meta":{"ngg_post_thumbnail":0,"footnotes":""},"categories":[33],"tags":[4666,82,5687,5965],"class_list":["post-47193","post","type-post","status-publish","format-standard","has-post-thumbnail","hentry","category-noticias","tag-comunitariafw","tag-frederico-westphalen","tag-radiocomunitaraifw","tag-ruas-frederico-westphalen"],"amp_enabled":true,"_links":{"self":[{"href":"https:\/\/www2.comunitaria.com.br\/en\/wp-json\/wp\/v2\/posts\/47193","targetHints":{"allow":["GET"]}}],"collection":[{"href":"https:\/\/www2.comunitaria.com.br\/en\/wp-json\/wp\/v2\/posts"}],"about":[{"href":"https:\/\/www2.comunitaria.com.br\/en\/wp-json\/wp\/v2\/types\/post"}],"author":[{"embeddable":true,"href":"https:\/\/www2.comunitaria.com.br\/en\/wp-json\/wp\/v2\/users\/2"}],"replies":[{"embeddable":true,"href":"https:\/\/www2.comunitaria.com.br\/en\/wp-json\/wp\/v2\/comments?post=47193"}],"version-history":[{"count":0,"href":"https:\/\/www2.comunitaria.com.br\/en\/wp-json\/wp\/v2\/posts\/47193\/revisions"}],"wp:featuredmedia":[{"embeddable":true,"href":"https:\/\/www2.comunitaria.com.br\/en\/wp-json\/wp\/v2\/media\/47195"}],"wp:attachment":[{"href":"https:\/\/www2.comunitaria.com.br\/en\/wp-json\/wp\/v2\/media?parent=47193"}],"wp:term":[{"taxonomy":"category","embeddable":true,"href":"https:\/\/www2.comunitaria.com.br\/en\/wp-json\/wp\/v2\/categories?post=47193"},{"taxonomy":"post_tag","embeddable":true,"href":"https:\/\/www2.comunitaria.com.br\/en\/wp-json\/wp\/v2\/tags?post=47193"}],"curies":[{"name":"wp","href":"https:\/\/api.w.org\/{rel}","templated":true}]}}