{"id":47177,"date":"2021-04-20T11:55:23","date_gmt":"2021-04-20T13:55:23","guid":{"rendered":"http:\/\/www2.comunitaria.com.br\/?p=47177"},"modified":"2021-04-20T11:55:23","modified_gmt":"2021-04-20T13:55:23","slug":"secretario-esclarece-aos-vereadores-a-necessidade-de-contratacoes-emergenciais","status":"publish","type":"post","link":"https:\/\/www2.comunitaria.com.br\/en\/secretario-esclarece-aos-vereadores-a-necessidade-de-contratacoes-emergenciais\/","title":{"rendered":"Secret\u00e1rio esclarece aos vereadores a necessidade de contrata\u00e7\u00f5es emergenciais"},"content":{"rendered":"<p><i><span style=\"font-weight: 400;\">PL prev\u00ea a sele\u00e7\u00e3o de tr\u00eas engenheiros civis para atuar na pasta de Coordena\u00e7\u00e3o e Planejamento<\/span><\/i><\/p>\n<p><span style=\"font-weight: 400;\">Os vereadores de Frederico Westphalen receberam durante a reuni\u00e3o das Comiss\u00f5es, na manh\u00e3 desta segunda-feira, 19, o secret\u00e1rio de coordena\u00e7\u00e3o e planejamento Lucas Aguiar, que buscou o apoio dos edis quanto a aprova\u00e7\u00e3o do Projeto de Lei (PL) 035 que prev\u00ea a contrata\u00e7\u00e3o emergencial de tr\u00eas engenheiros civis para atuar na pasta.<\/span><\/p>\n<p><span style=\"font-weight: 400;\">De acordo com o representante do executivo a impossibilidade da realiza\u00e7\u00e3o de concurso p\u00fablico devido o decreto federal e a dificuldade em pagamento das horas extras justifica a proposta encaminhada ao legislativo. <em>\u201cCom o n\u00famero crescente de obras no munic\u00edpio e a demanda constante de profissionais para a\u00e7\u00f5es de outras pastas do pr\u00f3prio executivo, pois hoje, a nossa secretaria d\u00e1 suporte para todas as outras, desde educa\u00e7\u00e3o com o PPCI e execu\u00e7\u00e3o de reformas e amplia\u00e7\u00f5es de escolas, obras, habita\u00e7\u00f5es, regulariza\u00e7\u00f5es, enfim, a maioria desses projetos precisa do aval desses engenheiros\u201d<\/em>, ponderou.<\/span><\/p>\n<p><span style=\"font-weight: 400;\">De acordo com o projeto as contrata\u00e7\u00f5es ocorreram por meio de processo seletivo simplificado, para 20 horas, pelo prazo de seis meses. Os profissionais teriam a incumb\u00eancia de auxiliar o quadro de funcion\u00e1rios da pasta na fiscaliza\u00e7\u00e3o, aprova\u00e7\u00e3o e elabora\u00e7\u00e3o de projetos, loteamentos e edifica\u00e7\u00f5es.<\/span><\/p>\n<p><span style=\"font-weight: 400;\">A proposta segue em avalia\u00e7\u00e3o na casa legislativa.<\/span><\/p>\n<p>&nbsp;<\/p>\n<p><em>*Divulga\u00e7\u00e3o C\u00e2mara de Vereadores de FW<\/em><\/p>","protected":false},"excerpt":{"rendered":"<p>PL prev\u00ea a sele\u00e7\u00e3o de tr\u00eas engenheiros civis para atuar na pasta de Coordena\u00e7\u00e3o e Planejamento Os vereadores de Frederico Westphalen receberam durante a reuni\u00e3o das Comiss\u00f5es, na manh\u00e3 desta&#8230;<\/p>","protected":false},"author":2,"featured_media":47179,"comment_status":"open","ping_status":"closed","sticky":false,"template":"","format":"standard","meta":{"ngg_post_thumbnail":0,"footnotes":""},"categories":[33],"tags":[5963,82,1160,4655],"class_list":["post-47177","post","type-post","status-publish","format-standard","has-post-thumbnail","hentry","category-noticias","tag-camara-de-vereadores-fw","tag-frederico-westphalen","tag-projeto-de-lei","tag-radiocomunitariafw"],"amp_enabled":true,"_links":{"self":[{"href":"https:\/\/www2.comunitaria.com.br\/en\/wp-json\/wp\/v2\/posts\/47177","targetHints":{"allow":["GET"]}}],"collection":[{"href":"https:\/\/www2.comunitaria.com.br\/en\/wp-json\/wp\/v2\/posts"}],"about":[{"href":"https:\/\/www2.comunitaria.com.br\/en\/wp-json\/wp\/v2\/types\/post"}],"author":[{"embeddable":true,"href":"https:\/\/www2.comunitaria.com.br\/en\/wp-json\/wp\/v2\/users\/2"}],"replies":[{"embeddable":true,"href":"https:\/\/www2.comunitaria.com.br\/en\/wp-json\/wp\/v2\/comments?post=47177"}],"version-history":[{"count":0,"href":"https:\/\/www2.comunitaria.com.br\/en\/wp-json\/wp\/v2\/posts\/47177\/revisions"}],"wp:featuredmedia":[{"embeddable":true,"href":"https:\/\/www2.comunitaria.com.br\/en\/wp-json\/wp\/v2\/media\/47179"}],"wp:attachment":[{"href":"https:\/\/www2.comunitaria.com.br\/en\/wp-json\/wp\/v2\/media?parent=47177"}],"wp:term":[{"taxonomy":"category","embeddable":true,"href":"https:\/\/www2.comunitaria.com.br\/en\/wp-json\/wp\/v2\/categories?post=47177"},{"taxonomy":"post_tag","embeddable":true,"href":"https:\/\/www2.comunitaria.com.br\/en\/wp-json\/wp\/v2\/tags?post=47177"}],"curies":[{"name":"wp","href":"https:\/\/api.w.org\/{rel}","templated":true}]}}