{"id":47130,"date":"2021-04-16T16:01:25","date_gmt":"2021-04-16T18:01:25","guid":{"rendered":"http:\/\/www2.comunitaria.com.br\/?p=47130"},"modified":"2021-04-16T16:01:25","modified_gmt":"2021-04-16T18:01:25","slug":"sicredi-recebe-mocao-de-aplauso-do-legislativo-de-caicara","status":"publish","type":"post","link":"https:\/\/www2.comunitaria.com.br\/en\/sicredi-recebe-mocao-de-aplauso-do-legislativo-de-caicara\/","title":{"rendered":"Sicredi recebe Mo\u00e7\u00e3o de Aplauso do Legislativo de Cai\u00e7ara"},"content":{"rendered":"<p><strong><em>Reconhecimento foi prestado pelo apoio da Cooperativa, atrav\u00e9s de projetos que contemplam a popula\u00e7\u00e3o local <\/em><\/strong><\/p>\n<p>O Poder Legislativo de Cai\u00e7ara, por indica\u00e7\u00e3o do vereador Raul Stefanello \u2013 aprovada por unanimidade pelos colegas \u2013, prestou Mo\u00e7\u00e3o de Aplauso \u00e0 Sicredi Alto Uruguai RS\/SC\/MG, em sess\u00e3o ordin\u00e1ria, realizada no dia 30 de mar\u00e7o.<\/p>\n<p>A institui\u00e7\u00e3o financeira recebeu a distin\u00e7\u00e3o pelo apoio, colabora\u00e7\u00e3o e servi\u00e7os prestados ao munic\u00edpio, especialmente pelos recursos repassados ao Hospital S\u00e3o Roque, atrav\u00e9s do Fundo de Desenvolvimento Regional, para dar suporte ao combate \u00e0 pandemia, e da a\u00e7\u00e3o solid\u00e1ria <em>\u201cJuntos Fazemos o Bem&#8221;<\/em>, e demais a\u00e7\u00f5es que contemplam a popula\u00e7\u00e3o.<\/p>\n<p>Em nome da Cooperativa, a presidente Angelita Marisa Cadon\u00e1, agradece o reconhecimento e ressalta o esp\u00edrito empreendedor da comunidade cai\u00e7arense, que valoriza o Sicredi e cresce junto com a institui\u00e7\u00e3o. <em>\u201cCom estes projetos e suportes financeiros, atrav\u00e9s das doa\u00e7\u00f5es realizadas, refor\u00e7amos a nossa miss\u00e3o como sistema cooperativo de valorizar o relacionamento, oferecer solu\u00e7\u00f5es financeiras para agregar renda e contribuir para a melhoria da qualidade de vida dos associados e da sociedade. Queremos estar cada vez mais presentes e evoluir junto com os mun\u00edcipes que s\u00e3o t\u00e3o pr\u00f3speros e merecedores de estarem envolvidos nas nossas a\u00e7\u00f5es e projetos\u201d,<\/em> frisa a presidente.<\/p>\n<p>&nbsp;<\/p>\n<p><em>*Divulga\u00e7\u00e3o Sicredi&nbsp;<\/em><\/p>","protected":false},"excerpt":{"rendered":"<p>Reconhecimento foi prestado pelo apoio da Cooperativa, atrav\u00e9s de projetos que contemplam a popula\u00e7\u00e3o local O Poder Legislativo de Cai\u00e7ara, por indica\u00e7\u00e3o do vereador Raul Stefanello \u2013 aprovada por unanimidade pelos colegas \u2013, prestou Mo\u00e7\u00e3o de Aplauso \u00e0 Sicredi Alto Uruguai RS\/SC\/MG, em sess\u00e3o ordin\u00e1ria, realizada no dia 30 de mar\u00e7o. A institui\u00e7\u00e3o financeira recebeu<\/p>\n<div class=\"read-more-wrapper\"><a class=\"read-more\" href=\"https:\/\/www2.comunitaria.com.br\/en\/sicredi-recebe-mocao-de-aplauso-do-legislativo-de-caicara\/\" title=\"Read More\"> <span class=\"button\">Read More<\/span><\/a><\/div>","protected":false},"author":2,"featured_media":47135,"comment_status":"open","ping_status":"closed","sticky":false,"template":"","format":"standard","meta":{"ngg_post_thumbnail":0,"footnotes":""},"categories":[33],"tags":[5710,5956,218],"class_list":["post-47130","post","type-post","status-publish","format-standard","has-post-thumbnail","hentry","category-noticias","tag-cooperativa-sicredi","tag-prefeitura-de-caicara","tag-sicredi"],"amp_enabled":true,"_links":{"self":[{"href":"https:\/\/www2.comunitaria.com.br\/en\/wp-json\/wp\/v2\/posts\/47130","targetHints":{"allow":["GET"]}}],"collection":[{"href":"https:\/\/www2.comunitaria.com.br\/en\/wp-json\/wp\/v2\/posts"}],"about":[{"href":"https:\/\/www2.comunitaria.com.br\/en\/wp-json\/wp\/v2\/types\/post"}],"author":[{"embeddable":true,"href":"https:\/\/www2.comunitaria.com.br\/en\/wp-json\/wp\/v2\/users\/2"}],"replies":[{"embeddable":true,"href":"https:\/\/www2.comunitaria.com.br\/en\/wp-json\/wp\/v2\/comments?post=47130"}],"version-history":[{"count":0,"href":"https:\/\/www2.comunitaria.com.br\/en\/wp-json\/wp\/v2\/posts\/47130\/revisions"}],"wp:featuredmedia":[{"embeddable":true,"href":"https:\/\/www2.comunitaria.com.br\/en\/wp-json\/wp\/v2\/media\/47135"}],"wp:attachment":[{"href":"https:\/\/www2.comunitaria.com.br\/en\/wp-json\/wp\/v2\/media?parent=47130"}],"wp:term":[{"taxonomy":"category","embeddable":true,"href":"https:\/\/www2.comunitaria.com.br\/en\/wp-json\/wp\/v2\/categories?post=47130"},{"taxonomy":"post_tag","embeddable":true,"href":"https:\/\/www2.comunitaria.com.br\/en\/wp-json\/wp\/v2\/tags?post=47130"}],"curies":[{"name":"wp","href":"https:\/\/api.w.org\/{rel}","templated":true}]}}