{"id":47001,"date":"2021-04-12T18:11:16","date_gmt":"2021-04-12T20:11:16","guid":{"rendered":"http:\/\/www2.comunitaria.com.br\/?p=47001"},"modified":"2021-04-12T18:11:16","modified_gmt":"2021-04-12T20:11:16","slug":"dia-das-maes-recupere-o-seu-poder-de-compra-e-presenteie-quem-voce-ama","status":"publish","type":"post","link":"https:\/\/www2.comunitaria.com.br\/en\/dia-das-maes-recupere-o-seu-poder-de-compra-e-presenteie-quem-voce-ama\/","title":{"rendered":"Dia das M\u00e3es: Recupere o seu poder de compra e presenteie quem voc\u00ea ama"},"content":{"rendered":"<p><i><span style=\"font-weight: 400;\">Campanha da AEFW orienta os consumidores inadimplentes para regularizar a situa\u00e7\u00e3o financeira. Consultas ao CPF podem ser feitas no escrit\u00f3rio da entidade<\/span><\/i><\/p>\n<p><span style=\"font-weight: 400;\">Com a proximidade do Dia das M\u00e3es, uma das principais datas comemorativas para o com\u00e9rcio, a Associa\u00e7\u00e3o Empresarial de Frederico Westphalen (AEFW), em parceria com a CDL Poa e o SCPC Boa Vista, est\u00e1 promovendo uma campanha de regulariza\u00e7\u00e3o da situa\u00e7\u00e3o financeira dos consumidores, com foco no pagamento de d\u00edvidas e recupera\u00e7\u00e3o do poder de compra. Conforme os dados fornecidos pela Boa Vista SCPC, em Frederico Westphalen o percentual de inadimpl\u00eancia atual \u00e9 grande, onde 20,7% da popula\u00e7\u00e3o tem algum tipo de restri\u00e7\u00e3o seja cr\u00e9dito, cheques ou protestos \u2013 aproximadamente 5.800 pessoas.<\/span><\/p>\n<p><span style=\"font-weight: 400;\">Diante deste \u00edndice, a AEFW orienta os consumidores frederiquenses que est\u00e3o inadimplentes a quitarem as suas d\u00edvidas durante o m\u00eas de abril para poderem aproveitar as tradicionais promo\u00e7\u00f5es especiais do Dia das M\u00e3es. A campanha traz a seguinte mensagem: <em>\u201cTem m\u00e3e casada, m\u00e3e solteira, tem tamb\u00e9m a av\u00f3 que \u00e9 m\u00e3e&#8230; Isso n\u00e3o importa. O que n\u00e3o pode \u00e9 deixar de lembrar dessa pessoa t\u00e3o essencial em sua vida. Regularize sua situa\u00e7\u00e3o financeira e mostre todo o seu amor para ela\u201d.<\/em><\/span><\/p>\n<p><span style=\"font-weight: 400;\">Os consumidores que n\u00e3o sabem se possuem ou n\u00e3o restri\u00e7\u00f5es podem consultar o seu CPF no balc\u00e3o de atendimento do SCPC, no escrit\u00f3rio da AEFW: Rua do Com\u00e9rcio, 1013, Sala 06; de segunda a sexta-feira, das 7h45 \u00e0s 12h e das 13h30 \u00e0s 18h. A consulta \u00e9 realizada exclusivamente de forma presencial, em que o titular do CPF deve apresentar um documento com&nbsp; foto. Op\u00e7\u00f5es de consulta: Simples (R$5,00) &#8211; cr\u00e9dito e cheque; ou Completa (R$10,00) &#8211; cr\u00e9dito, cheque e t\u00edtulos protestados + documento impresso. Mais informa\u00e7\u00f5es pelo telefone (55) 3744.4244.<\/span><\/p>\n<p>&nbsp;<\/p>\n<p><em>*Divulga\u00e7\u00e3o&nbsp;<\/em><\/p>","protected":false},"excerpt":{"rendered":"<p>Campanha da AEFW orienta os consumidores inadimplentes para regularizar a situa\u00e7\u00e3o financeira. Consultas ao CPF podem ser feitas no escrit\u00f3rio da entidade Com a proximidade do Dia das M\u00e3es, uma&#8230;<\/p>","protected":false},"author":2,"featured_media":47003,"comment_status":"open","ping_status":"closed","sticky":false,"template":"","format":"standard","meta":{"ngg_post_thumbnail":0,"footnotes":""},"categories":[33],"tags":[],"class_list":["post-47001","post","type-post","status-publish","format-standard","has-post-thumbnail","hentry","category-noticias"],"amp_enabled":true,"_links":{"self":[{"href":"https:\/\/www2.comunitaria.com.br\/en\/wp-json\/wp\/v2\/posts\/47001","targetHints":{"allow":["GET"]}}],"collection":[{"href":"https:\/\/www2.comunitaria.com.br\/en\/wp-json\/wp\/v2\/posts"}],"about":[{"href":"https:\/\/www2.comunitaria.com.br\/en\/wp-json\/wp\/v2\/types\/post"}],"author":[{"embeddable":true,"href":"https:\/\/www2.comunitaria.com.br\/en\/wp-json\/wp\/v2\/users\/2"}],"replies":[{"embeddable":true,"href":"https:\/\/www2.comunitaria.com.br\/en\/wp-json\/wp\/v2\/comments?post=47001"}],"version-history":[{"count":0,"href":"https:\/\/www2.comunitaria.com.br\/en\/wp-json\/wp\/v2\/posts\/47001\/revisions"}],"wp:featuredmedia":[{"embeddable":true,"href":"https:\/\/www2.comunitaria.com.br\/en\/wp-json\/wp\/v2\/media\/47003"}],"wp:attachment":[{"href":"https:\/\/www2.comunitaria.com.br\/en\/wp-json\/wp\/v2\/media?parent=47001"}],"wp:term":[{"taxonomy":"category","embeddable":true,"href":"https:\/\/www2.comunitaria.com.br\/en\/wp-json\/wp\/v2\/categories?post=47001"},{"taxonomy":"post_tag","embeddable":true,"href":"https:\/\/www2.comunitaria.com.br\/en\/wp-json\/wp\/v2\/tags?post=47001"}],"curies":[{"name":"wp","href":"https:\/\/api.w.org\/{rel}","templated":true}]}}