{"id":46933,"date":"2021-04-09T13:23:48","date_gmt":"2021-04-09T15:23:48","guid":{"rendered":"http:\/\/www2.comunitaria.com.br\/?p=46933"},"modified":"2021-04-09T13:23:48","modified_gmt":"2021-04-09T15:23:48","slug":"vacinacao-contra-a-influenza-inicia-na-proxima-segunda-feira-12","status":"publish","type":"post","link":"https:\/\/www2.comunitaria.com.br\/en\/vacinacao-contra-a-influenza-inicia-na-proxima-segunda-feira-12\/","title":{"rendered":"Vacina\u00e7\u00e3o contra a Influenza inicia na pr\u00f3xima segunda-feira, 12"},"content":{"rendered":"<p><em><span style=\"font-weight: 400;\">Cronograma conta com tr\u00eas fases da vacina\u00e7\u00e3o<\/span><\/em><\/p>\n<p><span style=\"font-weight: 400;\">Inicia na pr\u00f3xima segunda-feira, 12, a Campanha Nacional de Vacina\u00e7\u00e3o contra a Gripe. A campanha que conta com tr\u00eas fases, tem como foco vacinar grupos espec\u00edficos em momentos distintos. Em Frederico Westphalen, haver\u00e1 vacina\u00e7\u00e3o nos Postos de Sa\u00fade do Jardim Primavera e S\u00e3o Francisco de Paula, das 8 \u00e0s 11 horas e das 13 \u00e0s 16 horas.<\/span><\/p>\n<p><span style=\"font-weight: 400;\">Na primeira fase ser\u00e3o vacinados os profissionais da sa\u00fade, crian\u00e7as entre 6 meses e 5 anos de idade, gestantes e pu\u00e9rperas. A fase 1 segue at\u00e9 dia 10 de maio.<\/span><\/p>\n<p><span style=\"font-weight: 400;\">\u00c9 necess\u00e1rio apresentar o Cart\u00e3o do Sistema \u00danico de Sa\u00fade (SUS).<\/span><\/p>\n<p>&nbsp;<\/p>\n<p><em>*Divulga\u00e7\u00e3o Prefeitura Municipal de FW<\/em><\/p>","protected":false},"excerpt":{"rendered":"<p>Cronograma conta com tr\u00eas fases da vacina\u00e7\u00e3o Inicia na pr\u00f3xima segunda-feira, 12, a Campanha Nacional de Vacina\u00e7\u00e3o contra a Gripe. A campanha que conta com tr\u00eas fases, tem como foco&#8230;<\/p>","protected":false},"author":2,"featured_media":46935,"comment_status":"open","ping_status":"closed","sticky":false,"template":"","format":"standard","meta":{"ngg_post_thumbnail":0,"footnotes":""},"categories":[33],"tags":[4638,5916,4655,5508,5915],"class_list":["post-46933","post","type-post","status-publish","format-standard","has-post-thumbnail","hentry","category-noticias","tag-fredericowestphalen","tag-gripe-h1n1","tag-radiocomunitariafw","tag-vacinacao-contra-a-gripe","tag-vacinacao-da-gripe"],"amp_enabled":true,"_links":{"self":[{"href":"https:\/\/www2.comunitaria.com.br\/en\/wp-json\/wp\/v2\/posts\/46933","targetHints":{"allow":["GET"]}}],"collection":[{"href":"https:\/\/www2.comunitaria.com.br\/en\/wp-json\/wp\/v2\/posts"}],"about":[{"href":"https:\/\/www2.comunitaria.com.br\/en\/wp-json\/wp\/v2\/types\/post"}],"author":[{"embeddable":true,"href":"https:\/\/www2.comunitaria.com.br\/en\/wp-json\/wp\/v2\/users\/2"}],"replies":[{"embeddable":true,"href":"https:\/\/www2.comunitaria.com.br\/en\/wp-json\/wp\/v2\/comments?post=46933"}],"version-history":[{"count":0,"href":"https:\/\/www2.comunitaria.com.br\/en\/wp-json\/wp\/v2\/posts\/46933\/revisions"}],"wp:featuredmedia":[{"embeddable":true,"href":"https:\/\/www2.comunitaria.com.br\/en\/wp-json\/wp\/v2\/media\/46935"}],"wp:attachment":[{"href":"https:\/\/www2.comunitaria.com.br\/en\/wp-json\/wp\/v2\/media?parent=46933"}],"wp:term":[{"taxonomy":"category","embeddable":true,"href":"https:\/\/www2.comunitaria.com.br\/en\/wp-json\/wp\/v2\/categories?post=46933"},{"taxonomy":"post_tag","embeddable":true,"href":"https:\/\/www2.comunitaria.com.br\/en\/wp-json\/wp\/v2\/tags?post=46933"}],"curies":[{"name":"wp","href":"https:\/\/api.w.org\/{rel}","templated":true}]}}