{"id":46887,"date":"2021-04-08T10:36:30","date_gmt":"2021-04-08T12:36:30","guid":{"rendered":"http:\/\/www2.comunitaria.com.br\/?p=46887"},"modified":"2021-04-08T10:36:30","modified_gmt":"2021-04-08T12:36:30","slug":"policia-diz-que-dr-jairinho-praticou-sessao-de-tortura-contra-henry-semanas-antes-da-morte","status":"publish","type":"post","link":"https:\/\/www2.comunitaria.com.br\/en\/policia-diz-que-dr-jairinho-praticou-sessao-de-tortura-contra-henry-semanas-antes-da-morte\/","title":{"rendered":"Pol\u00edcia diz que Dr. Jairinho praticou sess\u00e3o de tortura contra Henry semanas antes da morte"},"content":{"rendered":"<div class=\"mc-column content-text active-extra-styles \" data-block-type=\"unstyled\" data-block-weight=\"57\" data-block-id=\"2\">\n<p class=\"content-text__container \" data-track-category=\"Link no Texto\" data-track-links=\"\">A Pol\u00edcia Civil do Rio de Janeiro diz que o vereador Dr. Jairinho teria praticado pelo menos uma sess\u00e3o de tortura contra o menino Henry Borel semanas antes da&nbsp;<a href=\"https:\/\/g1.globo.com\/rj\/rio-de-janeiro\/noticia\/2021\/03\/17\/policia-investiga-morte-de-enteado-de-vereador-na-barra-da-tijuca-laudo-aponta-varias-lesoes.ghtml\">morte da crian\u00e7a<\/a>. Ainda segundo as investiga\u00e7\u00f5es, a m\u00e3e de Henry, Monique Medeiros, sabia de agress\u00f5es. Jairinho teria se trancado no quarto para bater no menino.<\/p>\n<\/div>\n<div class=\"wall protected-content\">\n<div class=\"mc-column content-text active-extra-styles \" data-block-type=\"unstyled\" data-block-weight=\"45\" data-block-id=\"3\">\n<p class=\"content-text__container \" data-track-category=\"Link no Texto\" data-track-links=\"\">O&nbsp;<a href=\"https:\/\/g1.globo.com\/rj\/rio-de-janeiro\/noticia\/2021\/04\/08\/operacao-henry.ghtml\">casal foi preso<\/a>&nbsp;na manh\u00e3 desta quinta-feira (8) na casa de parentes de Monique em Bangu, na Zona Oeste do Rio. Segundo os investigadores, a pris\u00e3o ocorreu porque a m\u00e3e de Henry e Jairinho atrapalharam as investiga\u00e7\u00f5es da morte da crian\u00e7a e amea\u00e7aram testemunhas.<\/p>\n<p data-track-category=\"Link no Texto\" data-track-links=\"\">Investigadores da 16\u00aa DP (Barra da Tijuca) suspeitam que o vereador agredia o menino com chutes e golpes na cabe\u00e7a e que a m\u00e3e sabia.<\/p>\n<div class=\"mc-column content-text active-extra-styles \" data-block-type=\"unstyled\" data-block-weight=\"30\" data-block-id=\"8\">\n<p class=\"content-text__container \" data-track-category=\"Link no Texto\" data-track-links=\"\">Em 12 de fevereiro, Monique descobriu que Jairinho estava no apartamento, trancado no quarto, com o Henry. A pol\u00edcia descobriu que ela estranhou que ele tenha chegado cedo em casa.<\/p>\n<\/div>\n<div class=\"mc-column content-text active-extra-styles \" data-block-type=\"unstyled\" data-block-weight=\"44\" data-block-id=\"9\">\n<p class=\"content-text__container \" data-track-category=\"Link no Texto\" data-track-links=\"\">Ainda segundo as investiga\u00e7\u00f5es, no dia seguinte ao enterro do filho, Monique passou a tarde no sal\u00e3o de beleza de um shopping na Barra da Tijuca. Tr\u00eas profissionais cuidaram dos p\u00e9s, das m\u00e3os e do cabelo da professora, que pagou R$ 240 pelo servi\u00e7o.<\/p>\n<div class=\"mc-column content-text active-extra-styles \" data-block-type=\"unstyled\" data-block-weight=\"22\" data-block-id=\"11\">\n<p class=\"content-text__container \" data-track-category=\"Link no Texto\" data-track-links=\"\">A causa da morte do Henry foi por<em> \u201chemorragia interna e lacera\u00e7\u00e3o hep\u00e1tica [danos no f\u00edgado] causada por uma a\u00e7\u00e3o contundente [violenta]\u201d.<\/em><\/p>\n<\/div>\n<div class=\"mc-column content-text active-extra-styles \" data-block-type=\"unstyled\" data-block-weight=\"31\" data-block-id=\"12\">\n<p class=\"content-text__container \" data-track-category=\"Link no Texto\" data-track-links=\"\">A pol\u00edcia ouviu pelo menos 18 testemunhas e reuniu provas t\u00e9cnicas que descartam a hip\u00f3tese de acidente \u2014 levantada pela pr\u00f3pria m\u00e3e da crian\u00e7a em seu termo de declara\u00e7\u00e3o na delegacia.<\/p>\n<\/div>\n<div class=\"mc-column content-text active-extra-styles \" data-block-type=\"unstyled\" data-block-weight=\"27\" data-block-id=\"13\">\n<p class=\"content-text__container \" data-track-category=\"Link no Texto\" data-track-links=\"\">Os policiais descobriram ainda que, ap\u00f3s o in\u00edcio das investiga\u00e7\u00f5es, o casal apagou conversas de seus telefones celulares. Suspeitam, inclusive, que eles tenham trocado de aparelho.<\/p>\n<\/div>\n<div class=\"mc-column content-text active-extra-styles \" data-block-type=\"unstyled\" data-block-weight=\"30\" data-block-id=\"14\">\n<p class=\"content-text__container \" data-track-category=\"Link no Texto\" data-track-links=\"\">A per\u00edcia do Instituto de Criminal\u00edstica Carlos \u00c9boli (ICCE) usou um software israelense, o&nbsp;<strong>Cellebrite Premium<\/strong>, comprado pela Pol\u00edcia Civil no \u00faltimo dia 31 de mar\u00e7o, para recuperar o conte\u00fado.<\/p>\n<div class=\"mc-column content-text active-extra-styles \" data-block-type=\"unstyled\" data-block-weight=\"52\" data-block-id=\"17\">\n<p class=\"content-text__container \" data-track-category=\"Link no Texto\" data-track-links=\"\">Em rela\u00e7\u00e3o a Monique, m\u00e3e de Henry, que namorava o vereador desde 2020, os policiais levantaram informa\u00e7\u00f5es sobre o comportamento dela ap\u00f3s a morte do filho que chamaram a aten\u00e7\u00e3o. Primeiro que ela chegou a trocar de roupa duas vezes at\u00e9 escolher o melhor modelo, toda de branco, para ir \u00e0 delegacia.<\/p>\n<\/div>\n<div class=\"mc-column content-text active-extra-styles\" data-block-type=\"raw\" data-block-weight=\"2\" data-block-id=\"18\">\n<div class=\"content-intertitle\">\n<h4>M\u00faltiplos hematomas<\/h4>\n<\/div>\n<\/div>\n<div class=\"mc-column content-text active-extra-styles \" data-block-type=\"unstyled\" data-block-weight=\"36\" data-block-id=\"19\">\n<p class=\"content-text__container \" data-track-category=\"Link no Texto\" data-track-links=\"\">A primeira prova importante que chegou \u00e0s m\u00e3os dos investigadores foi um laudo assinado pelo m\u00e9dico legista Leonardo Huber Tauil, feito ap\u00f3s duas aut\u00f3psias realizadas no cad\u00e1ver da crian\u00e7a, nos dias 8 e 9 de mar\u00e7o.<\/p>\n<\/div>\n<div class=\"mc-column content-text active-extra-styles \" data-block-type=\"unstyled\" data-block-weight=\"47\" data-block-id=\"20\">\n<p class=\"content-text__container \" data-track-category=\"Link no Texto\" data-track-links=\"\">No documento, o perito do Instituto M\u00e9dico Legal (IML) descreve que a crian\u00e7a sofreu <em>\u201cm\u00faltiplos hematomas no abd\u00f4men e nos membros superiores\u201d, \u201cinfiltra\u00e7\u00e3o hemorr\u00e1gica\u201d na parte frontal, lateral e posterior da cabe\u00e7a, apontou \u201cgrande quantidade de sangue no abd\u00f4men&#8221;, \u201ccontus\u00e3o no rim\u201d e \u201ctrauma com contus\u00e3o pulmonar\u201d.<\/em><\/p>\n<\/div>\n<div class=\"mc-column content-text active-extra-styles \" data-block-type=\"unstyled\" data-block-weight=\"20\" data-block-id=\"21\">\n<p class=\"content-text__container \" data-track-category=\"Link no Texto\" data-track-links=\"\">A causa da morte foi por <em>\u201chemorragia interna e lacera\u00e7\u00e3o hep\u00e1tica [danos no f\u00edgado] causada por uma a\u00e7\u00e3o contundente [violenta]\u201d.<\/em><\/p>\n<p data-track-category=\"Link no Texto\" data-track-links=\"\"><a href=\"http:\/\/www2.comunitaria.com.br\/policia-diz-que-dr-jairinho-praticou-sessao-de-tortura-contra-henry-semanas-antes-da-morte\/monique\/\" rel=\"attachment wp-att-46889\"><img loading=\"lazy\" decoding=\"async\" class=\"aligncenter  wp-image-46889\" src=\"http:\/\/www2.comunitaria.com.br\/wp-content\/uploads\/2021\/04\/monique.jpeg\" alt=\"\" width=\"600\" height=\"338\" srcset=\"https:\/\/www2.comunitaria.com.br\/wp-content\/uploads\/2021\/04\/monique.jpeg 984w, https:\/\/www2.comunitaria.com.br\/wp-content\/uploads\/2021\/04\/monique-300x169.jpeg 300w, https:\/\/www2.comunitaria.com.br\/wp-content\/uploads\/2021\/04\/monique-768x432.jpeg 768w, https:\/\/www2.comunitaria.com.br\/wp-content\/uploads\/2021\/04\/monique-260x145.jpeg 260w\" sizes=\"auto, (max-width: 600px) 100vw, 600px\" \/><\/a><\/p>\n<\/div>\n<p data-track-category=\"Link no Texto\" data-track-links=\"\"><em>*G1<\/em><\/p>\n<\/div>\n<\/div>\n<\/div>\n<\/div>\n","protected":false},"excerpt":{"rendered":"<p>A Pol\u00edcia Civil do Rio de Janeiro diz que o vereador Dr. Jairinho teria praticado pelo menos uma sess\u00e3o de tortura contra o menino Henry Borel semanas antes da&nbsp;morte da&#8230;<\/p>","protected":false},"author":2,"featured_media":46890,"comment_status":"open","ping_status":"closed","sticky":false,"template":"","format":"standard","meta":{"ngg_post_thumbnail":0,"footnotes":""},"categories":[33],"tags":[],"class_list":["post-46887","post","type-post","status-publish","format-standard","has-post-thumbnail","hentry","category-noticias"],"amp_enabled":true,"_links":{"self":[{"href":"https:\/\/www2.comunitaria.com.br\/en\/wp-json\/wp\/v2\/posts\/46887","targetHints":{"allow":["GET"]}}],"collection":[{"href":"https:\/\/www2.comunitaria.com.br\/en\/wp-json\/wp\/v2\/posts"}],"about":[{"href":"https:\/\/www2.comunitaria.com.br\/en\/wp-json\/wp\/v2\/types\/post"}],"author":[{"embeddable":true,"href":"https:\/\/www2.comunitaria.com.br\/en\/wp-json\/wp\/v2\/users\/2"}],"replies":[{"embeddable":true,"href":"https:\/\/www2.comunitaria.com.br\/en\/wp-json\/wp\/v2\/comments?post=46887"}],"version-history":[{"count":0,"href":"https:\/\/www2.comunitaria.com.br\/en\/wp-json\/wp\/v2\/posts\/46887\/revisions"}],"wp:featuredmedia":[{"embeddable":true,"href":"https:\/\/www2.comunitaria.com.br\/en\/wp-json\/wp\/v2\/media\/46890"}],"wp:attachment":[{"href":"https:\/\/www2.comunitaria.com.br\/en\/wp-json\/wp\/v2\/media?parent=46887"}],"wp:term":[{"taxonomy":"category","embeddable":true,"href":"https:\/\/www2.comunitaria.com.br\/en\/wp-json\/wp\/v2\/categories?post=46887"},{"taxonomy":"post_tag","embeddable":true,"href":"https:\/\/www2.comunitaria.com.br\/en\/wp-json\/wp\/v2\/tags?post=46887"}],"curies":[{"name":"wp","href":"https:\/\/api.w.org\/{rel}","templated":true}]}}