{"id":46839,"date":"2021-04-06T14:40:16","date_gmt":"2021-04-06T16:40:16","guid":{"rendered":"http:\/\/www2.comunitaria.com.br\/?p=46839"},"modified":"2021-04-06T14:40:16","modified_gmt":"2021-04-06T16:40:16","slug":"lg-informa-que-deixara-de-produzir-smartphones","status":"publish","type":"post","link":"https:\/\/www2.comunitaria.com.br\/en\/lg-informa-que-deixara-de-produzir-smartphones\/","title":{"rendered":"LG informa que deixar\u00e1 de produzir smartphones"},"content":{"rendered":"<p>A LG Eletronics informou nesta segunda-feira, 5, que deixar\u00e1 de fabricar celulares. A decis\u00e3o do fechamento da divis\u00e3o global de produ\u00e7\u00e3o de smartphones foi tomada pela sede da empresa, na Coreia do Sul.<img decoding=\"async\" src=\"https:\/\/agenciabrasil.ebc.com.br\/ebc.png?id=1405936&amp;o=node\"><img decoding=\"async\" src=\"https:\/\/agenciabrasil.ebc.com.br\/ebc.gif?id=1405936&amp;o=node\"><\/p>\n<p>\u201cDesde o segundo semestre de 2015, o nosso neg\u00f3cio global de celulares tem sofrido uma perda operacional por 23 trimestres consecutivos, resultando em um acumulado de aproximadamente 4,1 bilh\u00f5es de d\u00f3lares (US) at\u00e9 o final de 2020\u201d, destacou a LG em comunicado \u00e0 imprensa.&nbsp;<\/p>\n<p><em>\u201cDepois de avaliar todas as possibilidades para o futuro do nosso neg\u00f3cio de celulares, o Headquarter Global [sede global da empresa] decidiu por fechar esta divis\u00e3o a fim de fortalecer sua competitividade futura por meio de sele\u00e7\u00e3o e foco estrat\u00e9gico\u201d,<\/em> acrescentou a gigante de tecnologia.<\/p>\n<h4>Brasil<\/h4>\n<p>A LG \u00e9 uma das maiores empresas de eletr\u00f4nicos no Brasil. Presente no pa\u00eds h\u00e1 mais de 15 anos, a empresa conta com tr\u00eas subsidi\u00e1rias pr\u00f3prias: um escrit\u00f3rio em S\u00e3o Paulo e duas unidades produtivas, em Manaus e outra em Taubat\u00e9 (SP). Procurada pela reportagem, a empresa n\u00e3o informou os impactos que o fim da produ\u00e7\u00e3o global de smartphones ter\u00e1 nas f\u00e1bricas no Brasil.<\/p>\n<p><em>\u201c[A LG Electronics do Brasil] ir\u00e1 se concentrar fortemente em seus neg\u00f3cios de modo a continuar a fornecer produtos e servi\u00e7os inovadores que tornar\u00e3o a vida melhor\u201d,<\/em> diz nota da empresa.<\/p>\n<h4>Greve<\/h4>\n<p>Os funcion\u00e1rios da LG em Taubat\u00e9 est\u00e3o em estado de greve desde o \u00faltimo dia 26. De acordo com o Sindicato dos Metal\u00fargicos de Taubat\u00e9 e Regi\u00e3o, a planta da empresa, no interior paulista, tem cerca mil empregados, sendo 400 no setor de celulares.<\/p>\n<p>Os funcion\u00e1rios de tr\u00eas empresas fornecedoras da LG, tamb\u00e9m no interior paulista, \u2013 Sun Tech, em S\u00e3o Jos\u00e9 dos Campos (SP), Blue Tech e 3C, em Ca\u00e7apava (SP) \u2013 anunciaram hoje (5) que v\u00e3o entrar em greve para pressionar a empresa sul-coreana a preservar os empregos no Brasil. As tr\u00eas f\u00e1bricas produzem exclusivamente celulares para a LG.&nbsp;<\/p>\n<p>Segundo o Sindicato dos Metal\u00fargicos de S\u00e3o Jos\u00e9 dos Campos (SP), o fim da produ\u00e7\u00e3o de celulares da LG dever\u00e1 levar ao fechamento de 430 postos de trabalho nas fornecedoras.<\/p>\n<h4>Procon SP<\/h4>\n<p>Na tarde de segunda-feira, 5, a Funda\u00e7\u00e3o Procon de S\u00e3o Paulo notificou a LG do Brasil para esclarecer o encerramento das opera\u00e7\u00f5es de fabrica\u00e7\u00e3o de celulares. Entre outras informa\u00e7\u00f5es, a empresa ter\u00e1 de fornecer: a rela\u00e7\u00e3o completa de todos os modelos de smartphones disponibilizados no mercado de consumo brasileiro nos \u00faltimos tr\u00eas anos com os correspondentes manuais de usu\u00e1rio e a rela\u00e7\u00e3o de assist\u00eancias t\u00e9cnicas autorizadas.<\/p>\n<p>O Procon tamb\u00e9m demandou informa\u00e7\u00f5es sobre o per\u00edodo estimado de vida \u00fatil dos aparelhos; um plano de atendimento aos consumidores, com indica\u00e7\u00e3o de tempo de vig\u00eancia; e a comprova\u00e7\u00e3o de funcionamento de canais de atendimento aos consumidores, para recebimento e tratamento de demandas ap\u00f3s o encerramento de suas atividades.<\/p>\n<p>A empresa ter\u00e1 at\u00e9 o dia 9 de abril para responder aos questionamentos.<\/p>\n<p>&nbsp;<\/p>\n<p><em>*Ag\u00eancia Brasil&nbsp;<\/em><\/p>","protected":false},"excerpt":{"rendered":"<p>A LG Eletronics informou nesta segunda-feira, 5, que deixar\u00e1 de fabricar celulares. A decis\u00e3o do fechamento da divis\u00e3o global de produ\u00e7\u00e3o de smartphones foi tomada pela sede da empresa, na Coreia do Sul. \u201cDesde o segundo semestre de 2015, o nosso neg\u00f3cio global de celulares tem sofrido uma perda operacional por 23 trimestres consecutivos, resultando<\/p>\n<div class=\"read-more-wrapper\"><a class=\"read-more\" href=\"https:\/\/www2.comunitaria.com.br\/en\/lg-informa-que-deixara-de-produzir-smartphones\/\" title=\"Read More\"> <span class=\"button\">Read More<\/span><\/a><\/div>","protected":false},"author":2,"featured_media":46841,"comment_status":"open","ping_status":"closed","sticky":false,"template":"","format":"standard","meta":{"ngg_post_thumbnail":0,"footnotes":""},"categories":[33],"tags":[5895,5894,5896],"class_list":["post-46839","post","type-post","status-publish","format-standard","has-post-thumbnail","hentry","category-noticias","tag-encerramento-das-atividades-lg","tag-lg","tag-telefones-lg"],"amp_enabled":true,"_links":{"self":[{"href":"https:\/\/www2.comunitaria.com.br\/en\/wp-json\/wp\/v2\/posts\/46839","targetHints":{"allow":["GET"]}}],"collection":[{"href":"https:\/\/www2.comunitaria.com.br\/en\/wp-json\/wp\/v2\/posts"}],"about":[{"href":"https:\/\/www2.comunitaria.com.br\/en\/wp-json\/wp\/v2\/types\/post"}],"author":[{"embeddable":true,"href":"https:\/\/www2.comunitaria.com.br\/en\/wp-json\/wp\/v2\/users\/2"}],"replies":[{"embeddable":true,"href":"https:\/\/www2.comunitaria.com.br\/en\/wp-json\/wp\/v2\/comments?post=46839"}],"version-history":[{"count":0,"href":"https:\/\/www2.comunitaria.com.br\/en\/wp-json\/wp\/v2\/posts\/46839\/revisions"}],"wp:featuredmedia":[{"embeddable":true,"href":"https:\/\/www2.comunitaria.com.br\/en\/wp-json\/wp\/v2\/media\/46841"}],"wp:attachment":[{"href":"https:\/\/www2.comunitaria.com.br\/en\/wp-json\/wp\/v2\/media?parent=46839"}],"wp:term":[{"taxonomy":"category","embeddable":true,"href":"https:\/\/www2.comunitaria.com.br\/en\/wp-json\/wp\/v2\/categories?post=46839"},{"taxonomy":"post_tag","embeddable":true,"href":"https:\/\/www2.comunitaria.com.br\/en\/wp-json\/wp\/v2\/tags?post=46839"}],"curies":[{"name":"wp","href":"https:\/\/api.w.org\/{rel}","templated":true}]}}