{"id":46790,"date":"2021-04-05T12:56:58","date_gmt":"2021-04-05T14:56:58","guid":{"rendered":"http:\/\/www2.comunitaria.com.br\/?p=46790"},"modified":"2021-04-05T12:56:58","modified_gmt":"2021-04-05T14:56:58","slug":"novo-auxilio-emergencial-devera-injetar-r-44-bilhoes-na-economia","status":"publish","type":"post","link":"https:\/\/www2.comunitaria.com.br\/en\/novo-auxilio-emergencial-devera-injetar-r-44-bilhoes-na-economia\/","title":{"rendered":"Novo aux\u00edlio emergencial dever\u00e1 injetar R$ 44 bilh\u00f5es na economia"},"content":{"rendered":"<p>O governo federal estima que as novas parcelas do&nbsp;novo aux\u00edlio emergencial, que come\u00e7am a ser pagas nesta ter\u00e7a-feira (6), v\u00e3o injetar R$ 44 bilh\u00f5es na economia. Mas economistas consultados pelo&nbsp;R7&nbsp;afirmam que o impacto ser\u00e1 bem menor que no ano passado.&nbsp;<\/p>\n<p>A nova rodada ter\u00e1 quatro parcelas com valor m\u00e9dio de R$ 250. Mulheres chefes de fam\u00edlia receber\u00e3o R$ 375 e pessoas que vivem sozinhas, R$ 150. O total de beneficiados atingir\u00e1 45,6 milh\u00f5es.<\/p>\n<p>No ano passado, as cinco primeiras parcelas foram de R$ 600 e mais quatro de R$ 300, al\u00e9m do dobro do valor para as m\u00e3es solteiras. O total pago chegou a R$ 293,1 bilh\u00f5es para 67,9 milh\u00f5es de pessoas.&nbsp;<\/p>\n<p>O presidente da Caixa Econ\u00f4mica Federal, Pedro Guimar\u00e3es, afirma que o pagamento do novo aux\u00edlio vai refletir em um aumento no consumo e aquecimento da economia. &#8220;\u00c9 muito importante porque uma parcela da popula\u00e7\u00e3o mais carente que consome tudo&#8221;, disse Guimar\u00e3es.<\/p>\n<p>Na avalia\u00e7\u00e3o do presidente da Caixa, esse recurso vai virar consumo entre as pessoas que ser\u00e3o beneficiadas. \u201cComo aconteceu ano passado, faremos esse pagamento r\u00e1pido, de uma maneira \u00e1gil, que ter\u00e1 benef\u00edcio por esse consumo quase integral de R$ 44 bilh\u00f5es&#8221;, afirmou em entrevista \u00e0&nbsp;RecordTV.&nbsp;<\/p>\n<p>No ano passado, somente por meio do aplicativo Caixa Tem, o benef\u00edcio movimentou diretamente em lojas e supermercados R$ 47,6 bilh\u00f5es, sendo R$ 35,5 bilh\u00f5es em compras por cart\u00e3o virtual e R$ 12,1 bilh\u00f5es em QR Code.<\/p>\n<h3><strong>Menos beneficiados<\/strong><\/h3>\n<p>Al\u00e9m de alcan\u00e7ar menos beneficiados, com menor valor das parcelas, a rodada deste ano n\u00e3o abrir\u00e1 novo cadastro para quem ficou de fora do programa em 2020, mas agora precisaria da ajuda. Ser\u00e3o beneficiadas pessoas que j\u00e1 estavam cadastradas pelo Cadastro \u00danico, pelo aplicativo da Caixa ou Bolsa Fam\u00edlia.<\/p>\n<p>Para a economista Camila Abdelmalack, da Veedha Investimentos, o benef\u00edcio desta vez n\u00e3o ter\u00e1 apelo em termos de impulso na atividade econ\u00f4mica. &#8220;O novo aux\u00edlio emergencial tem um car\u00e1ter assistencialista, e n\u00e3o de impulso fiscal\u201d, afirma Camila.<\/p>\n<p>Ela explica que o novo recurso tem tamb\u00e9m um perfil diferente das rodadas anteriores, quando parte da popula\u00e7\u00e3o acabou adquirindo um potencial de compra at\u00e9 mesmo de bens industrializados. \u201cAgora a infla\u00e7\u00e3o de alimenta\u00e7\u00e3o est\u00e1 bem elevada e a gente imagina que esse aux\u00edlio seja para subsist\u00eancia&#8221;, avalia a economista.<\/p>\n<p>O dinheiro repassado pelo governo federal \u00e0s fam\u00edlias de baixa renda e trabalhadores informais impediu que o tombo do PIB (Produto Interno Bruto), de 4,1%, fosse ainda maior no ano passado. Foi consenso entre economistas que o aux\u00edlio emergencial foi fundamental para o varejo e, se n\u00e3o houvesse o benef\u00edcio, a queda teria sido muito maior.<\/p>\n<p>Mas com o recurso mais enxuto e para menos beneficiados esse efeito n\u00e3o deve se repetir. &#8220;Diferentemente do ano passado, quando boa parte do recurso foi destinada ao consumo, agora as fam\u00edlias devem usar o dinheiro para pagar contas atrasadas, j\u00e1 que est\u00e3o h\u00e1 tr\u00eas meses sem receber, sobrando muito pouco para algo que aceleraria o crescimento do Brasil&#8221;, avalia o economista Jean Malta, assessor e s\u00f3cio da Valor Investimentos.<\/p>\n<p>Para ele, mesmo o programa tendo um custo menor este ano tamb\u00e9m atrapalha a quest\u00e3o fiscal. No ano passado, o benef\u00edcio custou mais de R$ 290 bilh\u00f5es \u00e0 Uni\u00e3o. Agora, a previs\u00e3o \u00e9 gastar R$ 44 bilh\u00f5es. &#8220;A gente tem observado a sa\u00edda de investimentos estrangeiros tanto em fevereiro como em mar\u00e7o. Essa sa\u00edda deprecia o c\u00e2mbio, e a gente pode ter alta do d\u00f3lar nos pr\u00f3ximos meses e, claro, infla\u00e7\u00e3o elevada&#8221;, avalia.<\/p>\n<h3><strong>Infla\u00e7\u00e3o<\/strong><\/h3>\n<p>A alta do custo de vida e o aumento dos pre\u00e7os dos alimentos tamb\u00e9m preocupam, porque as pessoas que receberem o aux\u00edlio ter\u00e3o menor poder de compra. No per\u00edodo de fevereiro de 2020 a fevereiro de 2021, o valor da cesta b\u00e1sica teve alta de 29%, conforme levantamento com base na pesquisa mensal da Funda\u00e7\u00e3o Procon-SP, em conv\u00eanio com o Dieese. O pre\u00e7o m\u00e9dio era de R$ 786,51 passou para R$ 1.014,63<\/p>\n<p>&#8220;<em>Os pre\u00e7os dos alimentos, energia, g\u00e1s e combust\u00edvel tiveram reajuste consider\u00e1vel. Com o baixo valor do aux\u00edlio, o alto \u00edndice de pessoas desempregadas e o isolamento social, \u00e9 inevit\u00e1vel que a gente ter\u00e1 um aumento da inadimpl\u00eancia&#8221;<\/em>, avalia Michel Varon, CEO especialista em dados da plataforma de an\u00e1lise de cr\u00e9dito Vadu.<\/p>\n<p>O economista tamb\u00e9m afirma que a demora do governo federal para a retomada do pagamento do benef\u00edcio, assim que come\u00e7ou a&nbsp;segunda onda de casos de covid-19&nbsp;no pa\u00eds, provocou impacto na inadimpl\u00eancia. &#8220;As pessoas acabaram esgotando tudo que conseguiram juntar. Isso gera impacto tanto na vida dos cidad\u00e3os, como na economia como um todo.&#8221;<\/p>\n<p>De qualquer forma, a entrada dos recursos do aux\u00edlio emergencial no mercado \u00e9 sempre importante, porque \u00e9 um valor adicional. A opini\u00e3o \u00e9 do economista Marcel Solimeo, da Associa\u00e7\u00e3o Comercial de S\u00e3o Paulo.<\/p>\n<p>Mas ele defende que s\u00f3 a volta das atividades econ\u00f4micas e a recupera\u00e7\u00e3o do emprego ter\u00e3o efeitos na economia.<em> &#8220;Sem isso n\u00e3o podemos ter expectativa mais positiva para o desempenho econ\u00f4mico. Agora temos que esperar que a vacina\u00e7\u00e3o possa avan\u00e7ar e o com isso permitir que o pa\u00eds gradativamente v\u00e1 retomando sua economia&#8221;,<\/em> afirma Solimeo.<\/p>\n<p>&nbsp;<\/p>\n<p><em>*Correio do Povo&nbsp;<\/em><\/p>","protected":false},"excerpt":{"rendered":"<p>O governo federal estima que as novas parcelas do&nbsp;novo aux\u00edlio emergencial, que come\u00e7am a ser pagas nesta ter\u00e7a-feira (6), v\u00e3o injetar R$ 44 bilh\u00f5es na economia. Mas economistas consultados pelo&nbsp;R7&nbsp;afirmam que o impacto ser\u00e1 bem menor que no ano passado.&nbsp; A nova rodada ter\u00e1 quatro parcelas com valor m\u00e9dio de R$ 250. Mulheres chefes de<\/p>\n<div class=\"read-more-wrapper\"><a class=\"read-more\" href=\"https:\/\/www2.comunitaria.com.br\/en\/novo-auxilio-emergencial-devera-injetar-r-44-bilhoes-na-economia\/\" title=\"Read More\"> <span class=\"button\">Read More<\/span><\/a><\/div>","protected":false},"author":2,"featured_media":46792,"comment_status":"open","ping_status":"closed","sticky":false,"template":"","format":"standard","meta":{"ngg_post_thumbnail":0,"footnotes":""},"categories":[33],"tags":[],"class_list":["post-46790","post","type-post","status-publish","format-standard","has-post-thumbnail","hentry","category-noticias"],"amp_enabled":true,"_links":{"self":[{"href":"https:\/\/www2.comunitaria.com.br\/en\/wp-json\/wp\/v2\/posts\/46790","targetHints":{"allow":["GET"]}}],"collection":[{"href":"https:\/\/www2.comunitaria.com.br\/en\/wp-json\/wp\/v2\/posts"}],"about":[{"href":"https:\/\/www2.comunitaria.com.br\/en\/wp-json\/wp\/v2\/types\/post"}],"author":[{"embeddable":true,"href":"https:\/\/www2.comunitaria.com.br\/en\/wp-json\/wp\/v2\/users\/2"}],"replies":[{"embeddable":true,"href":"https:\/\/www2.comunitaria.com.br\/en\/wp-json\/wp\/v2\/comments?post=46790"}],"version-history":[{"count":0,"href":"https:\/\/www2.comunitaria.com.br\/en\/wp-json\/wp\/v2\/posts\/46790\/revisions"}],"wp:featuredmedia":[{"embeddable":true,"href":"https:\/\/www2.comunitaria.com.br\/en\/wp-json\/wp\/v2\/media\/46792"}],"wp:attachment":[{"href":"https:\/\/www2.comunitaria.com.br\/en\/wp-json\/wp\/v2\/media?parent=46790"}],"wp:term":[{"taxonomy":"category","embeddable":true,"href":"https:\/\/www2.comunitaria.com.br\/en\/wp-json\/wp\/v2\/categories?post=46790"},{"taxonomy":"post_tag","embeddable":true,"href":"https:\/\/www2.comunitaria.com.br\/en\/wp-json\/wp\/v2\/tags?post=46790"}],"curies":[{"name":"wp","href":"https:\/\/api.w.org\/{rel}","templated":true}]}}