{"id":46749,"date":"2021-04-01T15:12:08","date_gmt":"2021-04-01T17:12:08","guid":{"rendered":"http:\/\/www2.comunitaria.com.br\/?p=46749"},"modified":"2021-04-01T15:12:08","modified_gmt":"2021-04-01T17:12:08","slug":"com-14-mil-obitos-marco-e-o-mes-mais-mortal-no-rs-desde-o-inicio-de-serie-historica","status":"publish","type":"post","link":"https:\/\/www2.comunitaria.com.br\/en\/com-14-mil-obitos-marco-e-o-mes-mais-mortal-no-rs-desde-o-inicio-de-serie-historica\/","title":{"rendered":"Com 14 mil \u00f3bitos, mar\u00e7o \u00e9 o m\u00eas mais mortal no RS desde o in\u00edcio de s\u00e9rie hist\u00f3rica"},"content":{"rendered":"<p class=\"p1\">Os recordes de casos de contamina\u00e7\u00e3o por coronav\u00edrus e o colapso do sistema de sa\u00fade em mar\u00e7o deixaram uma triste marca na hist\u00f3ria do Rio Grande do Sul. Dados de cart\u00f3rios de registro civil indicam que 14.646 pessoas morreram no estado em mar\u00e7o, recorde absoluto da s\u00e9rie hist\u00f3rica registrada desde 2003. O total ainda deve aumentar, pois os dados se referem at\u00e9 o dia 21 de mar\u00e7o \u2014 h\u00e1 cerca de 10 dias de prazo legal para os cart\u00f3rios disponibilizarem os dados. Dentre os 14.646 \u00f3bitos, 6.853 foram causados pela covid-19.<\/p>\n<p class=\"p1\">A dimens\u00e3o da trag\u00e9dia em mar\u00e7o fica mais vis\u00edvel se comparada com o m\u00eas anterior. At\u00e9 ent\u00e3o, fevereiro de 2021 havia sido o m\u00eas mais mortal da s\u00e9rie hist\u00f3rica no RS, com 8.234 \u00f3bitos registrados pelos cart\u00f3rios no per\u00edodo. O expressivo aumento, portanto, foi de 77,8%. Considerando apenas as v\u00edtimas da covid-19, dezembro de 2020 era at\u00e9 ent\u00e3o o m\u00eas mais mortal da pandemia, com 2.091 \u00f3bitos \u2013 tr\u00eas vezes menos do que o registrado em mar\u00e7o.<\/p>\n<p class=\"p1\">Em Porto Alegre a situa\u00e7\u00e3o \u00e9 semelhante. O m\u00eas de fevereiro de 2021 havia sido o mais mortal da s\u00e9rie hist\u00f3rica na Capital, com um total de 2.963 \u00f3bitos registrados pelos cart\u00f3rios. Em mar\u00e7o, o n\u00famero de mortes mais do que dobrou e chegou a 8.234 \u2013 segundo registros at\u00e9 o dia 21 de mar\u00e7o.<\/p>\n<h3 class=\"p1\">Brasil<\/h3>\n<p class=\"p1\">No plano nacional n\u00e3o foi diferente. Em mar\u00e7o, o Brasil superou a marca de 140 mil mortes num \u00fanico m\u00eas, de acordo com dados registrados at\u00e9 o \u00faltimo dia 28. Com isso, mar\u00e7o de 2021 j\u00e1 representa o recorde de \u00f3bitos no Pa\u00eds \u2013 at\u00e9 ent\u00e3o, julho de 2020 havia sido o m\u00eas mais mortal do Brasil, com 139 mil mortes. Os dados nacionais dos cart\u00f3rios s\u00e3o computados desde 2016.<\/p>\n<p class=\"p1\">Do total de 140 mil \u00f3bitos em mar\u00e7o, 47.404 foram causados pela covid-19, o que representa 33,6% de todas as mortes no Brasil \u2014 tamb\u00e9m o maior percentual j\u00e1 registrado. O recorde anterior era janeiro de 2021, m\u00eas em que 23,7% das mortes foram causadas pela covid-19.<\/p>\n<p>&nbsp;<\/p>\n<p><em>*Sul 21<\/em><\/p>","protected":false},"excerpt":{"rendered":"<p>Os recordes de casos de contamina\u00e7\u00e3o por coronav\u00edrus e o colapso do sistema de sa\u00fade em mar\u00e7o deixaram uma triste marca na hist\u00f3ria do Rio Grande do Sul. Dados de cart\u00f3rios de registro civil indicam que 14.646 pessoas morreram no estado em mar\u00e7o, recorde absoluto da s\u00e9rie hist\u00f3rica registrada desde 2003. O total ainda deve<\/p>\n<div class=\"read-more-wrapper\"><a class=\"read-more\" href=\"https:\/\/www2.comunitaria.com.br\/en\/com-14-mil-obitos-marco-e-o-mes-mais-mortal-no-rs-desde-o-inicio-de-serie-historica\/\" title=\"Read More\"> <span class=\"button\">Read More<\/span><\/a><\/div>","protected":false},"author":2,"featured_media":46751,"comment_status":"open","ping_status":"closed","sticky":false,"template":"","format":"standard","meta":{"ngg_post_thumbnail":0,"footnotes":""},"categories":[33],"tags":[],"class_list":["post-46749","post","type-post","status-publish","format-standard","has-post-thumbnail","hentry","category-noticias"],"amp_enabled":true,"_links":{"self":[{"href":"https:\/\/www2.comunitaria.com.br\/en\/wp-json\/wp\/v2\/posts\/46749","targetHints":{"allow":["GET"]}}],"collection":[{"href":"https:\/\/www2.comunitaria.com.br\/en\/wp-json\/wp\/v2\/posts"}],"about":[{"href":"https:\/\/www2.comunitaria.com.br\/en\/wp-json\/wp\/v2\/types\/post"}],"author":[{"embeddable":true,"href":"https:\/\/www2.comunitaria.com.br\/en\/wp-json\/wp\/v2\/users\/2"}],"replies":[{"embeddable":true,"href":"https:\/\/www2.comunitaria.com.br\/en\/wp-json\/wp\/v2\/comments?post=46749"}],"version-history":[{"count":0,"href":"https:\/\/www2.comunitaria.com.br\/en\/wp-json\/wp\/v2\/posts\/46749\/revisions"}],"wp:featuredmedia":[{"embeddable":true,"href":"https:\/\/www2.comunitaria.com.br\/en\/wp-json\/wp\/v2\/media\/46751"}],"wp:attachment":[{"href":"https:\/\/www2.comunitaria.com.br\/en\/wp-json\/wp\/v2\/media?parent=46749"}],"wp:term":[{"taxonomy":"category","embeddable":true,"href":"https:\/\/www2.comunitaria.com.br\/en\/wp-json\/wp\/v2\/categories?post=46749"},{"taxonomy":"post_tag","embeddable":true,"href":"https:\/\/www2.comunitaria.com.br\/en\/wp-json\/wp\/v2\/tags?post=46749"}],"curies":[{"name":"wp","href":"https:\/\/api.w.org\/{rel}","templated":true}]}}