{"id":467,"date":"2014-11-14T14:34:49","date_gmt":"2014-11-14T16:34:49","guid":{"rendered":"http:\/\/www2.comunitaria.com.br\/?p=467"},"modified":"2014-11-14T14:34:49","modified_gmt":"2014-11-14T16:34:49","slug":"enart-reune-4-mil-participantes-em-santa-cruz-do-sul","status":"publish","type":"post","link":"https:\/\/www2.comunitaria.com.br\/en\/enart-reune-4-mil-participantes-em-santa-cruz-do-sul\/","title":{"rendered":"Enart re\u00fane 4 mil participantes em Santa Cruz do Sul"},"content":{"rendered":"<p style=\"text-align: justify;\">O 29\u00ba Encontro de Artes e Tradi\u00e7\u00e3o Ga\u00facha (Enart) come\u00e7a na noite desta sexta-feira no Parque da Oktoberfest, em Santa Cruz do Sul, com a participa\u00e7\u00e3o de 4 mil representantes das 30 Regi\u00f5es Tradicionalistas no Rio Grande do Sul.<\/p>\n<p style=\"text-align: justify;\">Considerado pela Organiza\u00e7\u00e3o das Na\u00e7\u00f5es Unidas para a Educa\u00e7\u00e3o, a Ci\u00eancia e a Cultura (Unesco) como o maior festival de arte amadora da Am\u00e9rica Latina, o evento ter\u00e1 apresenta\u00e7\u00f5es nas 23 modalidades art\u00edsticas at\u00e9 a noite de domingo, quando haver\u00e1 a premia\u00e7\u00e3o.<\/p>\n<p style=\"text-align: justify;\">A invernada do CTG Rodeio da Quer\u00eancia de FW, que representa a 28\u00b0 Regi\u00e3o Tradicionalista, partiu no inicio da madrugada da \u00a0quinta-feira, dia 13, para Santa Cruz do Sul. A comitiva da 28\u00b0 \u00e9 composta por 110 pessoas.<\/p>\n<p style=\"text-align: justify;\">A abertura oficial ser\u00e1 \u00e0s 19h30min, seguida do show da invernada art\u00edstica do CTG Ronda Charrua, de Farroupilha, campe\u00e3 da For\u00e7a A das dan\u00e7as tradicionais no ano passado. O Enart re\u00fane os classificados nas etapas regionais e inter-regionais que ocorreram ao longo do ano no Estado, envolvendo representantes das 1.654 entidades ligadas ao Movimento Tradicionalista Ga\u00facho (MTG).<\/p>\n<p style=\"text-align: justify;\">Em paralelo, na tarde de s\u00e1bado, haver\u00e1 no pavilh\u00e3o 3 a 15 Mostra de Arte e Tradi\u00e7\u00e3o Ga\u00facha. Pe\u00f5es e prendas organizaram e montaram uma exposi\u00e7\u00e3o sobre o tema \u201cEu sou do Sul\u201d.<\/p>","protected":false},"excerpt":{"rendered":"<p>O 29\u00ba Encontro de Artes e Tradi\u00e7\u00e3o Ga\u00facha (Enart) come\u00e7a na noite desta sexta-feira no Parque da Oktoberfest, em Santa Cruz do Sul, com a participa\u00e7\u00e3o de 4 mil representantes&#8230;<\/p>","protected":false},"author":2,"featured_media":468,"comment_status":"open","ping_status":"closed","sticky":false,"template":"","format":"standard","meta":{"ngg_post_thumbnail":0,"footnotes":""},"categories":[33,35],"tags":[165,164,166],"class_list":["post-467","post","type-post","status-publish","format-standard","has-post-thumbnail","hentry","category-noticias","category-variedades","tag-ctg","tag-enart","tag-rodeio-da-querencia"],"amp_enabled":true,"_links":{"self":[{"href":"https:\/\/www2.comunitaria.com.br\/en\/wp-json\/wp\/v2\/posts\/467","targetHints":{"allow":["GET"]}}],"collection":[{"href":"https:\/\/www2.comunitaria.com.br\/en\/wp-json\/wp\/v2\/posts"}],"about":[{"href":"https:\/\/www2.comunitaria.com.br\/en\/wp-json\/wp\/v2\/types\/post"}],"author":[{"embeddable":true,"href":"https:\/\/www2.comunitaria.com.br\/en\/wp-json\/wp\/v2\/users\/2"}],"replies":[{"embeddable":true,"href":"https:\/\/www2.comunitaria.com.br\/en\/wp-json\/wp\/v2\/comments?post=467"}],"version-history":[{"count":0,"href":"https:\/\/www2.comunitaria.com.br\/en\/wp-json\/wp\/v2\/posts\/467\/revisions"}],"wp:featuredmedia":[{"embeddable":true,"href":"https:\/\/www2.comunitaria.com.br\/en\/wp-json\/wp\/v2\/media\/468"}],"wp:attachment":[{"href":"https:\/\/www2.comunitaria.com.br\/en\/wp-json\/wp\/v2\/media?parent=467"}],"wp:term":[{"taxonomy":"category","embeddable":true,"href":"https:\/\/www2.comunitaria.com.br\/en\/wp-json\/wp\/v2\/categories?post=467"},{"taxonomy":"post_tag","embeddable":true,"href":"https:\/\/www2.comunitaria.com.br\/en\/wp-json\/wp\/v2\/tags?post=467"}],"curies":[{"name":"wp","href":"https:\/\/api.w.org\/{rel}","templated":true}]}}