{"id":46502,"date":"2021-03-24T15:16:24","date_gmt":"2021-03-24T17:16:24","guid":{"rendered":"http:\/\/www2.comunitaria.com.br\/?p=46502"},"modified":"2021-03-24T15:16:24","modified_gmt":"2021-03-24T17:16:24","slug":"covid-19-inicia-vacinacao-de-idosos-com-mais-de-72-anos","status":"publish","type":"post","link":"https:\/\/www2.comunitaria.com.br\/en\/covid-19-inicia-vacinacao-de-idosos-com-mais-de-72-anos\/","title":{"rendered":"Covid-19: inicia vacina\u00e7\u00e3o de idosos com mais de 72 anos"},"content":{"rendered":"<p>Nesta quarta-feira, 24, iniciou a vacina\u00e7\u00e3o contra a Covid-19 em Frederico Westphalen para idosos a partir de 72 anos. As doses est\u00e3o sendo aplicadas nos postos de sa\u00fade do bairro Aparecida, na modalidade Drive-Thru, no Central e no N\u00facleo, das 8 \u00e0s 11h30 e das 13 \u00e0s 15 horas.<\/p>\n<p>A vacina\u00e7\u00e3o est\u00e1 ocorrendo de acordo com o Plano de Imuniza\u00e7\u00e3o do Munic\u00edpio, que segue as regras do Plano Nacional de Imuniza\u00e7\u00e3o, do Minist\u00e9rio da Sa\u00fade. Nos pr\u00f3ximos dias ser\u00e3o informadas as pr\u00f3ximas faixa et\u00e1rias que receber\u00e3o a vacina.<\/p>\n<p>Para receber a dose \u00e9 necess\u00e1rio apresentar o cart\u00e3o do Sistema \u00danico de Sa\u00fade (SUS) e um documento de identidade com n\u00famero de CPF com foto.<\/p>\n<p>&nbsp;<\/p>\n<p><em>*ASCOM Prefeitura Municipal de Frederico Westphalen&nbsp;&nbsp;<\/em><\/p>","protected":false},"excerpt":{"rendered":"<p>Nesta quarta-feira, 24, iniciou a vacina\u00e7\u00e3o contra a Covid-19 em Frederico Westphalen para idosos a partir de 72 anos. As doses est\u00e3o sendo aplicadas nos postos de sa\u00fade do bairro Aparecida, na modalidade Drive-Thru, no Central e no N\u00facleo, das 8 \u00e0s 11h30 e das 13 \u00e0s 15 horas. A vacina\u00e7\u00e3o est\u00e1 ocorrendo de acordo<\/p>\n<div class=\"read-more-wrapper\"><a class=\"read-more\" href=\"https:\/\/www2.comunitaria.com.br\/en\/covid-19-inicia-vacinacao-de-idosos-com-mais-de-72-anos\/\" title=\"Read More\"> <span class=\"button\">Read More<\/span><\/a><\/div>","protected":false},"author":2,"featured_media":46504,"comment_status":"open","ping_status":"closed","sticky":false,"template":"","format":"standard","meta":{"ngg_post_thumbnail":0,"footnotes":""},"categories":[28,33],"tags":[4567,4632,4641,5831],"class_list":["post-46502","post","type-post","status-publish","format-standard","has-post-thumbnail","hentry","category-destaque","category-noticias","tag-coronavirus","tag-covid-19","tag-pandemia","tag-vacinacao-covid-19"],"amp_enabled":true,"_links":{"self":[{"href":"https:\/\/www2.comunitaria.com.br\/en\/wp-json\/wp\/v2\/posts\/46502","targetHints":{"allow":["GET"]}}],"collection":[{"href":"https:\/\/www2.comunitaria.com.br\/en\/wp-json\/wp\/v2\/posts"}],"about":[{"href":"https:\/\/www2.comunitaria.com.br\/en\/wp-json\/wp\/v2\/types\/post"}],"author":[{"embeddable":true,"href":"https:\/\/www2.comunitaria.com.br\/en\/wp-json\/wp\/v2\/users\/2"}],"replies":[{"embeddable":true,"href":"https:\/\/www2.comunitaria.com.br\/en\/wp-json\/wp\/v2\/comments?post=46502"}],"version-history":[{"count":0,"href":"https:\/\/www2.comunitaria.com.br\/en\/wp-json\/wp\/v2\/posts\/46502\/revisions"}],"wp:featuredmedia":[{"embeddable":true,"href":"https:\/\/www2.comunitaria.com.br\/en\/wp-json\/wp\/v2\/media\/46504"}],"wp:attachment":[{"href":"https:\/\/www2.comunitaria.com.br\/en\/wp-json\/wp\/v2\/media?parent=46502"}],"wp:term":[{"taxonomy":"category","embeddable":true,"href":"https:\/\/www2.comunitaria.com.br\/en\/wp-json\/wp\/v2\/categories?post=46502"},{"taxonomy":"post_tag","embeddable":true,"href":"https:\/\/www2.comunitaria.com.br\/en\/wp-json\/wp\/v2\/tags?post=46502"}],"curies":[{"name":"wp","href":"https:\/\/api.w.org\/{rel}","templated":true}]}}