{"id":46494,"date":"2021-03-29T15:37:45","date_gmt":"2021-03-29T17:37:45","guid":{"rendered":"http:\/\/www2.comunitaria.com.br\/?p=46494"},"modified":"2021-03-29T16:20:19","modified_gmt":"2021-03-29T18:20:19","slug":"radio-comunitaria-elege-nova-diretoria","status":"publish","type":"post","link":"https:\/\/www2.comunitaria.com.br\/en\/radio-comunitaria-elege-nova-diretoria\/","title":{"rendered":"R\u00e1dio Comunit\u00e1ria elege nova diretoria"},"content":{"rendered":"<p style=\"text-align: justify;\">A Associa\u00e7\u00e3o Frederiquense da Radiodifus\u00e3o Comunit\u00e1ria, escolheu a nova diretoria&nbsp; executiva para o ano 2021\/2024. A chapa&nbsp; &#8216;Experi\u00eancia, Renova\u00e7\u00e3o e Representatividade&#8217;, foi composta por 11 representantes e escolhida por unanimidade, atrav\u00e9s de uma reuni\u00e3o por videoconfer\u00eancia.&nbsp;<\/p>\n<p style=\"text-align: justify;\">Entre os anos de 2016 e 2020 <b> <\/b><span style=\"font-weight: 400;\">,<\/span> a associa\u00e7\u00e3o foi presidida por <span style=\"font-weight: 400;\">Darci Jose Mariotto .E<\/span>m sua despedida do cargo Mariotto destacou a import\u00e2ncia da valoriza\u00e7\u00e3o do trabalho comunit\u00e1rio e parabenizou as atividades que s\u00e3o desenvolvidas diariamente nas ondas da 87.9 e tamb\u00e9m nos meios digitais.<\/p>\n<p style=\"text-align: justify;\">O jornalista Rodrigo D&#8217;Avila, que atua tamb\u00e9m na grade de programa\u00e7\u00e3o da emissora, foi escolhido como presidente para os pr\u00f3ximos quatro anos. Rodrigo destaca a import\u00e2ncia do jornalismo para os dias atuais <em>&#8220;Vivemos dias dif\u00edceis, onde o compromisso com a verdade e transpar\u00eancia deve ser reafirmado diariamente. Com certeza faremos de tudo para realizar um bom trabalho&#8221;,<\/em> disse.<\/p>\n<p style=\"text-align: justify;\">A diretoria executiva 2021\/2025 ficou composta pelos seguintes nomes:<\/p>\n<p style=\"text-align: justify;\"><b>Presidente:<\/b> <span style=\"font-weight: 400;\">Rodrigo Alcantara D\u00e1vila<\/span><\/p>\n<p style=\"text-align: justify;\"><b>Vice \u2013 Presidenta: <\/b><span style=\"font-weight: 400;\">&nbsp;Eliane Porsch<\/span><\/p>\n<p style=\"text-align: justify;\"><b>Secret\u00e1ria Geral:<\/b><span style=\"font-weight: 400;\"> Isadora Vilanova do Amaral<\/span><\/p>\n<p style=\"text-align: justify;\"><b>Segunda Secret\u00e1ria<\/b><span style=\"font-weight: 400;\">:&nbsp; Vanderlei Terezinha Gaitcoski<\/span><\/p>\n<p style=\"text-align: justify;\"><b>Tesoureiro:<\/b><span style=\"font-weight: 400;\"> Jamir Centenaro<\/span><\/p>\n<p style=\"text-align: justify;\"><b>Segunda \u2013 Tesoureira:<\/b><span style=\"font-weight: 400;\">&nbsp; Din\u00eas Maria Girardelo da Silva<\/span><\/p>\n<p style=\"text-align: justify;\"><b>Diretora de Opera\u00e7\u00f5es: <\/b><span style=\"font-weight: 400;\">&nbsp;Vivian Telles Andreatto<\/span><\/p>\n<p style=\"text-align: justify;\"><b>Vice \u2013 Diretor de Opera\u00e7\u00f5es:<\/b><span style=\"font-weight: 400;\"> Ambrosio Kempka<\/span><\/p>\n<p style=\"text-align: justify;\"><b>Diretora Cultural:<\/b><span style=\"font-weight: 400;\"> Carmem Regina Cocco<\/span><\/p>\n<p style=\"text-align: justify;\"><b>Vice Diretora Cultural<\/b><span style=\"font-weight: 400;\">: Maria Magdalena Cocco<\/span><\/p>\n<p style=\"text-align: justify;\"><b>Diretor de Patrim\u00f4nio:<\/b><span style=\"font-weight: 400;\"> &nbsp; Walmir Luiz Scapin<\/span><\/p>","protected":false},"excerpt":{"rendered":"<p>A Associa\u00e7\u00e3o Frederiquense da Radiodifus\u00e3o Comunit\u00e1ria, escolheu a nova diretoria&nbsp; executiva para o ano 2021\/2024. A chapa&nbsp; &#8216;Experi\u00eancia, Renova\u00e7\u00e3o e Representatividade&#8217;, foi composta por 11 representantes e escolhida por unanimidade, atrav\u00e9s de uma reuni\u00e3o por videoconfer\u00eancia.&nbsp; Entre os anos de 2016 e 2020 , a associa\u00e7\u00e3o foi presidida por Darci Jose Mariotto .Em sua despedida<\/p>\n<div class=\"read-more-wrapper\"><a class=\"read-more\" href=\"https:\/\/www2.comunitaria.com.br\/en\/radio-comunitaria-elege-nova-diretoria\/\" title=\"Read More\"> <span class=\"button\">Read More<\/span><\/a><\/div>","protected":false},"author":2,"featured_media":46645,"comment_status":"open","ping_status":"closed","sticky":false,"template":"","format":"standard","meta":{"ngg_post_thumbnail":0,"footnotes":""},"categories":[28,33],"tags":[4666,3285,5853,4655],"class_list":["post-46494","post","type-post","status-publish","format-standard","has-post-thumbnail","hentry","category-destaque","category-noticias","tag-comunitariafw","tag-frederico-wesstphalen","tag-jornalismo-comunitario","tag-radiocomunitariafw"],"amp_enabled":true,"_links":{"self":[{"href":"https:\/\/www2.comunitaria.com.br\/en\/wp-json\/wp\/v2\/posts\/46494","targetHints":{"allow":["GET"]}}],"collection":[{"href":"https:\/\/www2.comunitaria.com.br\/en\/wp-json\/wp\/v2\/posts"}],"about":[{"href":"https:\/\/www2.comunitaria.com.br\/en\/wp-json\/wp\/v2\/types\/post"}],"author":[{"embeddable":true,"href":"https:\/\/www2.comunitaria.com.br\/en\/wp-json\/wp\/v2\/users\/2"}],"replies":[{"embeddable":true,"href":"https:\/\/www2.comunitaria.com.br\/en\/wp-json\/wp\/v2\/comments?post=46494"}],"version-history":[{"count":0,"href":"https:\/\/www2.comunitaria.com.br\/en\/wp-json\/wp\/v2\/posts\/46494\/revisions"}],"wp:featuredmedia":[{"embeddable":true,"href":"https:\/\/www2.comunitaria.com.br\/en\/wp-json\/wp\/v2\/media\/46645"}],"wp:attachment":[{"href":"https:\/\/www2.comunitaria.com.br\/en\/wp-json\/wp\/v2\/media?parent=46494"}],"wp:term":[{"taxonomy":"category","embeddable":true,"href":"https:\/\/www2.comunitaria.com.br\/en\/wp-json\/wp\/v2\/categories?post=46494"},{"taxonomy":"post_tag","embeddable":true,"href":"https:\/\/www2.comunitaria.com.br\/en\/wp-json\/wp\/v2\/tags?post=46494"}],"curies":[{"name":"wp","href":"https:\/\/api.w.org\/{rel}","templated":true}]}}