{"id":46417,"date":"2021-03-22T14:31:22","date_gmt":"2021-03-22T16:31:22","guid":{"rendered":"http:\/\/www2.comunitaria.com.br\/?p=46417"},"modified":"2021-03-22T14:31:22","modified_gmt":"2021-03-22T16:31:22","slug":"aefw-entrega-oficio-pedindo-por-novas-medidas-ao-poder-executivo-municipal","status":"publish","type":"post","link":"https:\/\/www2.comunitaria.com.br\/en\/aefw-entrega-oficio-pedindo-por-novas-medidas-ao-poder-executivo-municipal\/","title":{"rendered":"AEFW entrega of\u00edcio pedindo por novas medidas ao Poder Executivo Municipal"},"content":{"rendered":"<p><span style=\"font-weight: 400;\">A manh\u00e3 de sexta-feira, 19, foi marcada pela entrega de um of\u00edcio da Associa\u00e7\u00e3o Empresarial ACI\/CDL de Frederico Westphalen ao prefeito Jos\u00e9 Alberto Panosso. A reuni\u00e3o tamb\u00e9m contou com a presen\u00e7a dos secret\u00e1rios municipais e do assessor jur\u00eddico da prefeitura. O documento entregue ao prefeito apresenta a grande preocupa\u00e7\u00e3o da entidade sobre o quadro econ\u00f4mico e de sa\u00fade gerado pela pandemia, em especial ao futuro dos empregos e das empresas.<\/span><\/p>\n<p><span style=\"font-weight: 400;\">Conforme declarado pela AEFW no of\u00edcio, <em>\u201crecebemos diuturnamente solicita\u00e7\u00f5es de empresas associadas ou n\u00e3o, para que a Associa\u00e7\u00e3o adote provid\u00eancias para contribuir nestes dias dif\u00edceis. Mantemos constante di\u00e1logo com tais empresas, especialmente aquelas que exercem atividades ditas \u2018n\u00e3o essenciais\u2019 para entender a realidade de cada uma, ouvindo atentamente os clamores que nos s\u00e3o dirigidos, a fim de contribuir na busca das solu\u00e7\u00f5es que elas mais necessitam\u201d.<\/em><\/span><\/p>\n<p><span style=\"font-weight: 400;\">Entre as solicita\u00e7\u00f5es encaminhadas est\u00e1: a suspens\u00e3o de a\u00e7\u00f5es de cobran\u00e7as administrativas de cr\u00e9ditos tribut\u00e1rios e n\u00e3o tribut\u00e1rios pelo prazo de 60 dias; a prorroga\u00e7\u00e3o do prazo de validade das certid\u00f5es negativas de d\u00e9bitos com o Poder Executivo Municipal em 60 dias; a prorroga\u00e7\u00e3o para 01 de junho de 2021 do vencimento de pagamento de taxas de alvar\u00e1s expedidos no presente exerc\u00edcio financeiro e que ainda n\u00e3o tenham sido pagos; a prorroga\u00e7\u00e3o das validades dos alvar\u00e1s; a inclus\u00e3o dos professores no grupo priorit\u00e1rio da vacina\u00e7\u00e3o, viabilizando as condi\u00e7\u00f5es sanit\u00e1rias para que as creches e escolas retomem suas atividades, condi\u00e7\u00e3o, essencial para que os pais, trabalhadores nas nossas empresas, possam deixar suas crian\u00e7as em seguran\u00e7a.<\/span><\/p>\n<p><span style=\"font-weight: 400;\">Al\u00e9m do pedido das provid\u00eancias, o encontro tamb\u00e9m tratou sobre a import\u00e2ncia da conscientiza\u00e7\u00e3o das empresas na ado\u00e7\u00e3o das medidas sanit\u00e1rias e de distanciamento social, incluindo o refor\u00e7o do pedido para que colaboradores respeitem as normas e n\u00e3o realizem aglomera\u00e7\u00e3o ap\u00f3s o expediente tamb\u00e9m.<\/span><\/p>\n<p>&nbsp;<\/p>\n<p><em>*Divulga\u00e7\u00e3o AEFW<\/em><\/p>","protected":false},"excerpt":{"rendered":"<p>A manh\u00e3 de sexta-feira, 19, foi marcada pela entrega de um of\u00edcio da Associa\u00e7\u00e3o Empresarial ACI\/CDL de Frederico Westphalen ao prefeito Jos\u00e9 Alberto Panosso. A reuni\u00e3o tamb\u00e9m contou com a presen\u00e7a dos secret\u00e1rios municipais e do assessor jur\u00eddico da prefeitura. O documento entregue ao prefeito apresenta a grande preocupa\u00e7\u00e3o da entidade sobre o quadro econ\u00f4mico<\/p>\n<div class=\"read-more-wrapper\"><a class=\"read-more\" href=\"https:\/\/www2.comunitaria.com.br\/en\/aefw-entrega-oficio-pedindo-por-novas-medidas-ao-poder-executivo-municipal\/\" title=\"Read More\"> <span class=\"button\">Read More<\/span><\/a><\/div>","protected":false},"author":2,"featured_media":46419,"comment_status":"open","ping_status":"closed","sticky":false,"template":"","format":"standard","meta":{"ngg_post_thumbnail":0,"footnotes":""},"categories":[33],"tags":[4666,82,4655],"class_list":["post-46417","post","type-post","status-publish","format-standard","has-post-thumbnail","hentry","category-noticias","tag-comunitariafw","tag-frederico-westphalen","tag-radiocomunitariafw"],"amp_enabled":true,"_links":{"self":[{"href":"https:\/\/www2.comunitaria.com.br\/en\/wp-json\/wp\/v2\/posts\/46417","targetHints":{"allow":["GET"]}}],"collection":[{"href":"https:\/\/www2.comunitaria.com.br\/en\/wp-json\/wp\/v2\/posts"}],"about":[{"href":"https:\/\/www2.comunitaria.com.br\/en\/wp-json\/wp\/v2\/types\/post"}],"author":[{"embeddable":true,"href":"https:\/\/www2.comunitaria.com.br\/en\/wp-json\/wp\/v2\/users\/2"}],"replies":[{"embeddable":true,"href":"https:\/\/www2.comunitaria.com.br\/en\/wp-json\/wp\/v2\/comments?post=46417"}],"version-history":[{"count":0,"href":"https:\/\/www2.comunitaria.com.br\/en\/wp-json\/wp\/v2\/posts\/46417\/revisions"}],"wp:featuredmedia":[{"embeddable":true,"href":"https:\/\/www2.comunitaria.com.br\/en\/wp-json\/wp\/v2\/media\/46419"}],"wp:attachment":[{"href":"https:\/\/www2.comunitaria.com.br\/en\/wp-json\/wp\/v2\/media?parent=46417"}],"wp:term":[{"taxonomy":"category","embeddable":true,"href":"https:\/\/www2.comunitaria.com.br\/en\/wp-json\/wp\/v2\/categories?post=46417"},{"taxonomy":"post_tag","embeddable":true,"href":"https:\/\/www2.comunitaria.com.br\/en\/wp-json\/wp\/v2\/tags?post=46417"}],"curies":[{"name":"wp","href":"https:\/\/api.w.org\/{rel}","templated":true}]}}