{"id":46396,"date":"2021-03-19T14:56:24","date_gmt":"2021-03-19T16:56:24","guid":{"rendered":"http:\/\/www2.comunitaria.com.br\/?p=46396"},"modified":"2021-03-19T14:56:24","modified_gmt":"2021-03-19T16:56:24","slug":"para-79-pandemia-esta-fora-de-controle-e-medo-de-ser-contaminado-bate-recorde","status":"publish","type":"post","link":"https:\/\/www2.comunitaria.com.br\/en\/para-79-pandemia-esta-fora-de-controle-e-medo-de-ser-contaminado-bate-recorde\/","title":{"rendered":"Para 79%, pandemia est\u00e1 fora de controle e medo de ser contaminado bate recorde"},"content":{"rendered":"<p>O medo de ser infectado pela covid-19 e a percep\u00e7\u00e3o de que a pandemia est\u00e1 fora de controle atingem n\u00edveis recordes entre a popula\u00e7\u00e3o brasileira. De acordo com pesquisa Datafolha, divulgada na noite desta quinta-feira (18), 79% disseram achar que a pandemia atinge seu pior momento no pa\u00eds sem qualquer controle.<\/p>\n<p>Na pesquisa anterior do instituto, realizada entre 20 e 21 de janeiro, 62% da amostra manifestava essa opini\u00e3o. Houve tamb\u00e9m recuo no percentual de entrevistados que apontavam a doen\u00e7a como parcialmente controlada. Em dois meses, essa percep\u00e7\u00e3o caiu de 33% para 18%. Outros 2% responderam que a pandemia est\u00e1 totalmente controlada e 1% n\u00e3o soube avaliar.<\/p>\n<p>O Datafolha tamb\u00e9m questionou sobre o temor de se infectar pelo v\u00edrus neste momento em que a covid-19 j\u00e1 matou quase 288 mil e que o pa\u00eds passa por um colapso nacional no sistema de sa\u00fade devido ao pico de infec\u00e7\u00f5es. A maioria, 55% dos entrevistados, declarou ter muito medo. O percentual alcan\u00e7ou n\u00edvel recorde, comparado com o levantamento de janeiro, que registrou 44%. Outros 27% responderam ter pouco medo, 12% disseram n\u00e3o ter e 7% relataram j\u00e1 ter contra\u00eddo a doen\u00e7a.<\/p>\n<h3>Percep\u00e7\u00e3o por extratos<\/h3>\n<p>Entre parte da parcela que passou a declarar muito medo de ser infectado est\u00e3o inclusive os jovens de 16 a 24 anos. A estimativa de 48% ficou \u00e0 frente dos 34% registrados pelo Datafolha h\u00e1 dois meses. Entre esse grupo, os registros de infectados cresce cada vez mais e j\u00e1 pressiona o sistema de sa\u00fade de alguns estados.<\/p>\n<p>O instituto tamb\u00e9m indicou que a percep\u00e7\u00e3o de que a dissemina\u00e7\u00e3o do novo coronav\u00edrus est\u00e1 fora de controle \u00e9 majorit\u00e1ria mesmo entre os que est\u00e3o vivendo normalmente, sem nenhuma medida extra de isolamento.<\/p>\n<p>Especialistas citam o isolamento, o uso de m\u00e1scara e a vacina\u00e7\u00e3o em massa como algumas das principais medidas para conter o surto da doen\u00e7a, que h\u00e1 20 dias seguidos bate recorde de casos di\u00e1rios e \u00f3bitos. A m\u00e9dia de mortos, calculada em sete dias, aponta para 2.087 v\u00edtimas di\u00e1rias. Todos dias ainda, 71.872 novos casos s\u00e3o confirmados em m\u00e9dia. Diante do colapso por falta de leitos, da propaga\u00e7\u00e3o do v\u00edrus de forma desenfreada e da falta de ado\u00e7\u00e3o de medidas mais r\u00edgidas de isolamento social, j\u00e1 se aponta a tend\u00eancia de piora para as pr\u00f3ximas semanas no pa\u00eds.<\/p>\n<h3>Reprova\u00e7\u00e3o do presidente<\/h3>\n<p>A m\u00e1 gest\u00e3o do governo federal, que contribuiu para este pior momento da crise sanit\u00e1ria, est\u00e1 diretamente relacionada \u00e0 reprova\u00e7\u00e3o ao presidente Jair Bolsonaro. Segundo o Datafolha, a percep\u00e7\u00e3o de que a pandemia est\u00e1 fora de controle \u00e9 mais alta entre os que rejeitam seu governo (94%). Assim como entre os que n\u00e3o confiam em suas declara\u00e7\u00f5es (93%). A observa\u00e7\u00e3o tamb\u00e9m \u00e9 maior entre as mulheres (85%) ante os homens (73%). A percep\u00e7\u00e3o de descontrole tamb\u00e9m \u00e9 maior entre os mais pobres (82%) contra 69% da parcela de entrevistados ricos.<\/p>\n<p>Ontem, levantamento do instituto mostrou que a reprova\u00e7\u00e3o a Bolsonaro tamb\u00e9m bateu n\u00edveis recordes, com 54% de rejei\u00e7\u00e3o. A pesquisa tamb\u00e9m identificou que 43% culpavam o presidente pelo agravamento da pandemia no Brasil.<\/p>\n<p>O percentual foi calculado com base nas entrevistas feitas por telefone com 2.023 pessoas em todos os estados do pa\u00eds, nos dois 15 e 16 mar\u00e7o. A margem de erro \u00e9 de dois pontos percentuais.<\/p>\n<p>&nbsp;<\/p>\n<p><em>*Sul 21<\/em><\/p>","protected":false},"excerpt":{"rendered":"<p>O medo de ser infectado pela covid-19 e a percep\u00e7\u00e3o de que a pandemia est\u00e1 fora de controle atingem n\u00edveis recordes entre a popula\u00e7\u00e3o brasileira. De acordo com pesquisa Datafolha,&#8230;<\/p>","protected":false},"author":2,"featured_media":46398,"comment_status":"open","ping_status":"closed","sticky":false,"template":"","format":"standard","meta":{"ngg_post_thumbnail":0,"footnotes":""},"categories":[33],"tags":[4567,4632,5803,4641],"class_list":["post-46396","post","type-post","status-publish","format-standard","has-post-thumbnail","hentry","category-noticias","tag-coronavirus","tag-covid-19","tag-medo-de-contaminacao","tag-pandemia"],"amp_enabled":true,"_links":{"self":[{"href":"https:\/\/www2.comunitaria.com.br\/en\/wp-json\/wp\/v2\/posts\/46396","targetHints":{"allow":["GET"]}}],"collection":[{"href":"https:\/\/www2.comunitaria.com.br\/en\/wp-json\/wp\/v2\/posts"}],"about":[{"href":"https:\/\/www2.comunitaria.com.br\/en\/wp-json\/wp\/v2\/types\/post"}],"author":[{"embeddable":true,"href":"https:\/\/www2.comunitaria.com.br\/en\/wp-json\/wp\/v2\/users\/2"}],"replies":[{"embeddable":true,"href":"https:\/\/www2.comunitaria.com.br\/en\/wp-json\/wp\/v2\/comments?post=46396"}],"version-history":[{"count":0,"href":"https:\/\/www2.comunitaria.com.br\/en\/wp-json\/wp\/v2\/posts\/46396\/revisions"}],"wp:featuredmedia":[{"embeddable":true,"href":"https:\/\/www2.comunitaria.com.br\/en\/wp-json\/wp\/v2\/media\/46398"}],"wp:attachment":[{"href":"https:\/\/www2.comunitaria.com.br\/en\/wp-json\/wp\/v2\/media?parent=46396"}],"wp:term":[{"taxonomy":"category","embeddable":true,"href":"https:\/\/www2.comunitaria.com.br\/en\/wp-json\/wp\/v2\/categories?post=46396"},{"taxonomy":"post_tag","embeddable":true,"href":"https:\/\/www2.comunitaria.com.br\/en\/wp-json\/wp\/v2\/tags?post=46396"}],"curies":[{"name":"wp","href":"https:\/\/api.w.org\/{rel}","templated":true}]}}