{"id":46327,"date":"2021-03-17T14:58:56","date_gmt":"2021-03-17T16:58:56","guid":{"rendered":"http:\/\/www2.comunitaria.com.br\/?p=46327"},"modified":"2021-03-17T14:58:56","modified_gmt":"2021-03-17T16:58:56","slug":"leite-aponta-falta-de-folego-economico-e-reducao-de-demanda-hospitalar-para-voltar-com-cogestao","status":"publish","type":"post","link":"https:\/\/www2.comunitaria.com.br\/en\/leite-aponta-falta-de-folego-economico-e-reducao-de-demanda-hospitalar-para-voltar-com-cogestao\/","title":{"rendered":"Leite aponta &#8220;falta de f\u00f4lego econ\u00f4mico&#8221; e &#8220;redu\u00e7\u00e3o de demanda hospitalar&#8221; para voltar com cogest\u00e3o"},"content":{"rendered":"<p>O governador Eduardo Leite avaliou nesta quarta-feira que&nbsp;o&nbsp;<strong>retorno da cogest\u00e3o&nbsp;no Sistema de Distanciamento Controlado e &#8216;servi\u00e7os n\u00e3o essenciais&#8217; a partir de 22 de mar\u00e7o&nbsp;<\/strong>se dar\u00e1 pelo limitado &#8220;f\u00f4lego econ\u00f4mico&#8221; da popula\u00e7\u00e3o e pelos <em>&#8220;sinais de uma redu\u00e7\u00e3o efetiva da demanda&#8221;<\/em> por leitos hospitalares. De acordo com o tucano, &#8220;a press\u00e3o sobre o sistema hospitalar come\u00e7a a ceder fortemente, depois de ter havido um aumento de em m\u00e9dia 350 leitos por dia a mais sendo ocupados&#8221;, gra\u00e7as \u00e0s&nbsp;&#8220;duas semanas e meia que temos de restri\u00e7\u00f5es mais severas&#8221;. Ainda assim, as Unidades de Terapia Intensiva (UTI) do Estado operam h\u00e1 15 dias com lota\u00e7\u00e3o m\u00e1xima.<\/p>\n<p>A decis\u00e3o, explicou o chefe do Executivo ga\u00facho, analisa uma s\u00e9rie de indicadores \u2013 o n\u00famero de \u00f3bitos \u00e9 apenas um deles. &#8220;<em>Infelizmente choca e nos sensibiliza, porque assistir ao&nbsp;<strong>registro de 500 mortes<\/strong>&nbsp;certamente toca a qualquer ser humano que preza pela vida, embora esses registros s\u00e3o de v\u00e1rios dias&#8221;, disse. Ele previu um crescimento do n\u00famero de felecimentos por conta do v\u00edrus SARS-CoV-2 ao longo da proxima semana, mas defendeu &#8220;que os dados da demanda de interna\u00e7\u00f5es demonstram redu\u00e7\u00e3o da circula\u00e7\u00e3o do v\u00edrus&#8221;.&#8221;Por isso, devemos partir partir para um retomada da cogest\u00e3o&#8221;<\/em>, enfatizou.<\/p>\n<p>Leite garantiu a volta ser\u00e1 acompanha de &#8220;medidas severas de restri\u00e7\u00e3o ainda, como toque de recolher e suspens\u00e3o geral das atividades no final do semana e intensa fiscaliza\u00e7\u00e3o&#8221;. O governador tamb\u00e9m apontou que fatores econ\u00f4micos motivaram a decis\u00e3o.<em> &#8220;Como a gente sabe que o f\u00f4lego \u00e9 limitado economicamente, o Pa\u00eds est\u00e1 oferecendo um&nbsp;<strong>aux\u00edlio emergencial que \u00e9 tr\u00eas vezes menor<\/strong>&nbsp;e que vai alcan\u00e7ar metade da popula\u00e7\u00e3o que alcan\u00e7ou no ano passado. N\u00e3o h\u00e1 espa\u00e7o para exigir f\u00f4lego da popula\u00e7\u00e3o por ainda mais tempo&#8221;,<\/em> disse.<\/p>\n<div>\n<div>\n<div id=\"denakop-ad-0\">Entretanto, o Rio Grande do Sul dever\u00e1 continuar em bandeira preta.&nbsp;<em>&#8220;O risco ainda \u00e9 alto em fun\u00e7\u00e3o da super demanda do sistema hospitalar, que ainda est\u00e1 pressionado, mas estabilizado em um patamar muito alto. Bandeira preta \u00e9 pra alertar&#8221;,<\/em> comentou.&nbsp;O Estado tamb\u00e9m vai estabelecer novas medidas de distanciamento controlado para a bandeira vermelha:&nbsp;as regi\u00f5es poder\u00e3o adotar medidas mais flex\u00edveis que a bandeira final, mas n\u00e3o menos r\u00edgidas que a bandeira imediatamente inferior.<\/div>\n<\/div>\n<\/div>\n<div>&nbsp;<\/div>\n<div><em>*Correio do Povo<\/em><\/div>","protected":false},"excerpt":{"rendered":"<p>O governador Eduardo Leite avaliou nesta quarta-feira que&nbsp;o&nbsp;retorno da cogest\u00e3o&nbsp;no Sistema de Distanciamento Controlado e &#8216;servi\u00e7os n\u00e3o essenciais&#8217; a partir de 22 de mar\u00e7o&nbsp;se dar\u00e1 pelo limitado &#8220;f\u00f4lego econ\u00f4mico&#8221; da&#8230;<\/p>","protected":false},"author":2,"featured_media":46329,"comment_status":"open","ping_status":"closed","sticky":false,"template":"","format":"standard","meta":{"ngg_post_thumbnail":0,"footnotes":""},"categories":[33],"tags":[],"class_list":["post-46327","post","type-post","status-publish","format-standard","has-post-thumbnail","hentry","category-noticias"],"amp_enabled":true,"_links":{"self":[{"href":"https:\/\/www2.comunitaria.com.br\/en\/wp-json\/wp\/v2\/posts\/46327","targetHints":{"allow":["GET"]}}],"collection":[{"href":"https:\/\/www2.comunitaria.com.br\/en\/wp-json\/wp\/v2\/posts"}],"about":[{"href":"https:\/\/www2.comunitaria.com.br\/en\/wp-json\/wp\/v2\/types\/post"}],"author":[{"embeddable":true,"href":"https:\/\/www2.comunitaria.com.br\/en\/wp-json\/wp\/v2\/users\/2"}],"replies":[{"embeddable":true,"href":"https:\/\/www2.comunitaria.com.br\/en\/wp-json\/wp\/v2\/comments?post=46327"}],"version-history":[{"count":0,"href":"https:\/\/www2.comunitaria.com.br\/en\/wp-json\/wp\/v2\/posts\/46327\/revisions"}],"wp:featuredmedia":[{"embeddable":true,"href":"https:\/\/www2.comunitaria.com.br\/en\/wp-json\/wp\/v2\/media\/46329"}],"wp:attachment":[{"href":"https:\/\/www2.comunitaria.com.br\/en\/wp-json\/wp\/v2\/media?parent=46327"}],"wp:term":[{"taxonomy":"category","embeddable":true,"href":"https:\/\/www2.comunitaria.com.br\/en\/wp-json\/wp\/v2\/categories?post=46327"},{"taxonomy":"post_tag","embeddable":true,"href":"https:\/\/www2.comunitaria.com.br\/en\/wp-json\/wp\/v2\/tags?post=46327"}],"curies":[{"name":"wp","href":"https:\/\/api.w.org\/{rel}","templated":true}]}}