{"id":46132,"date":"2021-03-09T14:10:49","date_gmt":"2021-03-09T16:10:49","guid":{"rendered":"http:\/\/www2.comunitaria.com.br\/?p=46132"},"modified":"2021-03-09T14:11:09","modified_gmt":"2021-03-09T16:11:09","slug":"entidades-empresariais-organizam-manifestacao-contra-as-medidas-restritivas-da-bandeira-preta","status":"publish","type":"post","link":"https:\/\/www2.comunitaria.com.br\/en\/entidades-empresariais-organizam-manifestacao-contra-as-medidas-restritivas-da-bandeira-preta\/","title":{"rendered":"Entidades empresariais organizam manifesta\u00e7\u00e3o contra as medidas restritivas da bandeira preta"},"content":{"rendered":"<p><span style=\"font-weight: 400;\">Representando cerca de 500 empresas de Frederico Westphalen, a Associa\u00e7\u00e3o Empresarial de Frederico Westphalen ACI\/CDL est\u00e1 realizando diversas a\u00e7\u00f5es para sensibilizar e pressionar os governantes para a adapta\u00e7\u00e3o das medidas restritivas impostas pela bandeira preta no estado. Desde o in\u00edcio da pandemia, as entidades t\u00eam se mobilizado para buscar um equil\u00edbrio entre a libera\u00e7\u00e3o das atividades econ\u00f4micas e a estrutura\u00e7\u00e3o e defesa da sa\u00fade p\u00fablica, reconhecendo a import\u00e2ncia da preserva\u00e7\u00e3o de vidas, sendo parceiros na realiza\u00e7\u00e3o de campanhas de arrecada\u00e7\u00e3o de verbas para o HDP e informando massivamente a classe empresarial e comunidade sobre a preven\u00e7\u00e3o e controle das contamina\u00e7\u00f5es.<\/span><\/p>\n<p><span style=\"font-weight: 400;\">A partir dos decretos emitidos pelo Governo do Rio Grande do Sul, diversos of\u00edcios foram encaminhados em conjunto com demais entidades empresariais e as federa\u00e7\u00f5es \u00e0s quais a AE \u00e9 filiada, que pressionam o Governador para reavaliar as medidas permitindo a cogest\u00e3o alinhada com a realidade do com\u00e9rcio no interior, como \u00e9 o caso de Frederico Westphalen.<\/span><\/p>\n<p><span style=\"font-weight: 400;\">Al\u00e9m da representatividade das empresas associadas, a AE\/FW est\u00e1 mobilizada atrav\u00e9s do Forum Regional da Federasul, que envolve associa\u00e7\u00f5es de 20 munic\u00edpios da regi\u00e3o, e que est\u00e1 organizando uma manifesta\u00e7\u00e3o na pr\u00f3xima quarta-feira, 10, \u00e0s 11 horas, em todas as cidades participantes. A a\u00e7\u00e3o ser\u00e1 uma carreata pelas ruas do munic\u00edpio, em que as empresas de todos os setores est\u00e3o sendo convidadas a participar, fechando suas empresas e reivindicando por medidas mais adequadas ao com\u00e9rcio.&nbsp;<\/span><\/p>\n<p><span style=\"font-weight: 400;\">Com o slogan \u201cTodo o com\u00e9rcio \u00e9 essencial\u201d, as a\u00e7\u00f5es na regi\u00e3o buscam alertar para a import\u00e2ncia da libera\u00e7\u00e3o das atividades presenciais para todos os setores produtivos, seguindo com todos os protocolos sanit\u00e1rios de preven\u00e7\u00e3o. \u201c<em>Este \u00e9 um gesto de press\u00e3o e sensibiliza\u00e7\u00e3o aos nossos governantes, apoiado pelos nossos associados, que aderiram prontamente \u00e0 mobiliza\u00e7\u00e3o regional. Sabemos que n\u00e3o \u00e9 o com\u00e9rcio, com todos os seus protocolos sanit\u00e1rios, que \u00e9 o grande respons\u00e1vel pela eleva\u00e7\u00e3o das contamina\u00e7\u00f5es. A paralisa\u00e7\u00e3o das atividades comerciais, em especial, e de todos os setores produtivos, significa agravar a crise econ\u00f4mica e social sofrida pelos neg\u00f3cios locais\u201d,<\/em> destaca Patricia Cerutti, Presidente da AE\/FW.<\/span><\/p>\n<p>&nbsp;<\/p>\n<p><em>*Associa\u00e7\u00e3o Empresarial de Frederico Westphalen&nbsp;<\/em><\/p>\n<p>&nbsp;<\/p>","protected":false},"excerpt":{"rendered":"<p>Representando cerca de 500 empresas de Frederico Westphalen, a Associa\u00e7\u00e3o Empresarial de Frederico Westphalen ACI\/CDL est\u00e1 realizando diversas a\u00e7\u00f5es para sensibilizar e pressionar os governantes para a adapta\u00e7\u00e3o das medidas&#8230;<\/p>","protected":false},"author":2,"featured_media":46134,"comment_status":"open","ping_status":"closed","sticky":false,"template":"","format":"standard","meta":{"ngg_post_thumbnail":0,"footnotes":""},"categories":[33],"tags":[5739,5740,5741,82,4641,4655,1192],"class_list":["post-46132","post","type-post","status-publish","format-standard","has-post-thumbnail","hentry","category-noticias","tag-associacao-empresarial-frederico-westphalen","tag-comercio-local","tag-fechamento-do-comercio","tag-frederico-westphalen","tag-pandemia","tag-radiocomunitariafw","tag-rio-grande-do-sul"],"amp_enabled":true,"_links":{"self":[{"href":"https:\/\/www2.comunitaria.com.br\/en\/wp-json\/wp\/v2\/posts\/46132","targetHints":{"allow":["GET"]}}],"collection":[{"href":"https:\/\/www2.comunitaria.com.br\/en\/wp-json\/wp\/v2\/posts"}],"about":[{"href":"https:\/\/www2.comunitaria.com.br\/en\/wp-json\/wp\/v2\/types\/post"}],"author":[{"embeddable":true,"href":"https:\/\/www2.comunitaria.com.br\/en\/wp-json\/wp\/v2\/users\/2"}],"replies":[{"embeddable":true,"href":"https:\/\/www2.comunitaria.com.br\/en\/wp-json\/wp\/v2\/comments?post=46132"}],"version-history":[{"count":0,"href":"https:\/\/www2.comunitaria.com.br\/en\/wp-json\/wp\/v2\/posts\/46132\/revisions"}],"wp:featuredmedia":[{"embeddable":true,"href":"https:\/\/www2.comunitaria.com.br\/en\/wp-json\/wp\/v2\/media\/46134"}],"wp:attachment":[{"href":"https:\/\/www2.comunitaria.com.br\/en\/wp-json\/wp\/v2\/media?parent=46132"}],"wp:term":[{"taxonomy":"category","embeddable":true,"href":"https:\/\/www2.comunitaria.com.br\/en\/wp-json\/wp\/v2\/categories?post=46132"},{"taxonomy":"post_tag","embeddable":true,"href":"https:\/\/www2.comunitaria.com.br\/en\/wp-json\/wp\/v2\/tags?post=46132"}],"curies":[{"name":"wp","href":"https:\/\/api.w.org\/{rel}","templated":true}]}}