{"id":46118,"date":"2021-03-08T15:32:16","date_gmt":"2021-03-08T17:32:16","guid":{"rendered":"http:\/\/www2.comunitaria.com.br\/?p=46118"},"modified":"2021-03-08T15:32:16","modified_gmt":"2021-03-08T17:32:16","slug":"valor-medio-de-auxilio-emergencial-sera-de-r-250-diz-guedes","status":"publish","type":"post","link":"https:\/\/www2.comunitaria.com.br\/en\/valor-medio-de-auxilio-emergencial-sera-de-r-250-diz-guedes\/","title":{"rendered":"Valor m\u00e9dio de aux\u00edlio emergencial ser\u00e1 de R$ 250, diz Guedes"},"content":{"rendered":"<p>O ministro da Economia, Paulo Guedes, disse hoje (8) que o valor m\u00e9dio do novo aux\u00edlio emergencial deve ser de R$ 250 por pessoa. A declara\u00e7\u00e3o foi dada em entrevista \u00e0 imprensa no Pal\u00e1cio do Planalto, ap\u00f3s reuni\u00e3o com o presidente Jair Bolsonaro para tratar da compra da vacinas contra covid-19. <em>\u201c\u00c9 vacina, e justamente manter a economia em movimento, esta \u00e9 a prioridade do governo\u201d,<\/em> disse.<img decoding=\"async\" src=\"https:\/\/agenciabrasil.ebc.com.br\/ebc.png?id=1403290&amp;o=node\"><img decoding=\"async\" src=\"https:\/\/agenciabrasil.ebc.com.br\/ebc.gif?id=1403290&amp;o=node\"><\/p>\n<p>A expectativa \u00e9 que o valor comece a ser pago ainda neste m\u00eas, com a&nbsp;aprova\u00e7\u00e3o da Proposta de Emenda \u00e0 Constitui\u00e7\u00e3o 186\/2019, a chamada PEC Emergencial. O texto possibilita o pagamento do aux\u00edlio com cr\u00e9ditos extraordin\u00e1rios sem ferir o teto de gastos p\u00fablicos.<\/p>\n<p>De acordo com Guedes, a decis\u00e3o sobre a amplitude do aux\u00edlio emergencial \u00e9 do Minist\u00e9rio da Cidadania. <em>\u201cN\u00f3s [Minist\u00e9rio da Economia] s\u00f3 fornecemos os par\u00e2metros b\u00e1sicos\u201d, disse o ministro. Segundo ele, o valor para mulher chefe de fam\u00edlia monoparental deve ser de R$ 375 e, no caso de homem, de R$ 175. \u201cSe for casal, j\u00e1 s\u00e3o R$ 250\u201d,<\/em> informou.<\/p>\n<p>O aux\u00edlio emergencial foi criado em abril do ano passado pelo governo federal para atender pessoas vulner\u00e1veis afetadas pela pandemia de covid-19. Ele foi pago em cinco parcelas de R$ 600 ou R$ 1,2 mil para m\u00e3es chefes de fam\u00edlia monoparental e, depois, estendido at\u00e9 31 de dezembro em at\u00e9 quatro parcelas de R$ 300 ou R$ 600 cada.<\/p>\n<p>Tiveram direito aos repasses, obedecendo a uma s\u00e9rie de crit\u00e9rios econ\u00f4micos e sociais, integrantes do Bolsa Fam\u00edlia, cidad\u00e3os inclu\u00eddos no Cadastro \u00danico (Cad\u00danico), al\u00e9m de trabalhadores informais, contribuintes individuais do Instituto Nacional do Seguro Social (INSS) e microempreendedores individuais que solicitaram o benef\u00edcio por meio de plataformas digitais ou aplicativo da Caixa Econ\u00f4mica Federal.<\/p>\n<p>&nbsp;<\/p>\n<p><em>*Ag\u00eancia Brasil&nbsp;<\/em><\/p>\n","protected":false},"excerpt":{"rendered":"<p>O ministro da Economia, Paulo Guedes, disse hoje (8) que o valor m\u00e9dio do novo aux\u00edlio emergencial deve ser de R$ 250 por pessoa. A declara\u00e7\u00e3o foi dada em entrevista&#8230;<\/p>","protected":false},"author":2,"featured_media":46058,"comment_status":"open","ping_status":"closed","sticky":false,"template":"","format":"standard","meta":{"ngg_post_thumbnail":0,"footnotes":""},"categories":[33],"tags":[],"class_list":["post-46118","post","type-post","status-publish","format-standard","has-post-thumbnail","hentry","category-noticias"],"amp_enabled":true,"_links":{"self":[{"href":"https:\/\/www2.comunitaria.com.br\/en\/wp-json\/wp\/v2\/posts\/46118","targetHints":{"allow":["GET"]}}],"collection":[{"href":"https:\/\/www2.comunitaria.com.br\/en\/wp-json\/wp\/v2\/posts"}],"about":[{"href":"https:\/\/www2.comunitaria.com.br\/en\/wp-json\/wp\/v2\/types\/post"}],"author":[{"embeddable":true,"href":"https:\/\/www2.comunitaria.com.br\/en\/wp-json\/wp\/v2\/users\/2"}],"replies":[{"embeddable":true,"href":"https:\/\/www2.comunitaria.com.br\/en\/wp-json\/wp\/v2\/comments?post=46118"}],"version-history":[{"count":0,"href":"https:\/\/www2.comunitaria.com.br\/en\/wp-json\/wp\/v2\/posts\/46118\/revisions"}],"wp:featuredmedia":[{"embeddable":true,"href":"https:\/\/www2.comunitaria.com.br\/en\/wp-json\/wp\/v2\/media\/46058"}],"wp:attachment":[{"href":"https:\/\/www2.comunitaria.com.br\/en\/wp-json\/wp\/v2\/media?parent=46118"}],"wp:term":[{"taxonomy":"category","embeddable":true,"href":"https:\/\/www2.comunitaria.com.br\/en\/wp-json\/wp\/v2\/categories?post=46118"},{"taxonomy":"post_tag","embeddable":true,"href":"https:\/\/www2.comunitaria.com.br\/en\/wp-json\/wp\/v2\/tags?post=46118"}],"curies":[{"name":"wp","href":"https:\/\/api.w.org\/{rel}","templated":true}]}}