{"id":45977,"date":"2021-03-02T14:30:55","date_gmt":"2021-03-02T16:30:55","guid":{"rendered":"http:\/\/www2.comunitaria.com.br\/?p=45977"},"modified":"2021-03-02T14:30:55","modified_gmt":"2021-03-02T16:30:55","slug":"energia-da-creluz-alimenta-sistema-robotizado-de-ordenha-na-fazenda-busanello","status":"publish","type":"post","link":"https:\/\/www2.comunitaria.com.br\/en\/energia-da-creluz-alimenta-sistema-robotizado-de-ordenha-na-fazenda-busanello\/","title":{"rendered":"Energia da Creluz alimenta sistema robotizado de ordenha na Fazenda Busanello"},"content":{"rendered":"<p>Com a experi\u00eancia de atuar h\u00e1 mais de 40 anos na produ\u00e7\u00e3o leiteira, o associado da Creluz, Ari Agostinho Busanello, propriet\u00e1rio da Fazenda Busanello, localizada no interior de Boa Vista das Miss\u00f5es, implantou a pouco mais de um ano o sistema robotizado de ordenha com tecnologia importada.<\/p>\n<p>Para esta inova\u00e7\u00e3o se tornar realidade, Busanello contou com o apoio e suporte da Creluz, que disponibilizou energia trif\u00e1sica para alimentar o sistema, fazendo com que a energia chegasse a propriedade atrav\u00e9s de cabos isolados, para que \u00e1rvores nativas n\u00e3o precisassem ser cortadas, honrando o compromisso e a atua\u00e7\u00e3o ambiental da Cooperativa.<\/p>\n<p><em>\u201cO que eu precisei aqui a Creluz disponibilizou, com uma assist\u00eancia t\u00e9cnica maravilhosa, tanto que esta empresa \u00e9 premiada, reconhecida por seu trabalho\u201d<\/em>, destaca o associado, lembrando que energia de qualidade \u00e9 fundamental para alimentar o sistema que trabalha 24 horas por dia.<\/p>\n<p>A implanta\u00e7\u00e3o deste sistema de alta tecnologia proporcionou o aumento da produ\u00e7\u00e3o, garantindo a sucess\u00e3o familiar rural. Busanello conta com orgulho que formou os tr\u00eas filhos na faculdade e um deles est\u00e1 concluindo o doutorado voltado para a produ\u00e7\u00e3o rural e dar\u00e1 continuidade as atividades da Fazenda.<\/p>\n<p><em>\u201cEste sistema robotizado trabalha 24 horas por dia na ordenha de 58 vacas em nossa propriedade, com tr\u00eas pausas de 20 minuto para higieniza\u00e7\u00e3o. A m\u00e9dia atual de produ\u00e7\u00e3o por vaca \u00e9 de 36 litros ao dia, sendo que no inverno, esta\u00e7\u00e3o que mais favorece a produ\u00e7\u00e3o leiteira, este n\u00famero chegou a 42 litros ao dia\u201d,<\/em> destaca Ari Busanello.<\/p>\n<p>O associado da Creluz revela ainda, que a tecnologia \u00e9 altamente vi\u00e1vel, \u00e0 medida que se paga somente com o aumento da produ\u00e7\u00e3o. A fazenda Busanello j\u00e1 produz em <em>compost barn<\/em> h\u00e1 quatro anos, sendo pioneira na regi\u00e3o tamb\u00e9m na implanta\u00e7\u00e3o deste sistema.<\/p>\n<p>O presidente Elemar Battisti, lembra que a Creluz n\u00e3o tem medido esfor\u00e7os para executar in\u00fameras obras para a liga\u00e7\u00e3o de novos investimentos em toda a sua \u00e1rea de atua\u00e7\u00e3o, incentivando o crescimento da regi\u00e3o no campo e na cidade, com a gera\u00e7\u00e3o de novas oportunidades em todos os segmentos econ\u00f4micos.<\/p>\n<p>&nbsp;<\/p>\n<p>&nbsp;<\/p>\n<p><em>*Edevaldo Stacke\/Ascom Celuz<\/em><\/p>\n<p>&nbsp;<\/p>\n<p>&nbsp;<\/p>","protected":false},"excerpt":{"rendered":"<p>Com a experi\u00eancia de atuar h\u00e1 mais de 40 anos na produ\u00e7\u00e3o leiteira, o associado da Creluz, Ari Agostinho Busanello, propriet\u00e1rio da Fazenda Busanello, localizada no interior de Boa Vista&#8230;<\/p>","protected":false},"author":2,"featured_media":45979,"comment_status":"open","ping_status":"closed","sticky":false,"template":"","format":"standard","meta":{"ngg_post_thumbnail":0,"footnotes":""},"categories":[33],"tags":[5711,5450,203,2339,4638,4642],"class_list":["post-45977","post","type-post","status-publish","format-standard","has-post-thumbnail","hentry","category-noticias","tag-associado-creluz","tag-colaboradores-creluz","tag-creluz","tag-energia-solar","tag-fredericowestphalen","tag-grupocreluz"],"amp_enabled":true,"_links":{"self":[{"href":"https:\/\/www2.comunitaria.com.br\/en\/wp-json\/wp\/v2\/posts\/45977","targetHints":{"allow":["GET"]}}],"collection":[{"href":"https:\/\/www2.comunitaria.com.br\/en\/wp-json\/wp\/v2\/posts"}],"about":[{"href":"https:\/\/www2.comunitaria.com.br\/en\/wp-json\/wp\/v2\/types\/post"}],"author":[{"embeddable":true,"href":"https:\/\/www2.comunitaria.com.br\/en\/wp-json\/wp\/v2\/users\/2"}],"replies":[{"embeddable":true,"href":"https:\/\/www2.comunitaria.com.br\/en\/wp-json\/wp\/v2\/comments?post=45977"}],"version-history":[{"count":0,"href":"https:\/\/www2.comunitaria.com.br\/en\/wp-json\/wp\/v2\/posts\/45977\/revisions"}],"wp:featuredmedia":[{"embeddable":true,"href":"https:\/\/www2.comunitaria.com.br\/en\/wp-json\/wp\/v2\/media\/45979"}],"wp:attachment":[{"href":"https:\/\/www2.comunitaria.com.br\/en\/wp-json\/wp\/v2\/media?parent=45977"}],"wp:term":[{"taxonomy":"category","embeddable":true,"href":"https:\/\/www2.comunitaria.com.br\/en\/wp-json\/wp\/v2\/categories?post=45977"},{"taxonomy":"post_tag","embeddable":true,"href":"https:\/\/www2.comunitaria.com.br\/en\/wp-json\/wp\/v2\/tags?post=45977"}],"curies":[{"name":"wp","href":"https:\/\/api.w.org\/{rel}","templated":true}]}}