{"id":45974,"date":"2021-03-02T14:09:42","date_gmt":"2021-03-02T16:09:42","guid":{"rendered":"http:\/\/www2.comunitaria.com.br\/?p=45974"},"modified":"2021-03-02T14:09:42","modified_gmt":"2021-03-02T16:09:42","slug":"sicredi-alto-uruguai-rs-sc-mg-alcanca-90-mil-associados","status":"publish","type":"post","link":"https:\/\/www2.comunitaria.com.br\/en\/sicredi-alto-uruguai-rs-sc-mg-alcanca-90-mil-associados\/","title":{"rendered":"Sicredi Alto Uruguai RS\/SC\/MG alcan\u00e7a 90 mil associados"},"content":{"rendered":"<p>Cooperar com o crescimento dos associados nas 31 ag\u00eancias, instaladas no Norte do Rio Grande do Sul, Oeste de Santa Catarina e Sul de Minas Gerais, al\u00e9m de contribuir com o desenvolvimento dos munic\u00edpios onde est\u00e1 presente, \u00e9 prioridade na atua\u00e7\u00e3o da Sicredi Alto Uruguai RS\/SC\/MG. Esse objetivo tem sido atingido e refletido no quadro social que evolui diariamente \u2013 a prova est\u00e1 no alcance do n\u00famero de 90 mil associados na \u00faltima semana. Colaboraram para este crescimento, uma m\u00e9dia de 1,3 mil novos associados por m\u00eas, no \u00faltimo semestre. S\u00e3o pessoas e empresas que passaram a acreditar e utilizar a Cooperativa como sua parceira financeira em todos os momentos e necessidades.<\/p>\n<p>A presidente, Angelita Marisa Cadon\u00e1, comenta sobre a satisfa\u00e7\u00e3o de ver o aumento de pessoas que acreditam na Cooperativa. <em>\u201cPara n\u00f3s da Sicredi Alto Uruguai RS\/SC\/MG, comemorar a marca de&nbsp;90 mil associados \u00e9 uma conquista muito grande,&nbsp;pois celebra uma&nbsp;trajet\u00f3ria de&nbsp;sucesso constru\u00edda a muitas m\u00e3os.&nbsp;Esta evolu\u00e7\u00e3o representa&nbsp;a credibilidade e confian\u00e7a&nbsp;que a sociedade deposita no empreendimento, cuja hist\u00f3ria foi sempre marcada&nbsp;pelo trabalho s\u00e9rio,&nbsp;pela transpar\u00eancia, interesse genu\u00edno pelo associado&nbsp;e engajamento nas causas sociais&nbsp;onde estamos presentes.&nbsp;Queremos festejar este alcance com&nbsp;muita responsabilidade&nbsp;de&nbsp;ser uma institui\u00e7\u00e3o cooperativa, que prima pelo crescimento alicer\u00e7ado nos&nbsp;princ\u00edpios, valores&nbsp;e prop\u00f3sitos de juntos construirmos uma sociedade mais pr\u00f3spera\u201d<\/em>, frisa Angelita.&nbsp;&nbsp;<\/p>\n<p>Um dos associados que integra os 90 mil \u00e9 Valmor Schumatz, coordenador de n\u00facleo e morador de Pinhalzinho\/SC. <em>\u201cSou muito feliz em fazer parte do quadro social, porque a Cooperativa sempre esteve do nosso lado, nos ajudando no que precisamos e se preocupando com o nosso desenvolvimento. Por isso, sempre vou defender o Sicredi, pois v\u00ea o associado com o que de mais importante ele tem. Isso \u00e9 ser diferente, isso \u00e9 fazer a diferen\u00e7a. Por este motivo, tenho muito orgulho de ser associado, e quero que a institui\u00e7\u00e3o permane\u00e7a firme, crescendo, apoiando mais e mais pessoas, porque se a Cooperativa vai bem, o associado tamb\u00e9m vai bem\u201d,<\/em> conclui Schumatz.<\/p>\n<p><strong>&nbsp;<\/strong><\/p>\n<p><em>*Assessoria de Imprensa Sicredi Alto Uruguai&nbsp;<\/em><\/p>\n<p><strong>&nbsp;<\/strong><\/p>\n<p>&nbsp;<\/p>\n<p>&nbsp;<\/p>\n<p>&nbsp;<\/p>","protected":false},"excerpt":{"rendered":"<p>Cooperar com o crescimento dos associados nas 31 ag\u00eancias, instaladas no Norte do Rio Grande do Sul, Oeste de Santa Catarina e Sul de Minas Gerais, al\u00e9m de contribuir com&#8230;<\/p>","protected":false},"author":2,"featured_media":45976,"comment_status":"open","ping_status":"closed","sticky":false,"template":"","format":"standard","meta":{"ngg_post_thumbnail":0,"footnotes":""},"categories":[33],"tags":[4841,5710,247,218,4251],"class_list":["post-45974","post","type-post","status-publish","format-standard","has-post-thumbnail","hentry","category-noticias","tag-associadossicredi","tag-cooperativa-sicredi","tag-cooperativismo","tag-sicredi","tag-sicredi-rs-sc-mg"],"amp_enabled":true,"_links":{"self":[{"href":"https:\/\/www2.comunitaria.com.br\/en\/wp-json\/wp\/v2\/posts\/45974","targetHints":{"allow":["GET"]}}],"collection":[{"href":"https:\/\/www2.comunitaria.com.br\/en\/wp-json\/wp\/v2\/posts"}],"about":[{"href":"https:\/\/www2.comunitaria.com.br\/en\/wp-json\/wp\/v2\/types\/post"}],"author":[{"embeddable":true,"href":"https:\/\/www2.comunitaria.com.br\/en\/wp-json\/wp\/v2\/users\/2"}],"replies":[{"embeddable":true,"href":"https:\/\/www2.comunitaria.com.br\/en\/wp-json\/wp\/v2\/comments?post=45974"}],"version-history":[{"count":0,"href":"https:\/\/www2.comunitaria.com.br\/en\/wp-json\/wp\/v2\/posts\/45974\/revisions"}],"wp:featuredmedia":[{"embeddable":true,"href":"https:\/\/www2.comunitaria.com.br\/en\/wp-json\/wp\/v2\/media\/45976"}],"wp:attachment":[{"href":"https:\/\/www2.comunitaria.com.br\/en\/wp-json\/wp\/v2\/media?parent=45974"}],"wp:term":[{"taxonomy":"category","embeddable":true,"href":"https:\/\/www2.comunitaria.com.br\/en\/wp-json\/wp\/v2\/categories?post=45974"},{"taxonomy":"post_tag","embeddable":true,"href":"https:\/\/www2.comunitaria.com.br\/en\/wp-json\/wp\/v2\/tags?post=45974"}],"curies":[{"name":"wp","href":"https:\/\/api.w.org\/{rel}","templated":true}]}}