{"id":459,"date":"2014-11-13T11:24:04","date_gmt":"2014-11-13T13:24:04","guid":{"rendered":"http:\/\/www2.comunitaria.com.br\/?p=459"},"modified":"2014-11-14T15:09:27","modified_gmt":"2014-11-14T17:09:27","slug":"presos-suspeitos-de-roubos-de-motos","status":"publish","type":"post","link":"https:\/\/www2.comunitaria.com.br\/en\/presos-suspeitos-de-roubos-de-motos\/","title":{"rendered":"Presos suspeitos de roubos de motos"},"content":{"rendered":"<p style=\"text-align: justify;\">Ap\u00f3s o furto de tr\u00eas motocicletas que pertenciam a funcion\u00e1rios de um frigor\u00edfico de Frederico Westphalen, a Delegacia de Pol\u00edcia de Frederico Westphalen e a Delegacia de Pol\u00edcia de Ira\u00ed conseguiram identificar os autores dos crimes e recuperar os ve\u00edculos nesta quinta-feira, 13. A s\u00e9rie de furtos iniciou no dia 4 de novembro, tendo outra a\u00e7\u00e3o no dia 6 e o \u00faltimo furto na ter\u00e7a-feira, 11.<\/p>\n<p style=\"text-align: justify;\">Ap\u00f3s investigar o caso, a pol\u00edcia apurou que um funcion\u00e1rio da empresa, I.G., 21 anos, que residia em Ira\u00ed, com ajuda de seu irm\u00e3o menor de idade, D.P., 16 anos, foram os autores dos crimes. Uma das tr\u00eas motos j\u00e1 havia sido negociada e foi recuperada em Frederico Westphalen em posse de A.P.P., 22 anos, que ir\u00e1 responder por Recepta\u00e7\u00e3o Dolosa, por ter adquirido produto de crime.<\/p>\n<p style=\"text-align: justify;\">As outras motocicletas ainda estavam em posse dos irm\u00e3os iraienses. Um fato que chamou a aten\u00e7\u00e3o da pol\u00edcia foi a aud\u00e1cia dos criminosos que colocaram duas das motocicletas \u00e0 venda pelo \u201cFacebrique\u201d, um grupo de comercializa\u00e7\u00e3o de produtos em uma rede social. O jovem de 21 anos ser\u00e1 indiciado por Furto Qualificadoe Corrup\u00e7\u00e3o de Menores, e seu irm\u00e3o responder\u00e1 processo por Furto Qualificado.<\/p>\n\n\t\t<style type=\"text\/css\">\n\t\t\t#gallery-1 {\n\t\t\t\tmargin: auto;\n\t\t\t}\n\t\t\t#gallery-1 .gallery-item {\n\t\t\t\tfloat: left;\n\t\t\t\tmargin-top: 10px;\n\t\t\t\ttext-align: center;\n\t\t\t\twidth: 33%;\n\t\t\t}\n\t\t\t#gallery-1 img {\n\t\t\t\tborder: 2px solid #cfcfcf;\n\t\t\t}\n\t\t\t#gallery-1 .gallery-caption {\n\t\t\t\tmargin-left: 0;\n\t\t\t}\n\t\t\t\/* see gallery_shortcode() in wp-includes\/media.php *\/\n\t\t<\/style>\n\t\t<div id='gallery-1' class='gallery galleryid-459 gallery-columns-3 gallery-size-thumbnail'><dl class='gallery-item'>\n\t\t\t<dt class='gallery-icon landscape'>\n\t\t\t\t<a class=\"swipebox\" href='https:\/\/www2.comunitaria.com.br\/wp-content\/uploads\/2014\/11\/m1.jpg'><img loading=\"lazy\" decoding=\"async\" width=\"150\" height=\"150\" src=\"https:\/\/www2.comunitaria.com.br\/wp-content\/uploads\/2014\/11\/m1-150x150.jpg\" class=\"attachment-thumbnail size-thumbnail\" alt=\"\" srcset=\"https:\/\/www2.comunitaria.com.br\/wp-content\/uploads\/2014\/11\/m1-150x150.jpg 150w, https:\/\/www2.comunitaria.com.br\/wp-content\/uploads\/2014\/11\/m1-65x65.jpg 65w\" sizes=\"auto, (max-width: 150px) 100vw, 150px\" \/><\/a>\n\t\t\t<\/dt><\/dl><dl class='gallery-item'>\n\t\t\t<dt class='gallery-icon portrait'>\n\t\t\t\t<a class=\"swipebox\" href='https:\/\/www2.comunitaria.com.br\/wp-content\/uploads\/2014\/11\/m2.jpg'><img loading=\"lazy\" decoding=\"async\" width=\"150\" height=\"150\" src=\"https:\/\/www2.comunitaria.com.br\/wp-content\/uploads\/2014\/11\/m2-150x150.jpg\" class=\"attachment-thumbnail size-thumbnail\" alt=\"\" srcset=\"https:\/\/www2.comunitaria.com.br\/wp-content\/uploads\/2014\/11\/m2-150x150.jpg 150w, https:\/\/www2.comunitaria.com.br\/wp-content\/uploads\/2014\/11\/m2-65x65.jpg 65w\" sizes=\"auto, (max-width: 150px) 100vw, 150px\" \/><\/a>\n\t\t\t<\/dt><\/dl><dl class='gallery-item'>\n\t\t\t<dt class='gallery-icon landscape'>\n\t\t\t\t<a class=\"swipebox\" href='https:\/\/www2.comunitaria.com.br\/wp-content\/uploads\/2014\/11\/m3.jpg'><img loading=\"lazy\" decoding=\"async\" width=\"150\" height=\"150\" src=\"https:\/\/www2.comunitaria.com.br\/wp-content\/uploads\/2014\/11\/m3-150x150.jpg\" class=\"attachment-thumbnail size-thumbnail\" alt=\"\" srcset=\"https:\/\/www2.comunitaria.com.br\/wp-content\/uploads\/2014\/11\/m3-150x150.jpg 150w, https:\/\/www2.comunitaria.com.br\/wp-content\/uploads\/2014\/11\/m3-65x65.jpg 65w\" sizes=\"auto, (max-width: 150px) 100vw, 150px\" \/><\/a>\n\t\t\t<\/dt><\/dl><br style=\"clear: both\" \/>\n\t\t<\/div>\n\n<p style=\"text-align: justify;\">","protected":false},"excerpt":{"rendered":"<p>Ap\u00f3s o furto de tr\u00eas motocicletas que pertenciam a funcion\u00e1rios de um frigor\u00edfico de Frederico Westphalen, a Delegacia de Pol\u00edcia de Frederico Westphalen e a Delegacia de Pol\u00edcia de Ira\u00ed conseguiram identificar os autores dos crimes e recuperar os ve\u00edculos nesta quinta-feira, 13. A s\u00e9rie de furtos iniciou no dia 4 de novembro, tendo outra<\/p>\n<div class=\"read-more-wrapper\"><a class=\"read-more\" href=\"https:\/\/www2.comunitaria.com.br\/en\/presos-suspeitos-de-roubos-de-motos\/\" title=\"Read More\"> <span class=\"button\">Read More<\/span><\/a><\/div>","protected":false},"author":2,"featured_media":460,"comment_status":"open","ping_status":"closed","sticky":false,"template":"","format":"standard","meta":{"ngg_post_thumbnail":0,"footnotes":""},"categories":[28,33,36],"tags":[],"class_list":["post-459","post","type-post","status-publish","format-standard","has-post-thumbnail","hentry","category-destaque","category-noticias","category-policia"],"amp_enabled":true,"_links":{"self":[{"href":"https:\/\/www2.comunitaria.com.br\/en\/wp-json\/wp\/v2\/posts\/459","targetHints":{"allow":["GET"]}}],"collection":[{"href":"https:\/\/www2.comunitaria.com.br\/en\/wp-json\/wp\/v2\/posts"}],"about":[{"href":"https:\/\/www2.comunitaria.com.br\/en\/wp-json\/wp\/v2\/types\/post"}],"author":[{"embeddable":true,"href":"https:\/\/www2.comunitaria.com.br\/en\/wp-json\/wp\/v2\/users\/2"}],"replies":[{"embeddable":true,"href":"https:\/\/www2.comunitaria.com.br\/en\/wp-json\/wp\/v2\/comments?post=459"}],"version-history":[{"count":0,"href":"https:\/\/www2.comunitaria.com.br\/en\/wp-json\/wp\/v2\/posts\/459\/revisions"}],"wp:featuredmedia":[{"embeddable":true,"href":"https:\/\/www2.comunitaria.com.br\/en\/wp-json\/wp\/v2\/media\/460"}],"wp:attachment":[{"href":"https:\/\/www2.comunitaria.com.br\/en\/wp-json\/wp\/v2\/media?parent=459"}],"wp:term":[{"taxonomy":"category","embeddable":true,"href":"https:\/\/www2.comunitaria.com.br\/en\/wp-json\/wp\/v2\/categories?post=459"},{"taxonomy":"post_tag","embeddable":true,"href":"https:\/\/www2.comunitaria.com.br\/en\/wp-json\/wp\/v2\/tags?post=459"}],"curies":[{"name":"wp","href":"https:\/\/api.w.org\/{rel}","templated":true}]}}