{"id":45678,"date":"2021-02-18T14:22:44","date_gmt":"2021-02-18T16:22:44","guid":{"rendered":"http:\/\/www2.comunitaria.com.br\/?p=45678"},"modified":"2021-02-18T14:24:40","modified_gmt":"2021-02-18T16:24:40","slug":"homologado-resultado-final-do-processo-seletivo-de-estagio","status":"publish","type":"post","link":"https:\/\/www2.comunitaria.com.br\/en\/homologado-resultado-final-do-processo-seletivo-de-estagio\/","title":{"rendered":"Homologado resultado final do processo seletivo de est\u00e1gio"},"content":{"rendered":"<p><span style=\"font-weight: 400;\">Foi divulgado nesta quarta-feira, 17, a classifica\u00e7\u00e3o final do processo seletivo para estagi\u00e1rios na C\u00e2mara Municipal de Frederico Westphalen, nas \u00e1reas de direito, administra\u00e7\u00e3o e comunica\u00e7\u00e3o.<\/span><\/p>\n<p><span style=\"font-weight: 400;\">O preenchimento das vagas ficar\u00e1 a crit\u00e9rio da C\u00e2mara, observados o interesse, a necessidade e a conveni\u00eancia do servi\u00e7o p\u00fablico, respeitando a compatibilidade das atividades e carga hor\u00e1ria escolar desenvolvidas pelo estudante, de acordo com a legisla\u00e7\u00e3o vigente.<\/span><\/p>\n<p><span style=\"font-weight: 400;\">Os candidatos que n\u00e3o forem chamados, neste momento, formar\u00e3o um cadastro de reserva, cuja contrata\u00e7\u00e3o estar\u00e1 condicionada \u00e0 libera\u00e7\u00e3o e\/ou cria\u00e7\u00e3o de futuras vagas no prazo de um ano, em que o processo \u00e9 valido, sendo que, este poder\u00e1 ser prorrogado por igual per\u00edodo, uma \u00fanica vez.&nbsp;<\/span><\/p>\n<p><span style=\"font-weight: 400;\">Os candidatos aprovados, de acordo com a disponibilidade de vagas e o interesse manifestado pela C\u00e2mara de Frederico Westphalen, ser\u00e3o convocados pelo CIEE \u2013 RS exclusivamente por e-mail, o candidato tem cinco dias para manifestar por escrito o seu interesse pela vaga.<\/span><\/p>\n<p><span style=\"font-weight: 400;\">Para realiza\u00e7\u00e3o de est\u00e1gio na C\u00e2mara Municipal de Vereadores os estudantes dever\u00e3o estar matriculados e frequentando regularmente as aulas em institui\u00e7\u00f5es de ensino reconhecidas pelo Minist\u00e9rio de Educa\u00e7\u00e3o, conveniadas com o CIEE \u2013 RS e atender alguns crit\u00e9rios j\u00e1 estabelecidos em edital.<\/span><\/p>\n<p>Veja a lista de classificados:<\/p>\n<p>&nbsp;<\/p>\n<p><b>C\u00c2MARA MUNICIPAL DE VEREADORES DE FREDERICO WESTPHALEN&nbsp;<\/b><\/p>\n<p><b>PROCESSO SELETIVO P\u00daBLICO &#8211; SELE\u00c7\u00c3O DE ESTAGI\u00c1RIOS &#8211; EDITAL 001\/2021&nbsp;<\/b><\/p>\n<p><b>CLASSIFICA\u00c7\u00c3O FINAL&nbsp;<\/b><\/p>\n<p><b>CURSO &#8211; ADMINISTRA\u00c7\u00c3O \/ CI\u00caNCIAS CONT\u00c1BEIS \/ ECONOMIA \/ GEST\u00c3O P\u00daBLICA<\/b><\/p>\n<table>\n<tbody>\n<tr>\n<td><b>NOME<\/b><\/td>\n<td><b> CURSO<\/b><\/td>\n<td><b> DATA NASC.<\/b><\/td>\n<td><b>N \u00ba&nbsp;&nbsp;<\/b><\/p>\n<p><b>INSCR.<\/b><\/td>\n<td><b>TOTAL<\/b><\/td>\n<td><b> PORT.<\/b><\/td>\n<td><b>CONHEC.&nbsp; GERAIS<\/b><\/td>\n<td><b>CLASSIFICA\u00c7\u00c3O<\/b><\/td>\n<\/tr>\n<tr>\n<td><span style=\"font-weight: 400;\">MARILIA RODRIGUES&nbsp;<\/span><\/td>\n<td><span style=\"font-weight: 400;\">ADMINISTRACAO EAD<\/span><\/td>\n<td><span style=\"font-weight: 400;\"> 04\/03\/1987<\/span><\/td>\n<td><span style=\"font-weight: 400;\"> 61&nbsp;<\/span><\/td>\n<td><b><i>100.00&nbsp;<\/i><\/b><\/td>\n<td><span style=\"font-weight: 400;\">50.00<\/span><\/td>\n<td><span style=\"font-weight: 400;\"> 50.00<\/span><\/td>\n<td><span style=\"font-weight: 400;\"> 1<\/span><\/td>\n<\/tr>\n<tr>\n<td><span style=\"font-weight: 400;\">TAINARA FERNANDA WANDSCHEER<\/span><\/td>\n<td><span style=\"font-weight: 400;\"> ADMINISTRACAO DE EMPRESAS<\/span><\/td>\n<td><span style=\"font-weight: 400;\"> 22\/06\/2001<\/span><\/td>\n<td><span style=\"font-weight: 400;\"> 43&nbsp;<\/span><\/td>\n<td><b><i>100.00&nbsp;<\/i><\/b><\/td>\n<td><span style=\"font-weight: 400;\">50.00<\/span><\/td>\n<td><span style=\"font-weight: 400;\"> 50.00<\/span><\/td>\n<td><span style=\"font-weight: 400;\"> 2<\/span><\/td>\n<\/tr>\n<tr>\n<td><span style=\"font-weight: 400;\">SABRINA SCHWARTZ&nbsp;<\/span><\/td>\n<td><span style=\"font-weight: 400;\">BACHARELADO EM ADMINISTRACAO<\/span><\/td>\n<td><span style=\"font-weight: 400;\"> 24\/11\/1991<\/span><\/td>\n<td><span style=\"font-weight: 400;\"> 23&nbsp;<\/span><\/td>\n<td><b><i>95.00&nbsp;<\/i><\/b><\/td>\n<td><span style=\"font-weight: 400;\">45.00<\/span><\/td>\n<td><span style=\"font-weight: 400;\"> 50.00<\/span><\/td>\n<td><span style=\"font-weight: 400;\"> 3<\/span><\/td>\n<\/tr>\n<tr>\n<td><span style=\"font-weight: 400;\">JULIANNE CRISTINA MACHADO<\/span><\/td>\n<td><span style=\"font-weight: 400;\"> BACHARELADO EM ADMINISTRACAO<\/span><\/td>\n<td><span style=\"font-weight: 400;\"> 10\/04\/1998<\/span><\/td>\n<td><span style=\"font-weight: 400;\"> 31&nbsp;<\/span><\/td>\n<td><b><i>95.00&nbsp;<\/i><\/b><\/td>\n<td><span style=\"font-weight: 400;\">45.00<\/span><\/td>\n<td><span style=\"font-weight: 400;\"> 50.00<\/span><\/td>\n<td><span style=\"font-weight: 400;\"> 4<\/span><\/td>\n<\/tr>\n<tr>\n<td><span style=\"font-weight: 400;\">EDUARDA NATALY SIQUEIRA FERNANDES BARBOSA<\/span><\/td>\n<td><span style=\"font-weight: 400;\"> ADMINISTRACAO PUBLICA<\/span><\/td>\n<td><span style=\"font-weight: 400;\"> 17\/07\/2001<\/span><\/td>\n<td><span style=\"font-weight: 400;\"> 19&nbsp;<\/span><\/td>\n<td><b><i>95.00&nbsp;<\/i><\/b><\/td>\n<td><span style=\"font-weight: 400;\">45.00<\/span><\/td>\n<td><span style=\"font-weight: 400;\"> 50.00<\/span><\/td>\n<td><span style=\"font-weight: 400;\"> 5<\/span><\/td>\n<\/tr>\n<tr>\n<td><span style=\"font-weight: 400;\">SANDRIELI DE OLIVEIRA TEIXEIRA<\/span><\/td>\n<td><span style=\"font-weight: 400;\"> BACHARELADO EM ADMINISTRACAO<\/span><\/td>\n<td><span style=\"font-weight: 400;\"> 26\/05\/2001<\/span><\/td>\n<td><span style=\"font-weight: 400;\"> 70&nbsp;<\/span><\/td>\n<td><b><i>95.00&nbsp;<\/i><\/b><\/td>\n<td><span style=\"font-weight: 400;\">50.00<\/span><\/td>\n<td><span style=\"font-weight: 400;\"> 45.00<\/span><\/td>\n<td><span style=\"font-weight: 400;\"> 6<\/span><\/td>\n<\/tr>\n<tr>\n<td><span style=\"font-weight: 400;\">IZABELA BASTOS SILVA&nbsp;<\/span><\/td>\n<td><span style=\"font-weight: 400;\">ADMINISTRACAO EAD<\/span><\/td>\n<td><span style=\"font-weight: 400;\"> 02\/06\/1996<\/span><\/td>\n<td><span style=\"font-weight: 400;\"> 15&nbsp;<\/span><\/td>\n<td><b><i>90.00&nbsp;<\/i><\/b><\/td>\n<td><span style=\"font-weight: 400;\">45.00<\/span><\/td>\n<td><span style=\"font-weight: 400;\"> 45.00<\/span><\/td>\n<td><span style=\"font-weight: 400;\"> 7<\/span><\/td>\n<\/tr>\n<tr>\n<td><span style=\"font-weight: 400;\">MAIARA BRANDAO SALA<\/span><\/td>\n<td><span style=\"font-weight: 400;\"> ADMINISTRACAO &#8211; BACHARELADO<\/span><\/td>\n<td><span style=\"font-weight: 400;\"> 10\/10\/2000<\/span><\/td>\n<td><span style=\"font-weight: 400;\"> 51&nbsp;<\/span><\/td>\n<td><b><i>90.00&nbsp;<\/i><\/b><\/td>\n<td><span style=\"font-weight: 400;\">45.00<\/span><\/td>\n<td><span style=\"font-weight: 400;\"> 45.00<\/span><\/td>\n<td><span style=\"font-weight: 400;\"> 8<\/span><\/td>\n<\/tr>\n<tr>\n<td><span style=\"font-weight: 400;\">ANNA CAROLINA FRONER ALBARELLO<\/span><\/td>\n<td><span style=\"font-weight: 400;\"> CIENCIAS CONTABEIS<\/span><\/td>\n<td><span style=\"font-weight: 400;\"> 17\/06\/2002<\/span><\/td>\n<td><span style=\"font-weight: 400;\"> 60&nbsp;<\/span><\/td>\n<td><b><i>90.00&nbsp;<\/i><\/b><\/td>\n<td><span style=\"font-weight: 400;\">45.00<\/span><\/td>\n<td><span style=\"font-weight: 400;\"> 45.00<\/span><\/td>\n<td><span style=\"font-weight: 400;\"> 9<\/span><\/td>\n<\/tr>\n<tr>\n<td><span style=\"font-weight: 400;\">THAIS DE FREITAS CORDEIRO<\/span><\/td>\n<td><span style=\"font-weight: 400;\"> BACHARELADO EM ADMINISTRACAO<\/span><\/td>\n<td><span style=\"font-weight: 400;\"> 26\/02\/1999<\/span><\/td>\n<td><span style=\"font-weight: 400;\"> 21&nbsp;<\/span><\/td>\n<td><b><i>85.00&nbsp;<\/i><\/b><\/td>\n<td><span style=\"font-weight: 400;\">45.00<\/span><\/td>\n<td><span style=\"font-weight: 400;\"> 40.00<\/span><\/td>\n<td><span style=\"font-weight: 400;\"> 10<\/span><\/td>\n<\/tr>\n<tr>\n<td><span style=\"font-weight: 400;\">LEONARDO PAIZ BRUSCATTO<\/span><\/td>\n<td><span style=\"font-weight: 400;\"> BACHARELADO EM ADMINISTRACAO&nbsp;<\/span><\/td>\n<td><span style=\"font-weight: 400;\">04\/05\/2000<\/span><\/td>\n<td><span style=\"font-weight: 400;\"> 62&nbsp;<\/span><\/td>\n<td><b><i>75.00&nbsp;<\/i><\/b><\/td>\n<td><span style=\"font-weight: 400;\">30.00<\/span><\/td>\n<td><span style=\"font-weight: 400;\"> 45.00<\/span><\/td>\n<td><span style=\"font-weight: 400;\"> 11<\/span><\/td>\n<\/tr>\n<tr>\n<td><span style=\"font-weight: 400;\">OELITA BRIZOLLA DA SILVA<\/span><\/td>\n<td><span style=\"font-weight: 400;\"> BACHARELADO EM ADMINISTRACAO<\/span><\/td>\n<td><span style=\"font-weight: 400;\"> 18\/01\/2000<\/span><\/td>\n<td><span style=\"font-weight: 400;\"> 55&nbsp;<\/span><\/td>\n<td><b><i>75.00&nbsp;<\/i><\/b><\/td>\n<td><span style=\"font-weight: 400;\">40.00<\/span><\/td>\n<td><span style=\"font-weight: 400;\"> 35.00<\/span><\/td>\n<td><span style=\"font-weight: 400;\"> 12<\/span><\/td>\n<\/tr>\n<tr>\n<td><span style=\"font-weight: 400;\">DEBORA PEDROSO MARTIRENA<\/span><\/td>\n<td><span style=\"font-weight: 400;\"> ADMINISTRACAO<\/span><\/td>\n<td><span style=\"font-weight: 400;\"> 12\/11\/2001<\/span><\/td>\n<td><span style=\"font-weight: 400;\"> 67&nbsp;<\/span><\/td>\n<td><b><i>70.00&nbsp;<\/i><\/b><\/td>\n<td><span style=\"font-weight: 400;\">25.00<\/span><\/td>\n<td><span style=\"font-weight: 400;\"> 45.00<\/span><\/td>\n<td><span style=\"font-weight: 400;\"> 13<\/span><\/td>\n<\/tr>\n<tr>\n<td><span style=\"font-weight: 400;\">CARINE DAL PIVA&nbsp;<\/span><\/td>\n<td><span style=\"font-weight: 400;\">BACHARELADO EM ADMINISTRACAO<\/span><\/td>\n<td><span style=\"font-weight: 400;\"> 11\/10\/2002<\/span><\/td>\n<td><span style=\"font-weight: 400;\"> 74&nbsp;<\/span><\/td>\n<td><b><i>70.00&nbsp;<\/i><\/b><\/td>\n<td><span style=\"font-weight: 400;\">30.00<\/span><\/td>\n<td><span style=\"font-weight: 400;\"> 40.00<\/span><\/td>\n<td><span style=\"font-weight: 400;\"> 14<\/span><\/td>\n<\/tr>\n<tr>\n<td><span style=\"font-weight: 400;\">MARTINA RIBEIRO CASANOVA DA SILVA<\/span><\/td>\n<td><span style=\"font-weight: 400;\"> ADMINISTRACAO<\/span><\/td>\n<td><span style=\"font-weight: 400;\"> 14\/10\/1984<\/span><\/td>\n<td><span style=\"font-weight: 400;\"> 34&nbsp;<\/span><\/td>\n<td><b><i>0.00&nbsp;<\/i><\/b><\/td>\n<td><span style=\"font-weight: 400;\">0.00<\/span><\/td>\n<td><span style=\"font-weight: 400;\"> 0.00<\/span><\/td>\n<td><span style=\"font-weight: 400;\"> AUSENTE<\/span><\/td>\n<\/tr>\n<tr>\n<td><span style=\"font-weight: 400;\">ANA LUCIA PEREIRA SOARES&nbsp;<\/span><\/td>\n<td><span style=\"font-weight: 400;\">CIENCIAS CONTABEIS<\/span><\/td>\n<td><span style=\"font-weight: 400;\"> 12\/07\/1992<\/span><\/td>\n<td><span style=\"font-weight: 400;\"> 5&nbsp;<\/span><\/td>\n<td><b><i>0.00&nbsp;<\/i><\/b><\/td>\n<td><span style=\"font-weight: 400;\">0.00<\/span><\/td>\n<td><span style=\"font-weight: 400;\"> 0.00<\/span><\/td>\n<td><span style=\"font-weight: 400;\"> AUSENTE<\/span><\/td>\n<\/tr>\n<tr>\n<td><span style=\"font-weight: 400;\">ELISANGELA KISCHPORSKI SILVA<\/span><\/td>\n<td><span style=\"font-weight: 400;\"> CIENCIAS CONTABEIS<\/span><\/td>\n<td><span style=\"font-weight: 400;\"> 28\/11\/1996<\/span><\/td>\n<td><span style=\"font-weight: 400;\"> 11&nbsp;<\/span><\/td>\n<td><b><i>0.00&nbsp;<\/i><\/b><\/td>\n<td><span style=\"font-weight: 400;\">0.00<\/span><\/td>\n<td><span style=\"font-weight: 400;\"> 0.00<\/span><\/td>\n<td><span style=\"font-weight: 400;\"> AUSENTE<\/span><\/td>\n<\/tr>\n<tr>\n<td><span style=\"font-weight: 400;\">WESLEY THIAGO SILVA DA ROSA<\/span><\/td>\n<td><span style=\"font-weight: 400;\"> BACHARELADO EM ADMINISTRACAO<\/span><\/td>\n<td><span style=\"font-weight: 400;\"> 27\/01\/2001<\/span><\/td>\n<td><span style=\"font-weight: 400;\"> 26&nbsp;<\/span><\/td>\n<td><b><i>0.00&nbsp;<\/i><\/b><\/td>\n<td><span style=\"font-weight: 400;\">0.00<\/span><\/td>\n<td><span style=\"font-weight: 400;\"> 0.00<\/span><\/td>\n<td><span style=\"font-weight: 400;\"> AUSENTE<\/span><\/td>\n<\/tr>\n<tr>\n<td><span style=\"font-weight: 400;\">VALCLERIA CAMARGO SOARES&nbsp;<\/span><\/td>\n<td><span style=\"font-weight: 400;\">ADMINISTRACAO<\/span><\/td>\n<td><span style=\"font-weight: 400;\"> 14\/01\/1994<\/span><\/td>\n<td><span style=\"font-weight: 400;\"> 6&nbsp;<\/span><\/td>\n<td><b><i>0.00&nbsp;<\/i><\/b><\/td>\n<td><span style=\"font-weight: 400;\">0.00<\/span><\/td>\n<td><span style=\"font-weight: 400;\"> 0.00<\/span><\/td>\n<td><span style=\"font-weight: 400;\"> AUSENTE<\/span><\/td>\n<\/tr>\n<tr>\n<td><span style=\"font-weight: 400;\">REGINA ELISA SPIELMANN BLATT<\/span><\/td>\n<td><span style=\"font-weight: 400;\"> BACHARELADO EM ADMINISTRACAO<\/span><\/td>\n<td><span style=\"font-weight: 400;\"> 31\/03\/2000<\/span><\/td>\n<td><span style=\"font-weight: 400;\"> 22&nbsp;<\/span><\/td>\n<td><b><i>0.00&nbsp;<\/i><\/b><\/td>\n<td><span style=\"font-weight: 400;\">0.00<\/span><\/td>\n<td><span style=\"font-weight: 400;\"> 0.00<\/span><\/td>\n<td><span style=\"font-weight: 400;\"> AUSENTE<\/span><\/td>\n<\/tr>\n<tr>\n<td><span style=\"font-weight: 400;\">ALEX BARBOSA PADILHA JUNIOR<\/span><\/td>\n<td><span style=\"font-weight: 400;\"> ADMINISTRACAO EAD<\/span><\/td>\n<td><span style=\"font-weight: 400;\"> 30\/04\/1997<\/span><\/td>\n<td><span style=\"font-weight: 400;\"> 46&nbsp;<\/span><\/td>\n<td><b><i>0.00&nbsp;<\/i><\/b><\/td>\n<td><span style=\"font-weight: 400;\">0.00<\/span><\/td>\n<td><span style=\"font-weight: 400;\"> 0.00<\/span><\/td>\n<td><span style=\"font-weight: 400;\"> AUSENTE<\/span><\/td>\n<\/tr>\n<tr>\n<td><span style=\"font-weight: 400;\">ELIANE DA SILVA RIBEIRO<\/span><\/td>\n<td><span style=\"font-weight: 400;\"> BACHARELADO EM ADMINISTRACAO&nbsp;<\/span><\/td>\n<td><span style=\"font-weight: 400;\">05\/06\/2000<\/span><\/td>\n<td><span style=\"font-weight: 400;\"> 59&nbsp;<\/span><\/td>\n<td><b><i>0.00&nbsp;<\/i><\/b><\/td>\n<td><span style=\"font-weight: 400;\">0.00<\/span><\/td>\n<td><span style=\"font-weight: 400;\"> 0.00<\/span><\/td>\n<td><span style=\"font-weight: 400;\"> AUSENTE<\/span><\/td>\n<\/tr>\n<tr>\n<td><span style=\"font-weight: 400;\">ELIANE DE OLIVEIRA&nbsp;<\/span><\/td>\n<td><span style=\"font-weight: 400;\">BACHARELADO EM ADMINISTRACAO<\/span><\/td>\n<td><span style=\"font-weight: 400;\"> 19\/01\/1992<\/span><\/td>\n<td><span style=\"font-weight: 400;\"> 49&nbsp;<\/span><\/td>\n<td><b><i>0.00&nbsp;<\/i><\/b><\/td>\n<td><span style=\"font-weight: 400;\">0.00<\/span><\/td>\n<td><span style=\"font-weight: 400;\"> 0.00<\/span><\/td>\n<td><span style=\"font-weight: 400;\"> AUSENTE<\/span><\/td>\n<\/tr>\n<tr>\n<td><span style=\"font-weight: 400;\">CARMEM WIROSKI&nbsp;<\/span><\/td>\n<td><span style=\"font-weight: 400;\">BACHARELADO EM ADMINISTRACAO<\/span><\/td>\n<td><span style=\"font-weight: 400;\"> 05\/09\/1997<\/span><\/td>\n<td><span style=\"font-weight: 400;\"> 38&nbsp;<\/span><\/td>\n<td><b><i>0.00&nbsp;<\/i><\/b><\/td>\n<td><span style=\"font-weight: 400;\">0.00<\/span><\/td>\n<td><span style=\"font-weight: 400;\"> 0.00<\/span><\/td>\n<td><span style=\"font-weight: 400;\"> AUSENTE<\/span><\/td>\n<\/tr>\n<tr>\n<td><span style=\"font-weight: 400;\">ALAN HENRIQUE LINK SELZLER<\/span><\/td>\n<td><span style=\"font-weight: 400;\"> CIENCIAS CONTABEIS<\/span><\/td>\n<td><span style=\"font-weight: 400;\"> 16\/05\/2001<\/span><\/td>\n<td><span style=\"font-weight: 400;\"> 66&nbsp;<\/span><\/td>\n<td><b><i>0.00&nbsp;<\/i><\/b><\/td>\n<td><span style=\"font-weight: 400;\">0.00<\/span><\/td>\n<td><span style=\"font-weight: 400;\"> 0.00<\/span><\/td>\n<td><span style=\"font-weight: 400;\"> AUSENTE<\/span><\/td>\n<\/tr>\n<tr>\n<td><span style=\"font-weight: 400;\">MARIA DA VITORIA SILVA OLIVEIRA<\/span><\/td>\n<td><span style=\"font-weight: 400;\"> ADMINISTRACAO<\/span><\/td>\n<td><span style=\"font-weight: 400;\"> 11\/06\/1983<\/span><\/td>\n<td><span style=\"font-weight: 400;\"> 40&nbsp;<\/span><\/td>\n<td><b><i>0.00&nbsp;<\/i><\/b><\/td>\n<td><span style=\"font-weight: 400;\">0.00<\/span><\/td>\n<td><span style=\"font-weight: 400;\"> 0.00<\/span><\/td>\n<td><span style=\"font-weight: 400;\"> AUSENTE<\/span><\/td>\n<\/tr>\n<tr>\n<td><span style=\"font-weight: 400;\">VANDRESSA SOUZA DA FONSECA<\/span><\/td>\n<td><span style=\"font-weight: 400;\"> ADMINISTRACAO &#8211; BACHARELADO<\/span><\/td>\n<td><span style=\"font-weight: 400;\"> 28\/02\/2001<\/span><\/td>\n<td><span style=\"font-weight: 400;\"> 63&nbsp;<\/span><\/td>\n<td><b><i>0.00&nbsp;<\/i><\/b><\/td>\n<td><span style=\"font-weight: 400;\">0.00<\/span><\/td>\n<td><span style=\"font-weight: 400;\"> 0.00<\/span><\/td>\n<td><span style=\"font-weight: 400;\"> AUSENTE<\/span><\/td>\n<\/tr>\n<tr>\n<td><span style=\"font-weight: 400;\">LUIZA MARIA RODRIGUES BAUERMANN<\/span><\/td>\n<td><span style=\"font-weight: 400;\"> ECONOMIA<\/span><\/td>\n<td><span style=\"font-weight: 400;\"> 21\/04\/2002<\/span><\/td>\n<td><span style=\"font-weight: 400;\"> 44&nbsp;<\/span><\/td>\n<td><b><i>0.00&nbsp;<\/i><\/b><\/td>\n<td><span style=\"font-weight: 400;\">0.00<\/span><\/td>\n<td><span style=\"font-weight: 400;\"> 0.00<\/span><\/td>\n<td><span style=\"font-weight: 400;\"> AUSENTE<\/span><\/td>\n<\/tr>\n<tr>\n<td><span style=\"font-weight: 400;\">ALEX RODRIGUES MARTINS&nbsp;<\/span><\/td>\n<td><span style=\"font-weight: 400;\">ECONOMIA<\/span><\/td>\n<td><span style=\"font-weight: 400;\"> 09\/02\/2002<\/span><\/td>\n<td><span style=\"font-weight: 400;\"> 47&nbsp;<\/span><\/td>\n<td><b><i>0.00&nbsp;<\/i><\/b><\/td>\n<td><span style=\"font-weight: 400;\">0.00<\/span><\/td>\n<td><span style=\"font-weight: 400;\"> 0.00<\/span><\/td>\n<td><span style=\"font-weight: 400;\"> AUSENTE<\/span><\/td>\n<\/tr>\n<tr>\n<td><span style=\"font-weight: 400;\">TAILISE APARECIDA DE OLIVEIRA<\/span><\/td>\n<td><span style=\"font-weight: 400;\"> CIENCIAS CONTABEIS<\/span><\/td>\n<td><span style=\"font-weight: 400;\"> 25\/11\/1998<\/span><\/td>\n<td><span style=\"font-weight: 400;\"> 65&nbsp;<\/span><\/td>\n<td><b><i>0.00&nbsp;<\/i><\/b><\/td>\n<td><span style=\"font-weight: 400;\">0.00<\/span><\/td>\n<td><span style=\"font-weight: 400;\"> 0.00<\/span><\/td>\n<td><span style=\"font-weight: 400;\"> AUSENTE<\/span><\/td>\n<\/tr>\n<tr>\n<td><span style=\"font-weight: 400;\">BRENDA CAROLINA DA SILVA<\/span><\/td>\n<td><span style=\"font-weight: 400;\"> BACHARELADO EM ADMINISTRACAO<\/span><\/td>\n<td><span style=\"font-weight: 400;\"> 17\/05\/2000<\/span><\/td>\n<td><span style=\"font-weight: 400;\"> 58&nbsp;<\/span><\/td>\n<td><b><i>0.00&nbsp;<\/i><\/b><\/td>\n<td><span style=\"font-weight: 400;\">0.00<\/span><\/td>\n<td><span style=\"font-weight: 400;\"> 0.00<\/span><\/td>\n<td><span style=\"font-weight: 400;\"> AUSENTE<\/span><\/td>\n<\/tr>\n<tr>\n<td><span style=\"font-weight: 400;\">VANDERLEI DOS SANTOS MARTINS<\/span><\/td>\n<td><span style=\"font-weight: 400;\"> ADMINISTRACAO PUBLICA<\/span><\/td>\n<td><span style=\"font-weight: 400;\"> 05\/07\/1990<\/span><\/td>\n<td><span style=\"font-weight: 400;\"> 28&nbsp;<\/span><\/td>\n<td><b><i>0.00&nbsp;<\/i><\/b><\/td>\n<td><span style=\"font-weight: 400;\">0.00<\/span><\/td>\n<td><span style=\"font-weight: 400;\"> 0.00<\/span><\/td>\n<td><span style=\"font-weight: 400;\"> AUSENTE<\/span><\/td>\n<\/tr>\n<tr>\n<td><span style=\"font-weight: 400;\">CAROLINE MARIA SZYDLOSKI&nbsp;<\/span><\/td>\n<td><span style=\"font-weight: 400;\">ADMINISTRACAO<\/span><\/td>\n<td><span style=\"font-weight: 400;\"> 29\/07\/1997<\/span><\/td>\n<td><span style=\"font-weight: 400;\"> 2&nbsp;<\/span><\/td>\n<td><b><i>0.00&nbsp;<\/i><\/b><\/td>\n<td><span style=\"font-weight: 400;\">0.00<\/span><\/td>\n<td><span style=\"font-weight: 400;\"> 0.00<\/span><\/td>\n<td><span style=\"font-weight: 400;\"> AUSENTE<\/span><\/td>\n<\/tr>\n<tr>\n<td><span style=\"font-weight: 400;\">CARLA ROBERTA BIESEK&nbsp;<\/span><\/td>\n<td><span style=\"font-weight: 400;\">ADMINISTRACAO<\/span><\/td>\n<td><span style=\"font-weight: 400;\"> 07\/10\/2001<\/span><\/td>\n<td><span style=\"font-weight: 400;\"> 41&nbsp;<\/span><\/td>\n<td><b><i>0.00&nbsp;<\/i><\/b><\/td>\n<td><span style=\"font-weight: 400;\">0.00<\/span><\/td>\n<td><span style=\"font-weight: 400;\"> 0.00<\/span><\/td>\n<td><span style=\"font-weight: 400;\"> AUSENTE<\/span><\/td>\n<\/tr>\n<\/tbody>\n<\/table>\n<p>&nbsp;<\/p>\n<p><b>C\u00c2MARA MUNICIPAL DE VEREADORES DE FREDERICO WESTPHALEN&nbsp;<\/b><\/p>\n<p><b>PROCESSO SELETIVO P\u00daBLICO &#8211; SELE\u00c7\u00c3O DE ESTAGI\u00c1RIOS &#8211; EDITAL 001\/2021&nbsp;<\/b><\/p>\n<p><b>CLASSIFICA\u00c7\u00c3O FINAL<\/b><\/p>\n<p><b>CURSO &#8211; DIREITO&nbsp;<\/b><\/p>\n<table>\n<tbody>\n<tr>\n<td><b>NOME&nbsp;<\/b><\/td>\n<td><b>CURSO<\/b><\/td>\n<td><b> DATA NASC.<\/b><\/td>\n<td><b>N \u00ba&nbsp;&nbsp;<\/b><\/p>\n<p><b>INSCR.<\/b><\/td>\n<td><b>TOTAL<\/b><\/td>\n<td><b> PORT.<\/b><\/td>\n<td><b>CONHEC.&nbsp; GERAIS<\/b><\/td>\n<td><b>CLASSIFICA\u00c7\u00c3O<\/b><\/td>\n<\/tr>\n<tr>\n<td><span style=\"font-weight: 400;\">MARIANA FACCIN DE TOLEDO&nbsp;<\/span><\/td>\n<td><span style=\"font-weight: 400;\">DIREITO<\/span><\/td>\n<td><span style=\"font-weight: 400;\"> 31\/08\/2000<\/span><\/td>\n<td><span style=\"font-weight: 400;\"> 8&nbsp;<\/span><\/td>\n<td><b><i>100.00&nbsp;<\/i><\/b><\/td>\n<td><span style=\"font-weight: 400;\">50.00<\/span><\/td>\n<td><span style=\"font-weight: 400;\"> 50.00<\/span><\/td>\n<td><span style=\"font-weight: 400;\"> 1<\/span><\/td>\n<\/tr>\n<tr>\n<td><span style=\"font-weight: 400;\">LUANA FIGUEIRO REINEHR&nbsp;<\/span><\/td>\n<td><span style=\"font-weight: 400;\">DIREITO<\/span><\/td>\n<td><span style=\"font-weight: 400;\"> 22\/07\/2001<\/span><\/td>\n<td><span style=\"font-weight: 400;\"> 57&nbsp;<\/span><\/td>\n<td><b><i>95.00&nbsp;<\/i><\/b><\/td>\n<td><span style=\"font-weight: 400;\">45.00<\/span><\/td>\n<td><span style=\"font-weight: 400;\"> 50.00<\/span><\/td>\n<td><span style=\"font-weight: 400;\"> 2<\/span><\/td>\n<\/tr>\n<tr>\n<td><span style=\"font-weight: 400;\">MATEUS BORBA QUINTEIRO&nbsp;<\/span><\/td>\n<td><span style=\"font-weight: 400;\">DIREITO<\/span><\/td>\n<td><span style=\"font-weight: 400;\"> 14\/01\/1997<\/span><\/td>\n<td><span style=\"font-weight: 400;\"> 76&nbsp;<\/span><\/td>\n<td><b><i>95.00&nbsp;<\/i><\/b><\/td>\n<td><span style=\"font-weight: 400;\">50.00<\/span><\/td>\n<td><span style=\"font-weight: 400;\"> 45.00<\/span><\/td>\n<td><span style=\"font-weight: 400;\"> 3<\/span><\/td>\n<\/tr>\n<tr>\n<td><span style=\"font-weight: 400;\">EDUARDA BERTON CANDATEN&nbsp;<\/span><\/td>\n<td><span style=\"font-weight: 400;\">DIREITO<\/span><\/td>\n<td><span style=\"font-weight: 400;\"> 27\/06\/2001<\/span><\/td>\n<td><span style=\"font-weight: 400;\"> 52&nbsp;<\/span><\/td>\n<td><b><i>95.00&nbsp;<\/i><\/b><\/td>\n<td><span style=\"font-weight: 400;\">50.00<\/span><\/td>\n<td><span style=\"font-weight: 400;\"> 45.00<\/span><\/td>\n<td><span style=\"font-weight: 400;\"> 4<\/span><\/td>\n<\/tr>\n<tr>\n<td><span style=\"font-weight: 400;\">ELISIANE DE MELLO BERLEZI&nbsp;<\/span><\/td>\n<td><span style=\"font-weight: 400;\">DIREITO<\/span><\/td>\n<td><span style=\"font-weight: 400;\"> 26\/01\/2002<\/span><\/td>\n<td><span style=\"font-weight: 400;\"> 50&nbsp;<\/span><\/td>\n<td><b><i>95.00&nbsp;<\/i><\/b><\/td>\n<td><span style=\"font-weight: 400;\">50.00<\/span><\/td>\n<td><span style=\"font-weight: 400;\"> 45.00<\/span><\/td>\n<td><span style=\"font-weight: 400;\"> 5<\/span><\/td>\n<\/tr>\n<tr>\n<td><span style=\"font-weight: 400;\">ESTER DE MATOS CARMONE&nbsp;<\/span><\/td>\n<td><span style=\"font-weight: 400;\">DIREITO<\/span><\/td>\n<td><span style=\"font-weight: 400;\"> 24\/06\/1999<\/span><\/td>\n<td><span style=\"font-weight: 400;\"> 68&nbsp;<\/span><\/td>\n<td><b><i>90.00&nbsp;<\/i><\/b><\/td>\n<td><span style=\"font-weight: 400;\">45.00<\/span><\/td>\n<td><span style=\"font-weight: 400;\"> 45.00<\/span><\/td>\n<td><span style=\"font-weight: 400;\"> 6<\/span><\/td>\n<\/tr>\n<tr>\n<td><span style=\"font-weight: 400;\">NATHALIA MAZZONETTO DE SOUZA&nbsp;<\/span><\/td>\n<td><span style=\"font-weight: 400;\">DIREITO<\/span><\/td>\n<td><span style=\"font-weight: 400;\"> 20\/03\/2001<\/span><\/td>\n<td><span style=\"font-weight: 400;\"> 17&nbsp;<\/span><\/td>\n<td><b><i>85.00&nbsp;<\/i><\/b><\/td>\n<td><span style=\"font-weight: 400;\">35.00<\/span><\/td>\n<td><span style=\"font-weight: 400;\"> 50.00<\/span><\/td>\n<td><span style=\"font-weight: 400;\"> 7<\/span><\/td>\n<\/tr>\n<tr>\n<td><span style=\"font-weight: 400;\">GIOVANA STRECK BRASIL DA SILVA&nbsp;<\/span><\/td>\n<td><span style=\"font-weight: 400;\">DIREITO<\/span><\/td>\n<td><span style=\"font-weight: 400;\"> 22\/02\/2000<\/span><\/td>\n<td><span style=\"font-weight: 400;\"> 1&nbsp;<\/span><\/td>\n<td><b><i>0.00&nbsp;<\/i><\/b><\/td>\n<td><span style=\"font-weight: 400;\">0.00<\/span><\/td>\n<td><span style=\"font-weight: 400;\"> 0.00<\/span><\/td>\n<td><span style=\"font-weight: 400;\"> AUSENTE<\/span><\/td>\n<\/tr>\n<tr>\n<td><span style=\"font-weight: 400;\">LUISA CARMANIN RAMOS MOREIRA<\/span><\/td>\n<td><span style=\"font-weight: 400;\"> DIREITO<\/span><\/td>\n<td><span style=\"font-weight: 400;\"> 21\/02\/1998<\/span><\/td>\n<td><span style=\"font-weight: 400;\"> 37&nbsp;<\/span><\/td>\n<td><b><i>0.00&nbsp;<\/i><\/b><\/td>\n<td><span style=\"font-weight: 400;\">0.00<\/span><\/td>\n<td><span style=\"font-weight: 400;\"> 0.00<\/span><\/td>\n<td><span style=\"font-weight: 400;\"> AUSENTE<\/span><\/td>\n<\/tr>\n<tr>\n<td><span style=\"font-weight: 400;\">ANA JULIA WALISZEVSKI&nbsp;<\/span><\/td>\n<td><span style=\"font-weight: 400;\">DIREITO<\/span><\/td>\n<td><span style=\"font-weight: 400;\"> 13\/01\/2000<\/span><\/td>\n<td><span style=\"font-weight: 400;\"> 18&nbsp;<\/span><\/td>\n<td><b><i>0.00&nbsp;<\/i><\/b><\/td>\n<td><span style=\"font-weight: 400;\">0.00<\/span><\/td>\n<td><span style=\"font-weight: 400;\"> 0.00<\/span><\/td>\n<td><span style=\"font-weight: 400;\"> AUSENTE<\/span><\/td>\n<\/tr>\n<tr>\n<td><span style=\"font-weight: 400;\">MATHEUS PIACENTINI THEOBALD&nbsp;<\/span><\/td>\n<td><span style=\"font-weight: 400;\">DIREITO<\/span><\/td>\n<td><span style=\"font-weight: 400;\"> 10\/05\/2000<\/span><\/td>\n<td><span style=\"font-weight: 400;\"> 73&nbsp;<\/span><\/td>\n<td><b><i>0.00&nbsp;<\/i><\/b><\/td>\n<td><span style=\"font-weight: 400;\">0.00<\/span><\/td>\n<td><span style=\"font-weight: 400;\"> 0.00<\/span><\/td>\n<td><span style=\"font-weight: 400;\"> AUSENTE<\/span><\/td>\n<\/tr>\n<tr>\n<td><span style=\"font-weight: 400;\">INAJARA SYDLOVSKI BRONDANI&nbsp;<\/span><\/td>\n<td><span style=\"font-weight: 400;\">DIREITO<\/span><\/td>\n<td><span style=\"font-weight: 400;\"> 07\/03\/2002<\/span><\/td>\n<td><span style=\"font-weight: 400;\"> 45&nbsp;<\/span><\/td>\n<td><b><i>0.00&nbsp;<\/i><\/b><\/td>\n<td><span style=\"font-weight: 400;\">0.00<\/span><\/td>\n<td><span style=\"font-weight: 400;\"> 0.00<\/span><\/td>\n<td><span style=\"font-weight: 400;\"> AUSENTE<\/span><\/td>\n<\/tr>\n<tr>\n<td><span style=\"font-weight: 400;\">EULLER GABRIEL MAURER&nbsp;<\/span><\/td>\n<td><span style=\"font-weight: 400;\">DIREITO<\/span><\/td>\n<td><span style=\"font-weight: 400;\"> 06\/03\/2002<\/span><\/td>\n<td><span style=\"font-weight: 400;\"> 9&nbsp;<\/span><\/td>\n<td><b><i>0.00&nbsp;<\/i><\/b><\/td>\n<td><span style=\"font-weight: 400;\">0.00<\/span><\/td>\n<td><span style=\"font-weight: 400;\"> 0.00<\/span><\/td>\n<td><span style=\"font-weight: 400;\"> AUSENTE<\/span><\/td>\n<\/tr>\n<tr>\n<td><span style=\"font-weight: 400;\">DANIELI HAGAT DE SOUZA&nbsp;<\/span><\/td>\n<td><span style=\"font-weight: 400;\">DIREITO<\/span><\/td>\n<td><span style=\"font-weight: 400;\"> 17\/10\/1998<\/span><\/td>\n<td><span style=\"font-weight: 400;\"> 75&nbsp;<\/span><\/td>\n<td><b><i>0.00&nbsp;<\/i><\/b><\/td>\n<td><span style=\"font-weight: 400;\">0.00<\/span><\/td>\n<td><span style=\"font-weight: 400;\"> 0.00<\/span><\/td>\n<td><span style=\"font-weight: 400;\"> AUSENTE<\/span><\/td>\n<\/tr>\n<tr>\n<td><span style=\"font-weight: 400;\">LAYNE JUDITE GOMES DE OLIVEIRA CAVALHEIRO<\/span><\/td>\n<td><span style=\"font-weight: 400;\"> DIREITO<\/span><\/td>\n<td><span style=\"font-weight: 400;\"> 23\/03\/2000<\/span><\/td>\n<td><span style=\"font-weight: 400;\"> 16&nbsp;<\/span><\/td>\n<td><b><i>0.00&nbsp;<\/i><\/b><\/td>\n<td><span style=\"font-weight: 400;\">0.00<\/span><\/td>\n<td><span style=\"font-weight: 400;\"> 0.00<\/span><\/td>\n<td><span style=\"font-weight: 400;\"> AUSENTE<\/span><\/td>\n<\/tr>\n<tr>\n<td><span style=\"font-weight: 400;\">JOAO GABRIEL MUCKE CANDATEN&nbsp;<\/span><\/td>\n<td><span style=\"font-weight: 400;\">DIREITO<\/span><\/td>\n<td><span style=\"font-weight: 400;\"> 27\/01\/2000<\/span><\/td>\n<td><span style=\"font-weight: 400;\"> 32&nbsp;<\/span><\/td>\n<td><b><i>0.00&nbsp;<\/i><\/b><\/td>\n<td><span style=\"font-weight: 400;\">0.00<\/span><\/td>\n<td><span style=\"font-weight: 400;\"> 0.00<\/span><\/td>\n<td><span style=\"font-weight: 400;\"> AUSENTE<\/span><\/td>\n<\/tr>\n<tr>\n<td><span style=\"font-weight: 400;\">MATHEUS AITA VIEIRA&nbsp;<\/span><\/td>\n<td><span style=\"font-weight: 400;\">DIREITO<\/span><\/td>\n<td><span style=\"font-weight: 400;\"> 02\/05\/2001<\/span><\/td>\n<td><span style=\"font-weight: 400;\"> 35&nbsp;<\/span><\/td>\n<td><b><i>0.00&nbsp;<\/i><\/b><\/td>\n<td><span style=\"font-weight: 400;\">0.00<\/span><\/td>\n<td><span style=\"font-weight: 400;\"> 0.00<\/span><\/td>\n<td><span style=\"font-weight: 400;\"> AUSENTE<\/span><\/td>\n<\/tr>\n<tr>\n<td><span style=\"font-weight: 400;\">VALENTINA SOMAVILLA DA LUZ&nbsp;<\/span><\/td>\n<td><span style=\"font-weight: 400;\">DIREITO<\/span><\/td>\n<td><span style=\"font-weight: 400;\"> 20\/12\/2001<\/span><\/td>\n<td><span style=\"font-weight: 400;\"> 12&nbsp;<\/span><\/td>\n<td><b><i>0.00&nbsp;<\/i><\/b><\/td>\n<td><span style=\"font-weight: 400;\">0.00<\/span><\/td>\n<td><span style=\"font-weight: 400;\"> 0.00<\/span><\/td>\n<td><span style=\"font-weight: 400;\"> AUSENTE<\/span><\/td>\n<\/tr>\n<tr>\n<td><span style=\"font-weight: 400;\">MALU GARBIN&nbsp;<\/span><\/td>\n<td><span style=\"font-weight: 400;\">DIREITO<\/span><\/td>\n<td><span style=\"font-weight: 400;\"> 26\/01\/2001<\/span><\/td>\n<td><span style=\"font-weight: 400;\"> 27&nbsp;<\/span><\/td>\n<td><b><i>0.00&nbsp;<\/i><\/b><\/td>\n<td><span style=\"font-weight: 400;\">0.00<\/span><\/td>\n<td><span style=\"font-weight: 400;\"> 0.00<\/span><\/td>\n<td><span style=\"font-weight: 400;\"> AUSENTE<\/span><\/td>\n<\/tr>\n<tr>\n<td><span style=\"font-weight: 400;\">EDUARDA GATTERMANN&nbsp;<\/span><\/td>\n<td><span style=\"font-weight: 400;\">DIREITO<\/span><\/td>\n<td><span style=\"font-weight: 400;\"> 03\/09\/1999<\/span><\/td>\n<td><span style=\"font-weight: 400;\"> 56&nbsp;<\/span><\/td>\n<td><b><i>0.00&nbsp;<\/i><\/b><\/td>\n<td><span style=\"font-weight: 400;\">0.00<\/span><\/td>\n<td><span style=\"font-weight: 400;\"> 0.00<\/span><\/td>\n<td><span style=\"font-weight: 400;\"> AUSENTE<\/span><\/td>\n<\/tr>\n<\/tbody>\n<\/table>\n<p>&nbsp;<\/p>\n<p><b>CURSO &#8211; JORNALISMO &#8211; COMUNICA\u00c7\u00c3O SOCIAL \/ JORNALISMO \/ RELA\u00c7\u00d5ES P\u00daBLICAS&nbsp;<\/b><\/p>\n<table style=\"height: 2263px;\" width=\"1053\">\n<tbody>\n<tr>\n<td><b>NOME&nbsp;<\/b><\/td>\n<td><b>CURSO<\/b><\/td>\n<td><b> DATA NASC.<\/b><\/td>\n<td><b>N \u00ba&nbsp;&nbsp;<\/b><\/p>\n<p><b>INSCR.<\/b><\/td>\n<td><b>TOTAL<\/b><\/td>\n<td><b> PORT.<\/b><\/td>\n<td><b>CONHEC.&nbsp; GERAIS<\/b><\/td>\n<td><b>CLASSIFICA\u00c7\u00c3O<\/b><\/td>\n<\/tr>\n<tr>\n<td><span style=\"font-weight: 400;\">FELIPE GOMES MACHADO<\/span><\/td>\n<td><span style=\"font-weight: 400;\"> JORNALISMO &#8211; BACHARELADO<\/span><\/td>\n<td><span style=\"font-weight: 400;\"> 28\/08\/2001<\/span><\/td>\n<td><span style=\"font-weight: 400;\"> 54&nbsp;<\/span><\/td>\n<td><b><i>100.00&nbsp;<\/i><\/b><\/td>\n<td><span style=\"font-weight: 400;\">50.00<\/span><\/td>\n<td><span style=\"font-weight: 400;\"> 50.00<\/span><\/td>\n<td><span style=\"font-weight: 400;\"> 1<\/span><\/td>\n<\/tr>\n<tr>\n<td><span style=\"font-weight: 400;\">GABRIELA DE SOUZA GABBI<\/span><\/td>\n<td><span style=\"font-weight: 400;\"> JORNALISMO &#8211; BACHARELADO<\/span><\/td>\n<td><span style=\"font-weight: 400;\"> 09\/03\/1993<\/span><\/td>\n<td><span style=\"font-weight: 400;\"> 3&nbsp;<\/span><\/td>\n<td><b><i>95.00&nbsp;<\/i><\/b><\/td>\n<td><span style=\"font-weight: 400;\">45.00<\/span><\/td>\n<td><span style=\"font-weight: 400;\"> 50.00<\/span><\/td>\n<td><span style=\"font-weight: 400;\"> 2<\/span><\/td>\n<\/tr>\n<tr>\n<td><span style=\"font-weight: 400;\">YURI BUTZGE MARTINS&nbsp;<\/span><\/td>\n<td><span style=\"font-weight: 400;\">JORNALISMO &#8211; BACHARELADO<\/span><\/td>\n<td><span style=\"font-weight: 400;\"> 17\/08\/1998<\/span><\/td>\n<td><span style=\"font-weight: 400;\"> 13&nbsp;<\/span><\/td>\n<td><b><i>95.00&nbsp;<\/i><\/b><\/td>\n<td><span style=\"font-weight: 400;\">45.00<\/span><\/td>\n<td><span style=\"font-weight: 400;\"> 50.00<\/span><\/td>\n<td><span style=\"font-weight: 400;\"> 3<\/span><\/td>\n<\/tr>\n<tr>\n<td><span style=\"font-weight: 400;\">BRUNA KAROLINE DA SILVA<\/span><\/td>\n<td><span style=\"font-weight: 400;\">RELACOES PUBLICAS &#8211; COMUNICACAO&nbsp; SOCIAL&nbsp;<\/span><\/td>\n<td><span style=\"font-weight: 400;\">05\/08\/1999<\/span><\/td>\n<td><span style=\"font-weight: 400;\"> 4&nbsp;<\/span><\/td>\n<td><b><i>95.00&nbsp;<\/i><\/b><\/td>\n<td><span style=\"font-weight: 400;\">45.00<\/span><\/td>\n<td><span style=\"font-weight: 400;\"> 50.00<\/span><\/td>\n<td><span style=\"font-weight: 400;\"> 4<\/span><\/td>\n<\/tr>\n<tr>\n<td><span style=\"font-weight: 400;\">GEISA DE BORBA PINHEIRO<\/span><\/td>\n<td><span style=\"font-weight: 400;\"> RELACOES PUBLICAS BACHARELADO<\/span><\/td>\n<td><span style=\"font-weight: 400;\"> 23\/10\/2001<\/span><\/td>\n<td><span style=\"font-weight: 400;\"> 24&nbsp;<\/span><\/td>\n<td><b><i>95.00&nbsp;<\/i><\/b><\/td>\n<td><span style=\"font-weight: 400;\">45.00<\/span><\/td>\n<td><span style=\"font-weight: 400;\"> 50.00<\/span><\/td>\n<td><span style=\"font-weight: 400;\"> 5<\/span><\/td>\n<\/tr>\n<tr>\n<td><span style=\"font-weight: 400;\">MARA PATRICIA SOUZA TEIXEIRA<\/span><\/td>\n<td><span style=\"font-weight: 400;\"> JORNALISMO &#8211; BACHARELADO<\/span><\/td>\n<td><span style=\"font-weight: 400;\"> 14\/02\/2002<\/span><\/td>\n<td><span style=\"font-weight: 400;\"> 77&nbsp;<\/span><\/td>\n<td><b><i>95.00&nbsp;<\/i><\/b><\/td>\n<td><span style=\"font-weight: 400;\">50.00<\/span><\/td>\n<td><span style=\"font-weight: 400;\"> 45.00<\/span><\/td>\n<td><span style=\"font-weight: 400;\"> 6<\/span><\/td>\n<\/tr>\n<tr>\n<td><span style=\"font-weight: 400;\">JAQUELINE WITTER PUSS<\/span><\/td>\n<td><span style=\"font-weight: 400;\"> JORNALISMO &#8211; BACHARELADO<\/span><\/td>\n<td><span style=\"font-weight: 400;\"> 08\/02\/2001<\/span><\/td>\n<td><span style=\"font-weight: 400;\"> 71&nbsp;<\/span><\/td>\n<td><b><i>90.00&nbsp;<\/i><\/b><\/td>\n<td><span style=\"font-weight: 400;\">40.00<\/span><\/td>\n<td><span style=\"font-weight: 400;\"> 50.00<\/span><\/td>\n<td><span style=\"font-weight: 400;\"> 7<\/span><\/td>\n<\/tr>\n<tr>\n<td><span style=\"font-weight: 400;\">ELIEGE GOMES DA SILVA&nbsp;<\/span><\/td>\n<td><span style=\"font-weight: 400;\">JORNALISMO &#8211; BACHARELADO<\/span><\/td>\n<td><span style=\"font-weight: 400;\"> 18\/11\/1999<\/span><\/td>\n<td><span style=\"font-weight: 400;\"> 72&nbsp;<\/span><\/td>\n<td><b><i>90.00&nbsp;<\/i><\/b><\/td>\n<td><span style=\"font-weight: 400;\">45.00<\/span><\/td>\n<td><span style=\"font-weight: 400;\"> 45.00<\/span><\/td>\n<td><span style=\"font-weight: 400;\"> 8<\/span><\/td>\n<\/tr>\n<tr>\n<td><span style=\"font-weight: 400;\">ANNA JULIA CARLOS DA SILVA<\/span><\/td>\n<td><span style=\"font-weight: 400;\"> JORNALISMO &#8211; BACHARELADO<\/span><\/td>\n<td><span style=\"font-weight: 400;\"> 31\/05\/2000<\/span><\/td>\n<td><span style=\"font-weight: 400;\"> 10&nbsp;<\/span><\/td>\n<td><b><i>90.00&nbsp;<\/i><\/b><\/td>\n<td><span style=\"font-weight: 400;\">50.00<\/span><\/td>\n<td><span style=\"font-weight: 400;\"> 40.00<\/span><\/td>\n<td><span style=\"font-weight: 400;\"> 9<\/span><\/td>\n<\/tr>\n<tr>\n<td><span style=\"font-weight: 400;\">KELVIN HENRIQUE DA SILVEIRA VERDUM<\/span><\/td>\n<td><span style=\"font-weight: 400;\"> JORNALISMO &#8211; BACHARELADO<\/span><\/td>\n<td><span style=\"font-weight: 400;\"> 30\/12\/2001<\/span><\/td>\n<td><span style=\"font-weight: 400;\"> 39&nbsp;<\/span><\/td>\n<td><b><i>90.00&nbsp;<\/i><\/b><\/td>\n<td><span style=\"font-weight: 400;\">50.00<\/span><\/td>\n<td><span style=\"font-weight: 400;\"> 40.00<\/span><\/td>\n<td><span style=\"font-weight: 400;\"> 10<\/span><\/td>\n<\/tr>\n<tr>\n<td><span style=\"font-weight: 400;\">LUCAS CLAUDIO POSTAL&nbsp;<\/span><\/td>\n<td><span style=\"font-weight: 400;\">JORNALISMO &#8211; BACHARELADO<\/span><\/td>\n<td><span style=\"font-weight: 400;\"> 27\/02\/2002<\/span><\/td>\n<td><span style=\"font-weight: 400;\"> 42&nbsp;<\/span><\/td>\n<td><b><i>85.00&nbsp;<\/i><\/b><\/td>\n<td><span style=\"font-weight: 400;\">35.00<\/span><\/td>\n<td><span style=\"font-weight: 400;\"> 50.00<\/span><\/td>\n<td><span style=\"font-weight: 400;\"> 11<\/span><\/td>\n<\/tr>\n<tr>\n<td><span style=\"font-weight: 400;\">BRUNA DE JESUS LOPES&nbsp;<\/span><\/td>\n<td><span style=\"font-weight: 400;\">JORNALISMO &#8211; BACHARELADO<\/span><\/td>\n<td><span style=\"font-weight: 400;\"> 05\/08\/2001<\/span><\/td>\n<td><span style=\"font-weight: 400;\"> 14&nbsp;<\/span><\/td>\n<td><b><i>85.00&nbsp;<\/i><\/b><\/td>\n<td><span style=\"font-weight: 400;\">40.00<\/span><\/td>\n<td><span style=\"font-weight: 400;\"> 45.00<\/span><\/td>\n<td><span style=\"font-weight: 400;\"> 12<\/span><\/td>\n<\/tr>\n<tr>\n<td><span style=\"font-weight: 400;\">FELIPE DOS SANTOS&nbsp;<\/span><\/td>\n<td><span style=\"font-weight: 400;\">RELACOES PUBLICAS BACHARELADO<\/span><\/td>\n<td><span style=\"font-weight: 400;\"> 14\/07\/1995<\/span><\/td>\n<td><span style=\"font-weight: 400;\"> 69&nbsp;<\/span><\/td>\n<td><b><i>85.00&nbsp;<\/i><\/b><\/td>\n<td><span style=\"font-weight: 400;\">45.00<\/span><\/td>\n<td><span style=\"font-weight: 400;\"> 40.00<\/span><\/td>\n<td><span style=\"font-weight: 400;\"> 13<\/span><\/td>\n<\/tr>\n<tr>\n<td><span style=\"font-weight: 400;\">CAROLINE KOSTUCHENKO<\/span><\/td>\n<td><span style=\"font-weight: 400;\"> JORNALISMO &#8211; BACHARELADO<\/span><\/td>\n<td><span style=\"font-weight: 400;\"> 27\/12\/1996<\/span><\/td>\n<td><span style=\"font-weight: 400;\"> 7&nbsp;<\/span><\/td>\n<td><b><i>85.00&nbsp;<\/i><\/b><\/td>\n<td><span style=\"font-weight: 400;\">45.00<\/span><\/td>\n<td><span style=\"font-weight: 400;\"> 40.00<\/span><\/td>\n<td><span style=\"font-weight: 400;\"> 14<\/span><\/td>\n<\/tr>\n<tr>\n<td><span style=\"font-weight: 400;\">YASMIN ROMAN ZANDONAI VILANOVA<\/span><\/td>\n<td><span style=\"font-weight: 400;\"> JORNALISMO &#8211; BACHARELADO<\/span><\/td>\n<td><span style=\"font-weight: 400;\"> 10\/09\/1999<\/span><\/td>\n<td><span style=\"font-weight: 400;\"> 78&nbsp;<\/span><\/td>\n<td><b><i>85.00&nbsp;<\/i><\/b><\/td>\n<td><span style=\"font-weight: 400;\">50.00<\/span><\/td>\n<td><span style=\"font-weight: 400;\"> 35.00<\/span><\/td>\n<td><span style=\"font-weight: 400;\"> 15<\/span><\/td>\n<\/tr>\n<tr>\n<td><span style=\"font-weight: 400;\">CRISTIANE ANTUNES RODRIGUES<\/span><\/td>\n<td><span style=\"font-weight: 400;\"> JORNALISMO &#8211; BACHARELADO&nbsp;<\/span><\/td>\n<td><span style=\"font-weight: 400;\">30\/05\/2001<\/span><\/td>\n<td><span style=\"font-weight: 400;\"> 25&nbsp;<\/span><\/td>\n<td><b><i>75.00&nbsp;<\/i><\/b><\/td>\n<td><span style=\"font-weight: 400;\">30.00<\/span><\/td>\n<td><span style=\"font-weight: 400;\"> 45.00<\/span><\/td>\n<td><span style=\"font-weight: 400;\"> 16<\/span><\/td>\n<\/tr>\n<tr>\n<td><span style=\"font-weight: 400;\">JORDANA ZARDIN SOARES<\/span><\/td>\n<td><span style=\"font-weight: 400;\">RELACOES PUBLICAS &#8211; COMUNICACAO&nbsp; SOCIAL&nbsp;<\/span><\/td>\n<td><span style=\"font-weight: 400;\">08\/03\/2001<\/span><\/td>\n<td><span style=\"font-weight: 400;\"> 20&nbsp;<\/span><\/td>\n<td><b><i>65.00&nbsp;<\/i><\/b><\/td>\n<td><span style=\"font-weight: 400;\">25.00<\/span><\/td>\n<td><span style=\"font-weight: 400;\"> 40.00<\/span><\/td>\n<td><span style=\"font-weight: 400;\"> 17<\/span><\/td>\n<\/tr>\n<tr>\n<td><span style=\"font-weight: 400;\">CAROLINE DOLINA&nbsp;<\/span><\/td>\n<td><span style=\"font-weight: 400;\">JORNALISMO &#8211; BACHARELADO<\/span><\/td>\n<td><span style=\"font-weight: 400;\"> 11\/10\/2000<\/span><\/td>\n<td><span style=\"font-weight: 400;\"> 33&nbsp;<\/span><\/td>\n<td><b><i>0.00&nbsp;<\/i><\/b><\/td>\n<td><span style=\"font-weight: 400;\">0.00<\/span><\/td>\n<td><span style=\"font-weight: 400;\"> 0.00<\/span><\/td>\n<td><span style=\"font-weight: 400;\"> AUSENTE<\/span><\/td>\n<\/tr>\n<tr>\n<td><span style=\"font-weight: 400;\">GIOVANNA GOMES FERNANDES<\/span><\/td>\n<td><span style=\"font-weight: 400;\"> RELACOES PUBLICAS BACHARELADO<\/span><\/td>\n<td><span style=\"font-weight: 400;\"> 28\/05\/1999<\/span><\/td>\n<td><span style=\"font-weight: 400;\"> 64&nbsp;<\/span><\/td>\n<td><b><i>0.00&nbsp;<\/i><\/b><\/td>\n<td><span style=\"font-weight: 400;\">0.00<\/span><\/td>\n<td><span style=\"font-weight: 400;\"> 0.00<\/span><\/td>\n<td><span style=\"font-weight: 400;\"> AUSENTE<\/span><\/td>\n<\/tr>\n<tr>\n<td><span style=\"font-weight: 400;\">GABRIELA TEIXEIRA GOMES<\/span><\/td>\n<td><span style=\"font-weight: 400;\"> RELACOES PUBLICAS BACHARELADO<\/span><\/td>\n<td><span style=\"font-weight: 400;\"> 10\/04\/2001<\/span><\/td>\n<td><span style=\"font-weight: 400;\"> 53&nbsp;<\/span><\/td>\n<td><b><i>0.00&nbsp;<\/i><\/b><\/td>\n<td><span style=\"font-weight: 400;\">0.00<\/span><\/td>\n<td><span style=\"font-weight: 400;\"> 0.00<\/span><\/td>\n<td><span style=\"font-weight: 400;\"> AUSENTE<\/span><\/td>\n<\/tr>\n<tr>\n<td><span style=\"font-weight: 400;\">ELOISA BRIZOLLA ANDRADES<\/span><\/td>\n<td><span style=\"font-weight: 400;\"> RELACOES PUBLICAS BACHARELADO<\/span><\/td>\n<td><span style=\"font-weight: 400;\"> 31\/05\/2001<\/span><\/td>\n<td><span style=\"font-weight: 400;\"> 29&nbsp;<\/span><\/td>\n<td><b><i>0.00&nbsp;<\/i><\/b><\/td>\n<td><span style=\"font-weight: 400;\">0.00<\/span><\/td>\n<td><span style=\"font-weight: 400;\"> 0.00<\/span><\/td>\n<td><span style=\"font-weight: 400;\"> AUSENTE<\/span><\/td>\n<\/tr>\n<tr>\n<td><span style=\"font-weight: 400;\">IGOR BARROS DOS SANTOS SILVA&nbsp;<\/span><\/td>\n<td><span style=\"font-weight: 400;\">JORNALISMO &#8211; COMUNICACAO SOCIAL&nbsp;<\/span><\/td>\n<td><span style=\"font-weight: 400;\">05\/10\/2000<\/span><\/td>\n<td><span style=\"font-weight: 400;\"> 30&nbsp;<\/span><\/td>\n<td><b><i>0.00&nbsp;<\/i><\/b><\/td>\n<td><span style=\"font-weight: 400;\">0.00<\/span><\/td>\n<td><span style=\"font-weight: 400;\"> 0.00<\/span><\/td>\n<td><span style=\"font-weight: 400;\"> AUSENTE<\/span><\/td>\n<\/tr>\n<tr>\n<td><span style=\"font-weight: 400;\">ROMILDA MASCARENHAS DOS SANTOS<\/span><\/td>\n<td><span style=\"font-weight: 400;\"> RELACOES PUBLICAS BACHARELADO<\/span><\/td>\n<td><span style=\"font-weight: 400;\"> 07\/04\/2000<\/span><\/td>\n<td><span style=\"font-weight: 400;\"> 36&nbsp;<\/span><\/td>\n<td><b><i>0.00&nbsp;<\/i><\/b><\/td>\n<td><span style=\"font-weight: 400;\">0.00<\/span><\/td>\n<td><span style=\"font-weight: 400;\"> 0.00<\/span><\/td>\n<td><span style=\"font-weight: 400;\"> AUSENTE<\/span><\/td>\n<\/tr>\n<tr>\n<td><span style=\"font-weight: 400;\">SABRINA BAERLE FERRAZ<\/span><\/td>\n<td><span style=\"font-weight: 400;\">RELACOES PUBLICAS &#8211; COMUNICACAO&nbsp; SOCIAL&nbsp;<\/span><\/td>\n<td><span style=\"font-weight: 400;\">13\/01\/2002<\/span><\/td>\n<td><span style=\"font-weight: 400;\"> 48&nbsp;<\/span><\/td>\n<td><b><i>0.00&nbsp;<\/i><\/b><\/td>\n<td><span style=\"font-weight: 400;\">0.00<\/span><\/td>\n<td><span style=\"font-weight: 400;\"> 0.00<\/span><\/td>\n<td><span style=\"font-weight: 400;\"> AUSENTE<\/span><\/td>\n<\/tr>\n<\/tbody>\n<\/table>\n<p>&nbsp;<\/p>\n<p><em>*ASCOM C\u00e2mara de Vereadores&nbsp;<\/em><\/p>","protected":false},"excerpt":{"rendered":"<p>Foi divulgado nesta quarta-feira, 17, a classifica\u00e7\u00e3o final do processo seletivo para estagi\u00e1rios na C\u00e2mara Municipal de Frederico Westphalen, nas \u00e1reas de direito, administra\u00e7\u00e3o e comunica\u00e7\u00e3o. O preenchimento das vagas ficar\u00e1 a crit\u00e9rio da C\u00e2mara, observados o interesse, a necessidade e a conveni\u00eancia do servi\u00e7o p\u00fablico, respeitando a compatibilidade das atividades e carga hor\u00e1ria escolar<\/p>\n<div class=\"read-more-wrapper\"><a class=\"read-more\" href=\"https:\/\/www2.comunitaria.com.br\/en\/homologado-resultado-final-do-processo-seletivo-de-estagio\/\" title=\"Read More\"> <span class=\"button\">Read More<\/span><\/a><\/div>","protected":false},"author":2,"featured_media":45547,"comment_status":"open","ping_status":"closed","sticky":false,"template":"","format":"standard","meta":{"ngg_post_thumbnail":0,"footnotes":""},"categories":[33],"tags":[5351,4678,5615,4638],"class_list":["post-45678","post","type-post","status-publish","format-standard","has-post-thumbnail","hentry","category-noticias","tag-camara-de-vereadores-de-frederico-westphalen","tag-estagios","tag-estagios-ciee","tag-fredericowestphalen"],"amp_enabled":true,"_links":{"self":[{"href":"https:\/\/www2.comunitaria.com.br\/en\/wp-json\/wp\/v2\/posts\/45678","targetHints":{"allow":["GET"]}}],"collection":[{"href":"https:\/\/www2.comunitaria.com.br\/en\/wp-json\/wp\/v2\/posts"}],"about":[{"href":"https:\/\/www2.comunitaria.com.br\/en\/wp-json\/wp\/v2\/types\/post"}],"author":[{"embeddable":true,"href":"https:\/\/www2.comunitaria.com.br\/en\/wp-json\/wp\/v2\/users\/2"}],"replies":[{"embeddable":true,"href":"https:\/\/www2.comunitaria.com.br\/en\/wp-json\/wp\/v2\/comments?post=45678"}],"version-history":[{"count":0,"href":"https:\/\/www2.comunitaria.com.br\/en\/wp-json\/wp\/v2\/posts\/45678\/revisions"}],"wp:featuredmedia":[{"embeddable":true,"href":"https:\/\/www2.comunitaria.com.br\/en\/wp-json\/wp\/v2\/media\/45547"}],"wp:attachment":[{"href":"https:\/\/www2.comunitaria.com.br\/en\/wp-json\/wp\/v2\/media?parent=45678"}],"wp:term":[{"taxonomy":"category","embeddable":true,"href":"https:\/\/www2.comunitaria.com.br\/en\/wp-json\/wp\/v2\/categories?post=45678"},{"taxonomy":"post_tag","embeddable":true,"href":"https:\/\/www2.comunitaria.com.br\/en\/wp-json\/wp\/v2\/tags?post=45678"}],"curies":[{"name":"wp","href":"https:\/\/api.w.org\/{rel}","templated":true}]}}