{"id":45664,"date":"2021-02-17T15:00:00","date_gmt":"2021-02-17T17:00:00","guid":{"rendered":"http:\/\/www2.comunitaria.com.br\/?p=45664"},"modified":"2021-02-17T15:00:00","modified_gmt":"2021-02-17T17:00:00","slug":"administracao-municipal-adota-novas-medidas-no-combate-ao-coronavirus","status":"publish","type":"post","link":"https:\/\/www2.comunitaria.com.br\/en\/administracao-municipal-adota-novas-medidas-no-combate-ao-coronavirus\/","title":{"rendered":"Administra\u00e7\u00e3o Municipal adota novas medidas no combate ao coronav\u00edrus"},"content":{"rendered":"<p><span style=\"font-weight: 400;\">Em reuni\u00e3o realizada na manh\u00e3 desta quarta-feira, 17, o prefeito de Frederico Westphalen, Jos\u00e9 Alberto Panosso, acompanhado do vice-prefeito, Jo\u00e3o Vendruscolo e dos secret\u00e1rios municipais, anunciou novas medidas de combate ao coronav\u00edrus no munic\u00edpio. A reuni\u00e3o foi motivada pelas not\u00edcias do colapso no sistema de sa\u00fade em Chapec\u00f3 e outros munic\u00edpios da regi\u00e3o Oeste de Santa Catarina.<\/span><\/p>\n<p><span style=\"font-weight: 400;\">O n\u00famero de atendimentos no Posto Aires e de pacientes positivos a Covid-19 tamb\u00e9m est\u00e3o aumentando em Frederico Westphalen. Por isso, a Administra\u00e7\u00e3o Municipal decidiu adotar medidas mais r\u00edgidas para evitar aglomera\u00e7\u00f5es e uma poss\u00edvel piora da situa\u00e7\u00e3o epidemiol\u00f3gica no munic\u00edpio.<\/span><\/p>\n<p><span style=\"font-weight: 400;\">A partir de hoje, quarta-feira, 17 de fevereiro de 2021, est\u00e1 proibido m\u00fasica ao vivo e som mec\u00e2nico em bares, restaurantes, postos de combust\u00edveis e demais estabelecimentos onde h\u00e1 com\u00e9rcio de bebidas e alimentos.<\/span><\/p>\n<p><span style=\"font-weight: 400;\">Segundo Panosso, \u00e9 muito importante que as pessoas sigam se protegendo. \u201c<em>Pe\u00e7o que todos continuem usando m\u00e1scara, evitem aglomera\u00e7\u00f5es, respeitem o distanciamento social. Essas medidas s\u00e3o muito importantes para evitar a contamina\u00e7\u00e3o pelo coronav\u00edrus\u201d,<\/em> destacou.<\/span><\/p>\n<p><span style=\"font-weight: 400;\">A medida \u00e9 v\u00e1lida pelo per\u00edodo de dez dias.<\/span><\/p>","protected":false},"excerpt":{"rendered":"<p>Em reuni\u00e3o realizada na manh\u00e3 desta quarta-feira, 17, o prefeito de Frederico Westphalen, Jos\u00e9 Alberto Panosso, acompanhado do vice-prefeito, Jo\u00e3o Vendruscolo e dos secret\u00e1rios municipais, anunciou novas medidas de combate&#8230;<\/p>","protected":false},"author":2,"featured_media":45666,"comment_status":"open","ping_status":"closed","sticky":false,"template":"","format":"standard","meta":{"ngg_post_thumbnail":0,"footnotes":""},"categories":[33],"tags":[4567,4632,4641],"class_list":["post-45664","post","type-post","status-publish","format-standard","has-post-thumbnail","hentry","category-noticias","tag-coronavirus","tag-covid-19","tag-pandemia"],"amp_enabled":true,"_links":{"self":[{"href":"https:\/\/www2.comunitaria.com.br\/en\/wp-json\/wp\/v2\/posts\/45664","targetHints":{"allow":["GET"]}}],"collection":[{"href":"https:\/\/www2.comunitaria.com.br\/en\/wp-json\/wp\/v2\/posts"}],"about":[{"href":"https:\/\/www2.comunitaria.com.br\/en\/wp-json\/wp\/v2\/types\/post"}],"author":[{"embeddable":true,"href":"https:\/\/www2.comunitaria.com.br\/en\/wp-json\/wp\/v2\/users\/2"}],"replies":[{"embeddable":true,"href":"https:\/\/www2.comunitaria.com.br\/en\/wp-json\/wp\/v2\/comments?post=45664"}],"version-history":[{"count":0,"href":"https:\/\/www2.comunitaria.com.br\/en\/wp-json\/wp\/v2\/posts\/45664\/revisions"}],"wp:featuredmedia":[{"embeddable":true,"href":"https:\/\/www2.comunitaria.com.br\/en\/wp-json\/wp\/v2\/media\/45666"}],"wp:attachment":[{"href":"https:\/\/www2.comunitaria.com.br\/en\/wp-json\/wp\/v2\/media?parent=45664"}],"wp:term":[{"taxonomy":"category","embeddable":true,"href":"https:\/\/www2.comunitaria.com.br\/en\/wp-json\/wp\/v2\/categories?post=45664"},{"taxonomy":"post_tag","embeddable":true,"href":"https:\/\/www2.comunitaria.com.br\/en\/wp-json\/wp\/v2\/tags?post=45664"}],"curies":[{"name":"wp","href":"https:\/\/api.w.org\/{rel}","templated":true}]}}