{"id":45657,"date":"2021-02-17T14:48:57","date_gmt":"2021-02-17T16:48:57","guid":{"rendered":"http:\/\/www2.comunitaria.com.br\/?p=45657"},"modified":"2021-02-17T14:48:57","modified_gmt":"2021-02-17T16:48:57","slug":"opositores-querem-a-cassacao-de-daniel-silveira-enquanto-aliados-pedem-a-liberdade-do-deputado","status":"publish","type":"post","link":"https:\/\/www2.comunitaria.com.br\/en\/opositores-querem-a-cassacao-de-daniel-silveira-enquanto-aliados-pedem-a-liberdade-do-deputado\/","title":{"rendered":"Opositores querem a cassa\u00e7\u00e3o de Daniel Silveira enquanto aliados pedem a liberdade do deputado"},"content":{"rendered":"<p>A pris\u00e3o em flagrante do deputado Daniel Silveira (PSL-RJ), na noite dessa ter\u00e7a-feira causou enorme repercuss\u00e3o no meio pol\u00edtico e nas m\u00eddias sociais. Enquanto aliados do deputado bolsonarista caracterizam a pris\u00e3o como &#8220;absurda&#8221;, parlamentares de oposi\u00e7\u00e3o ao governo cobram a cassa\u00e7\u00e3o de seu mandato. O senador Randolfe Rodrigues (REDE-RR), l\u00edder da oposi\u00e7\u00e3o no Senado, afirmou que a Rede vai apresentar uma den\u00fancia no Conselho de \u00c9tica da C\u00e2mara.<\/p>\n<p><em>&#8220;A democracia n\u00e3o pode tolerar quem atenta contra ela. Liberdade de opini\u00e3o n\u00e3o pode ser confundida com incita\u00e7\u00e3o ao crime, que \u00e9 pun\u00edvel conforme artigo 286 do C\u00f3digo Penal. A Rede subscrever\u00e1 den\u00fancia ao Conselho de \u00c9tica da C\u00e2mara&#8221;<\/em>, escreveu.<\/p>\n<p>Tamb\u00e9m defendeu a cassa\u00e7\u00e3o o deputado Glauber Braga (PSOL-RJ). O parlamentar, tamb\u00e9m do Rio, lembrou o epis\u00f3dio em que o colega amea\u00e7ou &#8220;atirar na esquerda&#8221;. <em>&#8220;O deputado bolsonarista buscou essa exposi\u00e7\u00e3o. Temos \u00e9 que cassar o mandato. S\u00f3 assim ter\u00e1 preju\u00edzo pol\u00edtico real. Sobram motivos. Ele sempre amea\u00e7a atirar na esquerda. \u00c9 entender taticamente a disputa moment\u00e2nea entre direita x extrema-direita e avan\u00e7ar com nossa pr\u00f3pria linha!&#8221;<\/em><\/p>\n<p>O presidente nacional do Cidadania, Roberto Freire, comparou as agress\u00f5es de bolsonaristas \u00e0 democracia com a Alemanha nazista. <em>&#8220;Quando Hitler assumiu a chefia do governo alem\u00e3o os deputados do seu partido nazista agrediam a tudo e todos culminando com um inc\u00eandio do Reichstag. Dali, com a for\u00e7a das SS foi implantada a ditadura. As mil\u00edcias est\u00e3o se armando, bolsonaristas agridem, estamos esperando o qu\u00ea?&#8221;<\/em>.<\/p>\n<p>A pris\u00e3o do deputado foi comemorada pela irm\u00e3 de Marielle Franco, Anielle Franco. &#8220;Quero ver quebrar plaquinha na cadeia&#8221;, escreveu Anielle, em refer\u00eancia a um ato de campanha de Silveira, em 2018, quando ele, acompanhado de outros pol\u00edticos cariocas como o governador afastado do RJ, Wilson Witzel (PSC), quebrou uma placa em homenagem \u00e0 vereadora assassinada naquele ano.<\/p>\n<p>Se a oposi\u00e7\u00e3o cobra uma puni\u00e7\u00e3o severa ao deputado, na base bolsonarista a contesta\u00e7\u00e3o \u00e0 pris\u00e3o veio de forma imediata. O deputado Carlos Jordy (PSL-RJ) exigiu uma rea\u00e7\u00e3o do presidente da C\u00e2mara, Arthur Lira (Progressistas-AL) contra o ministro Alexandre de Moraes, a quem chamou de ditador. Jordy tamb\u00e9m chamou Moraes de &#8220;vagabundo&#8221;.<em> &#8220;Acabei de falar com o deputado Daniel Silveira e fiquei sabendo q sua pris\u00e3o foi ordenada pelo vagabundo do Alexandre de Moraes por ele ter feito uma live criticando o Ministro Fachin. N\u00e3o iremos recuar! Espero q o Presidente Arthur Lira aja com postura contra esses ditadores!&#8221;<\/em>, escreveu.<\/p>\n<p>E completou, em outra publica\u00e7\u00e3o: <em>&#8220;Chegou a hora do Legislativo mostrar que tem grandeza. Nem maior nem menor que o judici\u00e1rio, IGUAL tamanho!&#8221;<\/em><\/p>\n<p>Outro parlamentar carioca a cobrar uma rea\u00e7\u00e3o \u00e0 pris\u00e3o do deputado foi Otoni de Paula (PSC-RJ). Aliado do presidente Jair Bolsonaro, de Paula pediu uma convoca\u00e7\u00e3o imediata do plen\u00e1rio da C\u00e2mara e disse que o ato do &#8220;d\u00e9spota&#8221; &#8211; como chamou Alexandre de Moraes &#8211; quebra a &#8220;falsa harmonia entre os poderes&#8221;.<\/p>\n<p><em>&#8220;Presidente Arthur Lira a pris\u00e3o &#8216;em flagrante&#8217; do deputado Daniel Silveira \u00e9 mais uma aberra\u00e7\u00e3o jur\u00eddica produzida por Alexandre de Moraes. O artigo 53 da CF \u00e9 rasgado diante dos olhos do povo brasileiro. CONVOQUE O PLEN\u00c1RIO J\u00c1. Hoje \u00e9 Daniel Silveira amanh\u00e3 ser\u00e1 todos n\u00f3s&#8221;,<\/em> disse.<\/p>\n<p>Os parlamentares &#8211; acompanhados por outros apoiadores do presidente &#8211; tamb\u00e9m questionaram o fato da pris\u00e3o em flagrante ter sido consumada mediante mandado. &#8220;<em>Se houve um mandado, n\u00e3o houve flagrante. Se h\u00e1 flagrante, n\u00e3o h\u00e1 necessidade de mandado&#8221;,<\/em> escreveu a deputada Carla Zambelli (PSL-SP).<\/p>\n<p>A liminar de Moraes que determinou a pris\u00e3o de Silveira deve ser referendada pelo plen\u00e1rio do Supremo na sess\u00e3o desta quarta-feira. Conforme previsto na Constitui\u00e7\u00e3o, em caso de pris\u00e3o em flagrante por crime inafian\u00e7\u00e1vel, o processo dever\u00e1 ser enviado dentro de 24 horas para a C\u00e2mara, a quem caber\u00e1 resolver sobre a deten\u00e7\u00e3o do deputado.<\/p>\n<p>No entanto, alguns parlamentares, al\u00e9m de exigirem a soltura do deputado, cobraram tamb\u00e9m puni\u00e7\u00e3o ao ministro Alexandre de Moraes. \u00c9 o caso do deputado Filipe Barros (PSL-PR). <em>&#8220;N\u00e3o h\u00e1 flagrante. N\u00e3o h\u00e1 crime inafian\u00e7\u00e1vel. Ele \u00e9 parlamentar e, portanto, tem imunidade pelas suas palavras. Mais um abuso de autoridade cometido pelo Alexandre de Moraes. Faremos de tudo para impedir que mais essa ilegalidade e arbitrariedade permane\u00e7a&#8221;,<\/em> escreveu.<\/p>\n<p>E completou: <em>&#8220;ou a C\u00e2mara dos Deputados reage a essa arbitrariedade cometida pelo Alexandre de Moraes, revogando a pris\u00e3o ilegal e adotando todas as medidas cab\u00edveis contra o Alexandre de Moraes, ou o parlamento brasileiro estar\u00e1 de joelhos ao frequente abuso de poder do referido ministro&#8221;.<\/em><\/p>\n<p>&nbsp;<\/p>\n<p><em>*Correio do Povo<\/em><\/p>","protected":false},"excerpt":{"rendered":"<p>A pris\u00e3o em flagrante do deputado Daniel Silveira (PSL-RJ), na noite dessa ter\u00e7a-feira causou enorme repercuss\u00e3o no meio pol\u00edtico e nas m\u00eddias sociais. Enquanto aliados do deputado bolsonarista caracterizam a&#8230;<\/p>","protected":false},"author":2,"featured_media":45659,"comment_status":"open","ping_status":"closed","sticky":false,"template":"","format":"standard","meta":{"ngg_post_thumbnail":0,"footnotes":""},"categories":[33],"tags":[],"class_list":["post-45657","post","type-post","status-publish","format-standard","has-post-thumbnail","hentry","category-noticias"],"amp_enabled":true,"_links":{"self":[{"href":"https:\/\/www2.comunitaria.com.br\/en\/wp-json\/wp\/v2\/posts\/45657","targetHints":{"allow":["GET"]}}],"collection":[{"href":"https:\/\/www2.comunitaria.com.br\/en\/wp-json\/wp\/v2\/posts"}],"about":[{"href":"https:\/\/www2.comunitaria.com.br\/en\/wp-json\/wp\/v2\/types\/post"}],"author":[{"embeddable":true,"href":"https:\/\/www2.comunitaria.com.br\/en\/wp-json\/wp\/v2\/users\/2"}],"replies":[{"embeddable":true,"href":"https:\/\/www2.comunitaria.com.br\/en\/wp-json\/wp\/v2\/comments?post=45657"}],"version-history":[{"count":0,"href":"https:\/\/www2.comunitaria.com.br\/en\/wp-json\/wp\/v2\/posts\/45657\/revisions"}],"wp:featuredmedia":[{"embeddable":true,"href":"https:\/\/www2.comunitaria.com.br\/en\/wp-json\/wp\/v2\/media\/45659"}],"wp:attachment":[{"href":"https:\/\/www2.comunitaria.com.br\/en\/wp-json\/wp\/v2\/media?parent=45657"}],"wp:term":[{"taxonomy":"category","embeddable":true,"href":"https:\/\/www2.comunitaria.com.br\/en\/wp-json\/wp\/v2\/categories?post=45657"},{"taxonomy":"post_tag","embeddable":true,"href":"https:\/\/www2.comunitaria.com.br\/en\/wp-json\/wp\/v2\/tags?post=45657"}],"curies":[{"name":"wp","href":"https:\/\/api.w.org\/{rel}","templated":true}]}}