{"id":45486,"date":"2021-02-09T13:18:00","date_gmt":"2021-02-09T15:18:00","guid":{"rendered":"http:\/\/www2.comunitaria.com.br\/?p=45486"},"modified":"2021-02-09T13:39:02","modified_gmt":"2021-02-09T15:39:02","slug":"vacinacao-para-idosos-com-mais-de-85-anos-inicia-nesta-quarta-feira","status":"publish","type":"post","link":"https:\/\/www2.comunitaria.com.br\/en\/vacinacao-para-idosos-com-mais-de-85-anos-inicia-nesta-quarta-feira\/","title":{"rendered":"Vacina\u00e7\u00e3o para idosos com mais de 85 anos inicia nesta quarta-feira"},"content":{"rendered":"<p><span style=\"font-weight: 400;\">A Administra\u00e7\u00e3o Municipal de Frederico Westphalen, atrav\u00e9s da Secretaria da Sa\u00fade, definiu a estrat\u00e9gia para vacinar a popula\u00e7\u00e3o idosa com mais de 85 anos a partir dessa quarta-feira, 10. A vacina\u00e7\u00e3o ocorre nos postos dos bairros S\u00e3o Francisco de Paula, Primavera, Central e Aparecida. No bairro Aparecida, a vacina\u00e7\u00e3o ser\u00e1 feita atrav\u00e9s do sistema drive-thru. A imuniza\u00e7\u00e3o ocorre das 8 \u00e0s 11 horas e das 13 \u00e0s 16 horas.<\/span><\/p>\n<p><span style=\"font-weight: 400;\">\u00c9 obrigat\u00f3rio uso de m\u00e1scara e responsabilidade de todos respeitar o distanciamento social.<\/span><\/p>\n<p><span style=\"font-weight: 400;\">Para receber a vacina, os idosos devem apresentar o Cart\u00e3o do Sistema \u00danico de Sa\u00fade (SUS), o documento de CPF e a Carteira de Vacina\u00e7\u00e3o ou de Idoso. <\/span><span style=\"font-weight: 400;\">Os profissionais da sa\u00fade tamb\u00e9m seguem sendo imunizados.<\/span><\/p>\n<p><b>Acamados<\/b><\/p>\n<p><span style=\"font-weight: 400;\">Conforme a secret\u00e1ria da Sa\u00fade, Tais Candaten, j\u00e1 foi elaborada uma lista com idosos que receber\u00e3o vacina em suas casas<em>. \u201cOs idosos com dificuldades de locomo\u00e7\u00e3o ser\u00e3o vacinados em casa, ent\u00e3o n\u00e3o precisam se preocupar, pois os profissionais da sa\u00fade ir\u00e3o at\u00e9 as resid\u00eancias para fazer a imuniza\u00e7\u00e3o\u201d,<\/em> explicou.<\/span><\/p>\n<p><span style=\"font-weight: 400;\"><em>\u201c\u00c9 importante que toda nossa comunidade tenha paci\u00eancia, pois vamos respeitar todos os protocolos do Minist\u00e9rio da Sa\u00fade e imunizar as pessoas conforme as informa\u00e7\u00f5es t\u00e9cnicas que recebemos. Desde o in\u00edcio da pandemia estamos trabalhando de forma transparente e vamos seguir informando a comunidade sobre tudo o que est\u00e1 acontecendo\u201d,<\/em> destacou Tais.<\/span><\/p>\n<p><b>Vacina\u00e7\u00e3o no interior<\/b><\/p>\n<p><span style=\"font-weight: 400;\">A vacina\u00e7\u00e3o nas comunidades do interior de Frederico Westphalen inicia na quinta-feira, 11. Uma equipe de profissionais da sa\u00fade vai se deslocar at\u00e9 as resid\u00eancias para vacinar os idosos com mais de 85 anos.<\/span><\/p>\n<p><b>Drive-thru<\/b><\/p>\n<p><span style=\"font-weight: 400;\">A vacina\u00e7\u00e3o com o sistema drive-thru ser\u00e1 feita, exclusivamente, no Posto do Aparecida. Os ve\u00edculos dever\u00e3o ingressar pela faixa de estacionamento da rua Maur\u00edcio Cardoso, seguir \u00e0 direita na rua S\u00e3o Francisco de Assis e dobrar \u00e0 direita na avenida S\u00e3o Paulo.<\/span><\/p>\n<p><span style=\"font-weight: 400;\">\u00c9 importante que os motoristas tenham paci\u00eancia e calma durante o trajeto.<\/span><\/p>\n<audio class=\"wp-audio-shortcode\" id=\"audio-45486-1\" preload=\"none\" style=\"width: 100%;\" controls=\"controls\"><source type=\"audio\/mpeg\" src=\"http:\/\/www2.comunitaria.com.br\/wp-content\/uploads\/2021\/02\/Entrevista-Com-Tais-Candaten-e-Rafaela-Albarello.mp3?_=1\" \/><a href=\"http:\/\/www2.comunitaria.com.br\/wp-content\/uploads\/2021\/02\/Entrevista-Com-Tais-Candaten-e-Rafaela-Albarello.mp3\">http:\/\/www2.comunitaria.com.br\/wp-content\/uploads\/2021\/02\/Entrevista-Com-Tais-Candaten-e-Rafaela-Albarello.mp3<\/a><\/audio>\n<p><em>*ASCOM Administra\u00e7\u00e3o Municipal&nbsp;<\/em><\/p>\n<p>&nbsp;<\/p>","protected":false},"excerpt":{"rendered":"<p>A Administra\u00e7\u00e3o Municipal de Frederico Westphalen, atrav\u00e9s da Secretaria da Sa\u00fade, definiu a estrat\u00e9gia para vacinar a popula\u00e7\u00e3o idosa com mais de 85 anos a partir dessa quarta-feira, 10. A&#8230;<\/p>","protected":false},"author":2,"featured_media":45488,"comment_status":"open","ping_status":"closed","sticky":false,"template":"","format":"standard","meta":{"ngg_post_thumbnail":0,"footnotes":""},"categories":[28,33],"tags":[4666,5533,4655,56,5532,5534],"class_list":["post-45486","post","type-post","status-publish","format-standard","has-post-thumbnail","hentry","category-destaque","category-noticias","tag-comunitariafw","tag-cov-id-19","tag-radiocomunitariafw","tag-vacinacao","tag-vacinacao-em-frederico-westphalen","tag-vacinacao-em-idosos"],"amp_enabled":true,"_links":{"self":[{"href":"https:\/\/www2.comunitaria.com.br\/en\/wp-json\/wp\/v2\/posts\/45486","targetHints":{"allow":["GET"]}}],"collection":[{"href":"https:\/\/www2.comunitaria.com.br\/en\/wp-json\/wp\/v2\/posts"}],"about":[{"href":"https:\/\/www2.comunitaria.com.br\/en\/wp-json\/wp\/v2\/types\/post"}],"author":[{"embeddable":true,"href":"https:\/\/www2.comunitaria.com.br\/en\/wp-json\/wp\/v2\/users\/2"}],"replies":[{"embeddable":true,"href":"https:\/\/www2.comunitaria.com.br\/en\/wp-json\/wp\/v2\/comments?post=45486"}],"version-history":[{"count":0,"href":"https:\/\/www2.comunitaria.com.br\/en\/wp-json\/wp\/v2\/posts\/45486\/revisions"}],"wp:featuredmedia":[{"embeddable":true,"href":"https:\/\/www2.comunitaria.com.br\/en\/wp-json\/wp\/v2\/media\/45488"}],"wp:attachment":[{"href":"https:\/\/www2.comunitaria.com.br\/en\/wp-json\/wp\/v2\/media?parent=45486"}],"wp:term":[{"taxonomy":"category","embeddable":true,"href":"https:\/\/www2.comunitaria.com.br\/en\/wp-json\/wp\/v2\/categories?post=45486"},{"taxonomy":"post_tag","embeddable":true,"href":"https:\/\/www2.comunitaria.com.br\/en\/wp-json\/wp\/v2\/tags?post=45486"}],"curies":[{"name":"wp","href":"https:\/\/api.w.org\/{rel}","templated":true}]}}