{"id":45353,"date":"2021-02-03T14:12:50","date_gmt":"2021-02-03T16:12:50","guid":{"rendered":"http:\/\/www2.comunitaria.com.br\/?p=45353"},"modified":"2021-02-03T14:12:50","modified_gmt":"2021-02-03T16:12:50","slug":"fusao-entre-ibama-e-icmbio-paralisara-politicas-ambientais-alerta-servidor","status":"publish","type":"post","link":"https:\/\/www2.comunitaria.com.br\/en\/fusao-entre-ibama-e-icmbio-paralisara-politicas-ambientais-alerta-servidor\/","title":{"rendered":"Fus\u00e3o entre Ibama e ICMbio paralisar\u00e1 pol\u00edticas ambientais, alerta servidor"},"content":{"rendered":"<p>Est\u00e1 chegando ao fim o prazo de 120 dias para que o&nbsp;Grupo de Trabalho (GT)&nbsp;criado por Ricardo Salles, ministro do Meio Ambiente, d\u00ea um parecer sobre a fus\u00e3o entre o Instituto Brasileiro do Meio Ambiente e dos Recursos Naturais (Ibama) e o Instituto Chico Mendes de Conserva\u00e7\u00e3o da Biodiversidade (ICMBio).<\/p>\n<p>As reuni\u00f5es acontecem desde 8 outubro de 2020, ap\u00f3s&nbsp;Salles&nbsp;criar o grupo por meio de medida provis\u00f3ria com o objetivo de acelerar a jun\u00e7\u00e3o das duas principais autarquias da \u00e1rea ambiental brasileira.<\/p>\n<p>A portaria publicada pelo ministro prev\u00ea que os integrantes do GT v\u00e3o averiguar a <em>\u201can\u00e1lise de sinergias e ganhos de efici\u00eancia em caso de fus\u00e3o\u201d<\/em> entre os \u00f3rg\u00e3os. Ainda que a cria\u00e7\u00e3o do grupo crie um ambiente de discuss\u00e3o, atas obtidas pelo&nbsp;<em>Portal Eco<\/em>&nbsp;mostraram a aus\u00eancia completa de representantes da sociedade civil e especialistas ambientais nas reuni\u00f5es.<\/p>\n<p>Dos sete componentes, seis s\u00e3o militares. A exce\u00e7\u00e3o \u00e9 Eduardo Bim, presidente do Ibama. Entre os demais, cinco integram a Pol\u00edcia Militar de S\u00e3o Paulo e ocupam cargos nos \u00f3rg\u00e3os ambientais e um \u00e9 oficial da reserva do Corpo de Bombeiros do Distrito Federal.<\/p>\n<p>O coordenador do GT, por exemplo, \u00e9 o secret\u00e1rio-executivo Lu\u00eds Gustavo Biagioni, Tenente-Coronel da Pol\u00edcia Militar do Estado de S\u00e3o Paulo.<\/p>\n<p>Em entrevista ao&nbsp;<strong>Brasil de Fato<\/strong>, Denis Rivas, presidente da&nbsp;Associa\u00e7\u00e3o Nacional dos Servidores da Carreira de Especialista de Meio Ambiente (Ascema Nacional)&nbsp;critica&nbsp;a fus\u00e3o e aponta que a decis\u00e3o dos militares em favor da jun\u00e7\u00e3o j\u00e1 deve estar tomada.<\/p>\n<p><em>\u201cEssas altera\u00e7\u00f5es de autarquias complexas geram uma paralisa\u00e7\u00e3o nas atividades das entidades. O pr\u00f3prio ICMbio, quando foi criado, levou dois anos para ter o planejamento estrat\u00e9gico, para criar portarias e normativas internas, que ficariam todas invalidadas a partir do momento que o \u00f3rg\u00e3o deixasse de existir\u201d,<\/em> afirma Rivas, que tamb\u00e9m \u00e9 servidor do ICMbio.<\/p>\n<p>O&nbsp;Minist\u00e9rio P\u00fablico Federal do Amazonas&nbsp;investiga a falta de transpar\u00eancia do grupo e o potencial de impacto da fus\u00e3o na Amaz\u00f4nia. Uma&nbsp;audi\u00eancia p\u00fablica online sobre o tema foi realizada nesta segunda,1, e contou com especialistas e servidores da \u00e1rea, incluindo o presidente da Ascema.<\/p>\n<p><em>\u201c[A fus\u00e3o] vai gerar uma paralisa\u00e7\u00e3o na gest\u00e3o ambiental p\u00fablica. Vai prejudicar tanto o trabalho do Ibama quanto do Instituto Chico Mendes. Tudo indica que \u00e9 essa de fato a inten\u00e7\u00e3o do governo. Criaram um grupo de trabalho sem transpar\u00eancia, sem participa\u00e7\u00e3o de especialistas, com a finalidade de justificar a paralisa\u00e7\u00e3o completa desses \u00f3rg\u00e3os\u201d<\/em>, avalia Rivas.<\/p>\n<p>Ele adiciona que a medida defendida por Salles fragilizar\u00e1 ainda mais a execu\u00e7\u00e3o de pol\u00edticas de&nbsp;fiscaliza\u00e7\u00e3o de crimes contra o meio ambiente, em um cen\u00e1rio que j\u00e1 \u00e9 desastroso.<\/p>\n<p>Os \u00edndices de queimadas, por exemplo,&nbsp;quebraram recordes em 2020.Relat\u00f3rio da rede Observat\u00f3rio do Clima (OC) indica tamb\u00e9m que o or\u00e7amento proposto para o Minist\u00e9rio do Meio Ambiente para este ano \u00e9 o menor das duas \u00faltimas d\u00e9cadas.<\/p>\n<p>A jun\u00e7\u00e3o das autarquias precisa de aprova\u00e7\u00e3o do Congresso Nacional, que agora conta com a&nbsp;lideran\u00e7a de Arthur Lira (PP-AL), apoiado por Jair Bolsonaro.<\/p>\n<p>&nbsp;<\/p>\n<p><em>*Sul 21<\/em><\/p>\n","protected":false},"excerpt":{"rendered":"<p>Est\u00e1 chegando ao fim o prazo de 120 dias para que o&nbsp;Grupo de Trabalho (GT)&nbsp;criado por Ricardo Salles, ministro do Meio Ambiente, d\u00ea um parecer sobre a fus\u00e3o entre o&#8230;<\/p>","protected":false},"author":2,"featured_media":45355,"comment_status":"open","ping_status":"closed","sticky":false,"template":"","format":"standard","meta":{"ngg_post_thumbnail":0,"footnotes":""},"categories":[33],"tags":[5485,5483,5484,4655,5486,1192],"class_list":["post-45353","post","type-post","status-publish","format-standard","has-post-thumbnail","hentry","category-noticias","tag-fusao-ibama","tag-ibama","tag-instituto-chico-mendes","tag-radiocomunitariafw","tag-ricardo-salles","tag-rio-grande-do-sul"],"amp_enabled":true,"_links":{"self":[{"href":"https:\/\/www2.comunitaria.com.br\/en\/wp-json\/wp\/v2\/posts\/45353","targetHints":{"allow":["GET"]}}],"collection":[{"href":"https:\/\/www2.comunitaria.com.br\/en\/wp-json\/wp\/v2\/posts"}],"about":[{"href":"https:\/\/www2.comunitaria.com.br\/en\/wp-json\/wp\/v2\/types\/post"}],"author":[{"embeddable":true,"href":"https:\/\/www2.comunitaria.com.br\/en\/wp-json\/wp\/v2\/users\/2"}],"replies":[{"embeddable":true,"href":"https:\/\/www2.comunitaria.com.br\/en\/wp-json\/wp\/v2\/comments?post=45353"}],"version-history":[{"count":0,"href":"https:\/\/www2.comunitaria.com.br\/en\/wp-json\/wp\/v2\/posts\/45353\/revisions"}],"wp:featuredmedia":[{"embeddable":true,"href":"https:\/\/www2.comunitaria.com.br\/en\/wp-json\/wp\/v2\/media\/45355"}],"wp:attachment":[{"href":"https:\/\/www2.comunitaria.com.br\/en\/wp-json\/wp\/v2\/media?parent=45353"}],"wp:term":[{"taxonomy":"category","embeddable":true,"href":"https:\/\/www2.comunitaria.com.br\/en\/wp-json\/wp\/v2\/categories?post=45353"},{"taxonomy":"post_tag","embeddable":true,"href":"https:\/\/www2.comunitaria.com.br\/en\/wp-json\/wp\/v2\/tags?post=45353"}],"curies":[{"name":"wp","href":"https:\/\/api.w.org\/{rel}","templated":true}]}}