{"id":45338,"date":"2021-02-02T17:11:04","date_gmt":"2021-02-02T19:11:04","guid":{"rendered":"http:\/\/www2.comunitaria.com.br\/?p=45338"},"modified":"2021-02-02T17:11:04","modified_gmt":"2021-02-02T19:11:04","slug":"eduardo-leite-anuncia-artur-lemos-junior-como-novo-chefe-da-casa-civil","status":"publish","type":"post","link":"https:\/\/www2.comunitaria.com.br\/en\/eduardo-leite-anuncia-artur-lemos-junior-como-novo-chefe-da-casa-civil\/","title":{"rendered":"Eduardo Leite anuncia Artur Lemos J\u00fanior como novo chefe da Casa Civil"},"content":{"rendered":"<p>O governador Eduardo Leite (PSDB) anunciou nesta ter\u00e7a-feira, 2, o nome do novo secret\u00e1rio-chefe da Casa Civil. A pasta ser\u00e1 conduzida pelo atual secret\u00e1rio do Meio Ambiente e Infraestrutura, Artur Lemos J\u00fanior, a partir de quarta-feira. O deputado Frederico Antunes participou da reuni\u00e3o, confirmando que ele permanecer\u00e1 na lideran\u00e7a do governo na Assembleia Legislativa.<\/p>\n<p><em>\u201cO secret\u00e1rio Artur concilia a experi\u00eancia de ter liderado pastas importantes do Executivo, desde a gest\u00e3o passada, e de ter atuado junto ao Legislativo, como coordenador de bancada. Sabe dialogar, \u00e9 bom articulador, transita com acesso entre os parlamentares e possui nossa total confian\u00e7a. Tenho a convic\u00e7\u00e3o que dar\u00e1 continuidade da melhor forma ao importante trabalho realizado sob o comando do secret\u00e1rio Otomar Vivian\u201d,<\/em> disse Leite.<\/p>\n<p><em>\u201cNosso governo avan\u00e7ou nos \u00faltimos dois anos com apoio na Assembleia Legislativa para mudan\u00e7as profundas na estrutura da m\u00e1quina p\u00fablica, que j\u00e1 v\u00e3o dando resultados importantes para o Estado. Seguiremos com agenda legislativa intensa para fazer o Rio Grande avan\u00e7ar ainda mais. E seguiremos contando com o empenho do deputado Frederico Antunes\u201d,<\/em> acrescentou Leite, sobre a manuten\u00e7\u00e3o do l\u00edder do governo.<\/p>\n<p>O secret\u00e1rio adjunto da Secretaria do Meio Ambiente e Infraestrutura, Paulo Pereira, assumir\u00e1 interinamente o comando da pasta. O secret\u00e1rio-chefe da Casa Civil no per\u00edodo de janeiro de 2019 at\u00e9 agora, Otomar Vivian, assumir\u00e1 em breve a diretoria de Planejamento do Banco Regional de Desenvolvimento do Extremo Sul (BRDE).<\/p>\n<p>&nbsp;<\/p>\n<p><span style=\"text-decoration: underline;\"><em>*Sul 21<\/em><\/span><\/p>","protected":false},"excerpt":{"rendered":"<p>O governador Eduardo Leite (PSDB) anunciou nesta ter\u00e7a-feira, 2, o nome do novo secret\u00e1rio-chefe da Casa Civil. A pasta ser\u00e1 conduzida pelo atual secret\u00e1rio do Meio Ambiente e Infraestrutura, Artur Lemos J\u00fanior, a partir de quarta-feira. O deputado Frederico Antunes participou da reuni\u00e3o, confirmando que ele permanecer\u00e1 na lideran\u00e7a do governo na Assembleia Legislativa. \u201cO<\/p>\n<div class=\"read-more-wrapper\"><a class=\"read-more\" href=\"https:\/\/www2.comunitaria.com.br\/en\/eduardo-leite-anuncia-artur-lemos-junior-como-novo-chefe-da-casa-civil\/\" title=\"Read More\"> <span class=\"button\">Read More<\/span><\/a><\/div>","protected":false},"author":2,"featured_media":45340,"comment_status":"open","ping_status":"closed","sticky":false,"template":"","format":"standard","meta":{"ngg_post_thumbnail":0,"footnotes":""},"categories":[33],"tags":[5476,4105,393,4655,1192],"class_list":["post-45338","post","type-post","status-publish","format-standard","has-post-thumbnail","hentry","category-noticias","tag-casa-civil","tag-eduardo-leite","tag-governo-do-estado","tag-radiocomunitariafw","tag-rio-grande-do-sul"],"amp_enabled":true,"_links":{"self":[{"href":"https:\/\/www2.comunitaria.com.br\/en\/wp-json\/wp\/v2\/posts\/45338","targetHints":{"allow":["GET"]}}],"collection":[{"href":"https:\/\/www2.comunitaria.com.br\/en\/wp-json\/wp\/v2\/posts"}],"about":[{"href":"https:\/\/www2.comunitaria.com.br\/en\/wp-json\/wp\/v2\/types\/post"}],"author":[{"embeddable":true,"href":"https:\/\/www2.comunitaria.com.br\/en\/wp-json\/wp\/v2\/users\/2"}],"replies":[{"embeddable":true,"href":"https:\/\/www2.comunitaria.com.br\/en\/wp-json\/wp\/v2\/comments?post=45338"}],"version-history":[{"count":0,"href":"https:\/\/www2.comunitaria.com.br\/en\/wp-json\/wp\/v2\/posts\/45338\/revisions"}],"wp:featuredmedia":[{"embeddable":true,"href":"https:\/\/www2.comunitaria.com.br\/en\/wp-json\/wp\/v2\/media\/45340"}],"wp:attachment":[{"href":"https:\/\/www2.comunitaria.com.br\/en\/wp-json\/wp\/v2\/media?parent=45338"}],"wp:term":[{"taxonomy":"category","embeddable":true,"href":"https:\/\/www2.comunitaria.com.br\/en\/wp-json\/wp\/v2\/categories?post=45338"},{"taxonomy":"post_tag","embeddable":true,"href":"https:\/\/www2.comunitaria.com.br\/en\/wp-json\/wp\/v2\/tags?post=45338"}],"curies":[{"name":"wp","href":"https:\/\/api.w.org\/{rel}","templated":true}]}}