{"id":45278,"date":"2021-02-01T14:30:57","date_gmt":"2021-02-01T16:30:57","guid":{"rendered":"http:\/\/www2.comunitaria.com.br\/?p=45278"},"modified":"2021-02-01T14:30:57","modified_gmt":"2021-02-01T16:30:57","slug":"distribuidora-paranaense-busca-conhecimentos-na-creluz","status":"publish","type":"post","link":"https:\/\/www2.comunitaria.com.br\/en\/distribuidora-paranaense-busca-conhecimentos-na-creluz\/","title":{"rendered":"Distribuidora paranaense busca conhecimentos na Creluz"},"content":{"rendered":"<p>Na manh\u00e3 de sexta-feira, 29, t\u00e9cnicos das \u00e1reas comercial e de tecnologia da informa\u00e7\u00e3o da Companhia Campolarguense de Energia &#8211; COCEL, sediada em Campo Largo &#8211; PR, realizaram v\u00eddeo confer\u00eancia com colaboradores do Grupo Creluz.<\/p>\n<p>A demanda visou conhecer a plataforma de atendimento comercial da Cooperativa, em especial, a implanta\u00e7\u00e3o do projeto &#8220;Plataforma Bot&#8221;, suas fases de implanta\u00e7\u00e3o, procedimentos, detalhes de operacionaliza\u00e7\u00e3o e formas de atendimento di\u00e1rio aos consumidores de energia.<\/p>\n<p>Na oportunidade, a equipe Creluz fez demonstra\u00e7\u00f5es pr\u00e1ticas e em tempo real dos atendimentos, bem como, sintetizou quais foram as dificuldades e desafios superados para tornar o projeto realidade.<\/p>\n<p>A COCEL est\u00e1 localizada na regi\u00e3o metropolitana de Curitiba, distante 30 km da capital, possui 53 mil consumidores e atua somente nas \u00e1reas urbanas e rurais de Campo Largo.<\/p>\n<p>Ao final, os colaboradores da COCEL parabenizaram pelo projeto, agradeceram a disponibilidade dos t\u00e9cnicos da Creluz e disseram ter ficado impressionados com o pioneirismo da Cooperativa.<\/p>\n<p>&nbsp;<\/p>\n<p><em>*ASCOM CRELUZ<\/em><\/p>\n<p>&nbsp;<\/p>","protected":false},"excerpt":{"rendered":"<p>Na manh\u00e3 de sexta-feira, 29, t\u00e9cnicos das \u00e1reas comercial e de tecnologia da informa\u00e7\u00e3o da Companhia Campolarguense de Energia &#8211; COCEL, sediada em Campo Largo &#8211; PR, realizaram v\u00eddeo confer\u00eancia com colaboradores do Grupo Creluz. A demanda visou conhecer a plataforma de atendimento comercial da Cooperativa, em especial, a implanta\u00e7\u00e3o do projeto &#8220;Plataforma Bot&#8221;, suas<\/p>\n<div class=\"read-more-wrapper\"><a class=\"read-more\" href=\"https:\/\/www2.comunitaria.com.br\/en\/distribuidora-paranaense-busca-conhecimentos-na-creluz\/\" title=\"Read More\"> <span class=\"button\">Read More<\/span><\/a><\/div>","protected":false},"author":2,"featured_media":45280,"comment_status":"open","ping_status":"closed","sticky":false,"template":"","format":"standard","meta":{"ngg_post_thumbnail":0,"footnotes":""},"categories":[33],"tags":[5450,203,5449,4655],"class_list":["post-45278","post","type-post","status-publish","format-standard","has-post-thumbnail","hentry","category-noticias","tag-colaboradores-creluz","tag-creluz","tag-grupo-creluz","tag-radiocomunitariafw"],"amp_enabled":true,"_links":{"self":[{"href":"https:\/\/www2.comunitaria.com.br\/en\/wp-json\/wp\/v2\/posts\/45278","targetHints":{"allow":["GET"]}}],"collection":[{"href":"https:\/\/www2.comunitaria.com.br\/en\/wp-json\/wp\/v2\/posts"}],"about":[{"href":"https:\/\/www2.comunitaria.com.br\/en\/wp-json\/wp\/v2\/types\/post"}],"author":[{"embeddable":true,"href":"https:\/\/www2.comunitaria.com.br\/en\/wp-json\/wp\/v2\/users\/2"}],"replies":[{"embeddable":true,"href":"https:\/\/www2.comunitaria.com.br\/en\/wp-json\/wp\/v2\/comments?post=45278"}],"version-history":[{"count":0,"href":"https:\/\/www2.comunitaria.com.br\/en\/wp-json\/wp\/v2\/posts\/45278\/revisions"}],"wp:featuredmedia":[{"embeddable":true,"href":"https:\/\/www2.comunitaria.com.br\/en\/wp-json\/wp\/v2\/media\/45280"}],"wp:attachment":[{"href":"https:\/\/www2.comunitaria.com.br\/en\/wp-json\/wp\/v2\/media?parent=45278"}],"wp:term":[{"taxonomy":"category","embeddable":true,"href":"https:\/\/www2.comunitaria.com.br\/en\/wp-json\/wp\/v2\/categories?post=45278"},{"taxonomy":"post_tag","embeddable":true,"href":"https:\/\/www2.comunitaria.com.br\/en\/wp-json\/wp\/v2\/tags?post=45278"}],"curies":[{"name":"wp","href":"https:\/\/api.w.org\/{rel}","templated":true}]}}